{"id":27300,"date":"2026-09-03T13:03:57","date_gmt":"2026-09-03T18:03:57","guid":{"rendered":"https:\/\/puertointerior.guanajuato.gob.mx\/blog\/?p=27300"},"modified":"2026-09-03T13:04:43","modified_gmt":"2026-09-03T18:04:43","slug":"se-reconfigura-sector-industrial","status":"publish","type":"post","link":"https:\/\/puertointerior.guanajuato.gob.mx\/blog\/2026\/09\/03\/se-reconfigura-sector-industrial\/","title":{"rendered":"Se reconfigura sector industrial"},"content":{"rendered":"<p style=\"text-align: justify\">Existe una creciente demanda estadounidense de equipo de c\u00f3mputo y otros componentes que impacta al empleo en el pa\u00eds.<\/p>\n<p style=\"text-align: justify\">Ciudad de M\u00e9xico\u2014Para la industria mexicana, consolidada a trav\u00e9s del sector automotriz, la aplicaci\u00f3n de aranceles de hasta 25 por ciento, vigentes desde abril del a\u00f1o pasado, ha llevado a un reordenamiento exportador que tambi\u00e9n ha impactado en la creaci\u00f3n de puestos de trabajo.<\/p>\n<p style=\"text-align: justify\">En el per\u00edodo enero-julio de este a\u00f1o, las exportaciones automotrices alcanzaron un mill\u00f3n 950 mil 779 unidades, una cifra 0.3 por ciento menor a las unidades enviadas en el mismo lapso de 2025, y todav\u00eda por debajo de los poco m\u00e1s de 2 millones de veh\u00edculos exportados en los primeros siete meses de 2019, de acuerdo con datos de la Asociaci\u00f3n Mexicana de la Industria Automotriz (AMIA).<\/p>\n<p style=\"text-align: justify\">Al tiempo que las exportaciones automotrices, dirigidas en su mayor\u00eda a Estados Unidos, ceden terreno, los empleos de la industria nacional tambi\u00e9n lo hacen.<\/p>\n<p style=\"text-align: justify\">En junio pasado, el personal ocupado en la fabricaci\u00f3n de equipo de transporte retrocedi\u00f3 3.5 por ciento anual, pr\u00e1cticamente la misma ca\u00edda reportada un a\u00f1o antes.<\/p>\n<p style=\"text-align: justify\">En contraste, la creciente demanda estadounidense de equipo de c\u00f3mputo, electr\u00f3nico y otros componentes ya refleja sus efectos sobre el empleo en M\u00e9xico.<\/p>\n<p style=\"text-align: justify\">Con datos del Instituto Nacional de Estad\u00edstica y Geograf\u00eda (Inegi) a junio, los \u00faltimos disponibles, el personal ocupado en la fabricaci\u00f3n de equipo de computaci\u00f3n, comunicaci\u00f3n, medici\u00f3n y de otros equipos, componentes y accesorios electr\u00f3nicos creci\u00f3 a una tasa anual de 3.8 por ciento, mientras que el promedio de horas trabajadas en dicho sector aument\u00f3 5.3 por ciento.<\/p>\n<p style=\"text-align: justify\">Cabe destacar que, entre enero y abril de este a\u00f1o, las exportaciones mexicanas de maquinaria para procesamiento de datos crecieron 68.24 por ciento respecto al mismo per\u00edodo de 2025.<\/p>\n<p style=\"text-align: justify\">El alza del empleo en el sector de procesamiento de datos destaca especialmente ante el comportamiento de otras industrias manufactureras.<\/p>\n<p style=\"text-align: justify\">Por ejemplo, en el rubro de impresi\u00f3n e industrias conexas se report\u00f3 un aumento de 1.2 por ciento anual en el personal ocupado, mientras que en la fabricaci\u00f3n de maquinaria y equipo apenas se alcanz\u00f3 un alza de 0.8 por ciento.<\/p>\n<p style=\"text-align: justify\">Aunque M\u00e9xico ha logrado consolidar una demanda creciente en sectores adicionales a la industria automotriz, especialistas anticipan que uno de los mayores retos ser\u00e1 contar con el talento humano necesario para atender esos nuevos sectores.<\/p>\n<p style=\"text-align: justify\">Publicado originalmente por:\u00a0<a href=\"https:\/\/diario.mx\/economia\/2026\/sep\/01\/se-reconfigura-sector-industrial-1136220.html\">https:\/\/diario.mx\/economia\/2026\/sep\/01\/se-reconfigura-sector-industrial-1136220.html<\/a><\/p>\n","protected":false},"excerpt":{"rendered":"<p>Existe una creciente demanda estadounidense de equipo de c\u00f3mputo y otros componentes que impacta al empleo en el pa\u00eds. Ciudad de M\u00e9xico\u2014Para la industria mexicana, consolidada a trav\u00e9s del sector automotriz, la aplicaci\u00f3n de aranceles de hasta 25 por ciento, vigentes desde abril del a\u00f1o pasado, ha llevado a un reordenamiento exportador que tambi\u00e9n ha [&hellip;]<\/p>\n","protected":false},"author":2,"featured_media":27301,"comment_status":"closed","ping_status":"open","sticky":false,"template":"","format":"standard","meta":{"jetpack_post_was_ever_published":false,"_jetpack_newsletter_access":"","_jetpack_dont_email_post_to_subs":false,"_jetpack_newsletter_tier_id":0,"_jetpack_memberships_contains_paywalled_content":false,"_jetpack_memberships_contains_paid_content":false,"footnotes":""},"categories":[20],"tags":[],"class_list":["post-27300","post","type-post","status-publish","format-standard","has-post-thumbnail","hentry","category-economic-development"],"yoast_head":"<!-- This site is optimized with the Yoast SEO plugin v25.7 - https:\/\/yoast.com\/wordpress\/plugins\/seo\/ -->\n<title>Se reconfigura sector industrial - Blog | GPI NEWS<\/title>\n<meta name=\"robots\" content=\"index, follow, max-snippet:-1, max-image-preview:large, max-video-preview:-1\" \/>\n<link rel=\"canonical\" href=\"https:\/\/puertointerior.guanajuato.gob.mx\/blog\/2026\/09\/03\/se-reconfigura-sector-industrial\/\" \/>\n<meta property=\"og:locale\" content=\"es_MX\" \/>\n<meta property=\"og:type\" content=\"article\" \/>\n<meta property=\"og:title\" content=\"Se reconfigura sector industrial - Blog | GPI NEWS\" \/>\n<meta property=\"og:description\" content=\"Existe una creciente demanda estadounidense de equipo de c\u00f3mputo y otros componentes que impacta al empleo en el pa\u00eds. Ciudad de M\u00e9xico\u2014Para la industria mexicana, consolidada a trav\u00e9s del sector automotriz, la aplicaci\u00f3n de aranceles de hasta 25 por ciento, vigentes desde abril del a\u00f1o pasado, ha llevado a un reordenamiento exportador que tambi\u00e9n ha [&hellip;]\" \/>\n<meta property=\"og:url\" content=\"https:\/\/puertointerior.guanajuato.gob.mx\/blog\/2026\/09\/03\/se-reconfigura-sector-industrial\/\" \/>\n<meta property=\"og:site_name\" content=\"Blog | GPI NEWS\" \/>\n<meta property=\"article:published_time\" content=\"2026-09-03T18:03:57+00:00\" \/>\n<meta property=\"article:modified_time\" content=\"2026-09-03T18:04:43+00:00\" \/>\n<meta property=\"og:image\" content=\"https:\/\/puertointerior.guanajuato.gob.mx\/blog\/wp-content\/uploads\/2026\/09\/ia-en-las-empresas-freepik-tVCpVWtgq.jpg\" \/>\n\t<meta property=\"og:image:width\" content=\"980\" \/>\n\t<meta property=\"og:image:height\" content=\"617\" \/>\n\t<meta property=\"og:image:type\" content=\"image\/jpeg\" \/>\n<meta name=\"author\" content=\"GPI NEWS\" \/>\n<meta name=\"twitter:card\" content=\"summary_large_image\" \/>\n<meta name=\"twitter:label1\" content=\"Escrito por\" \/>\n\t<meta name=\"twitter:data1\" content=\"GPI NEWS\" \/>\n\t<meta name=\"twitter:label2\" content=\"Tiempo de lectura\" \/>\n\t<meta name=\"twitter:data2\" content=\"2 minutos\" \/>\n<script type=\"application\/ld+json\" class=\"yoast-schema-graph\">{\"@context\":\"https:\/\/schema.org\",\"@graph\":[{\"@type\":\"WebPage\",\"@id\":\"https:\/\/puertointerior.guanajuato.gob.mx\/blog\/2026\/09\/03\/se-reconfigura-sector-industrial\/\",\"url\":\"https:\/\/puertointerior.guanajuato.gob.mx\/blog\/2026\/09\/03\/se-reconfigura-sector-industrial\/\",\"name\":\"Se reconfigura sector industrial - Blog | GPI NEWS\",\"isPartOf\":{\"@id\":\"https:\/\/puertointerior.guanajuato.gob.mx\/blog\/#website\"},\"primaryImageOfPage\":{\"@id\":\"https:\/\/puertointerior.guanajuato.gob.mx\/blog\/2026\/09\/03\/se-reconfigura-sector-industrial\/#primaryimage\"},\"image\":{\"@id\":\"https:\/\/puertointerior.guanajuato.gob.mx\/blog\/2026\/09\/03\/se-reconfigura-sector-industrial\/#primaryimage\"},\"thumbnailUrl\":\"https:\/\/puertointerior.guanajuato.gob.mx\/blog\/wp-content\/uploads\/2026\/09\/ia-en-las-empresas-freepik-tVCpVWtgq.jpg\",\"datePublished\":\"2026-09-03T18:03:57+00:00\",\"dateModified\":\"2026-09-03T18:04:43+00:00\",\"author\":{\"@id\":\"https:\/\/puertointerior.guanajuato.gob.mx\/blog\/#\/schema\/person\/f4851bb8a48c32d7fba5285caf4ef1c4\"},\"breadcrumb\":{\"@id\":\"https:\/\/puertointerior.guanajuato.gob.mx\/blog\/2026\/09\/03\/se-reconfigura-sector-industrial\/#breadcrumb\"},\"inLanguage\":\"es\",\"potentialAction\":[{\"@type\":\"ReadAction\",\"target\":[\"https:\/\/puertointerior.guanajuato.gob.mx\/blog\/2026\/09\/03\/se-reconfigura-sector-industrial\/\"]}]},{\"@type\":\"ImageObject\",\"inLanguage\":\"es\",\"@id\":\"https:\/\/puertointerior.guanajuato.gob.mx\/blog\/2026\/09\/03\/se-reconfigura-sector-industrial\/#primaryimage\",\"url\":\"https:\/\/puertointerior.guanajuato.gob.mx\/blog\/wp-content\/uploads\/2026\/09\/ia-en-las-empresas-freepik-tVCpVWtgq.jpg\",\"contentUrl\":\"https:\/\/puertointerior.guanajuato.gob.mx\/blog\/wp-content\/uploads\/2026\/09\/ia-en-las-empresas-freepik-tVCpVWtgq.jpg\",\"width\":980,\"height\":617},{\"@type\":\"BreadcrumbList\",\"@id\":\"https:\/\/puertointerior.guanajuato.gob.mx\/blog\/2026\/09\/03\/se-reconfigura-sector-industrial\/#breadcrumb\",\"itemListElement\":[{\"@type\":\"ListItem\",\"position\":1,\"name\":\"Inicio\",\"item\":\"https:\/\/puertointerior.guanajuato.gob.mx\/blog\/\"},{\"@type\":\"ListItem\",\"position\":2,\"name\":\"Se reconfigura sector industrial\"}]},{\"@type\":\"WebSite\",\"@id\":\"https:\/\/puertointerior.guanajuato.gob.mx\/blog\/#website\",\"url\":\"https:\/\/puertointerior.guanajuato.gob.mx\/blog\/\",\"name\":\"Blog | GPI NEWS\",\"description\":\"Guanajuato Puerto Interior\",\"potentialAction\":[{\"@type\":\"SearchAction\",\"target\":{\"@type\":\"EntryPoint\",\"urlTemplate\":\"https:\/\/puertointerior.guanajuato.gob.mx\/blog\/?s={search_term_string}\"},\"query-input\":{\"@type\":\"PropertyValueSpecification\",\"valueRequired\":true,\"valueName\":\"search_term_string\"}}],\"inLanguage\":\"es\"},{\"@type\":\"Person\",\"@id\":\"https:\/\/puertointerior.guanajuato.gob.mx\/blog\/#\/schema\/person\/f4851bb8a48c32d7fba5285caf4ef1c4\",\"name\":\"GPI NEWS\",\"image\":{\"@type\":\"ImageObject\",\"inLanguage\":\"es\",\"@id\":\"https:\/\/puertointerior.guanajuato.gob.mx\/blog\/#\/schema\/person\/image\/\",\"url\":\"https:\/\/secure.gravatar.com\/avatar\/612aca53a708cefc5ebe15ab0bc63c51a8ba58563e45c17848fa400e627e2717?s=96&d=mm&r=g\",\"contentUrl\":\"https:\/\/secure.gravatar.com\/avatar\/612aca53a708cefc5ebe15ab0bc63c51a8ba58563e45c17848fa400e627e2717?s=96&d=mm&r=g\",\"caption\":\"GPI NEWS\"},\"url\":\"https:\/\/puertointerior.guanajuato.gob.mx\/blog\/author\/rafa-jacinto\/\"}]}<\/script>\n<!-- \/ Yoast SEO plugin. -->","yoast_head_json":{"title":"Se reconfigura sector industrial - Blog | GPI NEWS","robots":{"index":"index","follow":"follow","max-snippet":"max-snippet:-1","max-image-preview":"max-image-preview:large","max-video-preview":"max-video-preview:-1"},"canonical":"https:\/\/puertointerior.guanajuato.gob.mx\/blog\/2026\/09\/03\/se-reconfigura-sector-industrial\/","og_locale":"es_MX","og_type":"article","og_title":"Se reconfigura sector industrial - Blog | GPI NEWS","og_description":"Existe una creciente demanda estadounidense de equipo de c\u00f3mputo y otros componentes que impacta al empleo en el pa\u00eds. Ciudad de M\u00e9xico\u2014Para la industria mexicana, consolidada a trav\u00e9s del sector automotriz, la aplicaci\u00f3n de aranceles de hasta 25 por ciento, vigentes desde abril del a\u00f1o pasado, ha llevado a un reordenamiento exportador que tambi\u00e9n ha [&hellip;]","og_url":"https:\/\/puertointerior.guanajuato.gob.mx\/blog\/2026\/09\/03\/se-reconfigura-sector-industrial\/","og_site_name":"Blog | GPI NEWS","article_published_time":"2026-09-03T18:03:57+00:00","article_modified_time":"2026-09-03T18:04:43+00:00","og_image":[{"width":980,"height":617,"url":"https:\/\/puertointerior.guanajuato.gob.mx\/blog\/wp-content\/uploads\/2026\/09\/ia-en-las-empresas-freepik-tVCpVWtgq.jpg","type":"image\/jpeg"}],"author":"GPI NEWS","twitter_card":"summary_large_image","twitter_misc":{"Escrito por":"GPI NEWS","Tiempo de lectura":"2 minutos"},"schema":{"@context":"https:\/\/schema.org","@graph":[{"@type":"WebPage","@id":"https:\/\/puertointerior.guanajuato.gob.mx\/blog\/2026\/09\/03\/se-reconfigura-sector-industrial\/","url":"https:\/\/puertointerior.guanajuato.gob.mx\/blog\/2026\/09\/03\/se-reconfigura-sector-industrial\/","name":"Se reconfigura sector industrial - Blog | GPI NEWS","isPartOf":{"@id":"https:\/\/puertointerior.guanajuato.gob.mx\/blog\/#website"},"primaryImageOfPage":{"@id":"https:\/\/puertointerior.guanajuato.gob.mx\/blog\/2026\/09\/03\/se-reconfigura-sector-industrial\/#primaryimage"},"image":{"@id":"https:\/\/puertointerior.guanajuato.gob.mx\/blog\/2026\/09\/03\/se-reconfigura-sector-industrial\/#primaryimage"},"thumbnailUrl":"https:\/\/puertointerior.guanajuato.gob.mx\/blog\/wp-content\/uploads\/2026\/09\/ia-en-las-empresas-freepik-tVCpVWtgq.jpg","datePublished":"2026-09-03T18:03:57+00:00","dateModified":"2026-09-03T18:04:43+00:00","author":{"@id":"https:\/\/puertointerior.guanajuato.gob.mx\/blog\/#\/schema\/person\/f4851bb8a48c32d7fba5285caf4ef1c4"},"breadcrumb":{"@id":"https:\/\/puertointerior.guanajuato.gob.mx\/blog\/2026\/09\/03\/se-reconfigura-sector-industrial\/#breadcrumb"},"inLanguage":"es","potentialAction":[{"@type":"ReadAction","target":["https:\/\/puertointerior.guanajuato.gob.mx\/blog\/2026\/09\/03\/se-reconfigura-sector-industrial\/"]}]},{"@type":"ImageObject","inLanguage":"es","@id":"https:\/\/puertointerior.guanajuato.gob.mx\/blog\/2026\/09\/03\/se-reconfigura-sector-industrial\/#primaryimage","url":"https:\/\/puertointerior.guanajuato.gob.mx\/blog\/wp-content\/uploads\/2026\/09\/ia-en-las-empresas-freepik-tVCpVWtgq.jpg","contentUrl":"https:\/\/puertointerior.guanajuato.gob.mx\/blog\/wp-content\/uploads\/2026\/09\/ia-en-las-empresas-freepik-tVCpVWtgq.jpg","width":980,"height":617},{"@type":"BreadcrumbList","@id":"https:\/\/puertointerior.guanajuato.gob.mx\/blog\/2026\/09\/03\/se-reconfigura-sector-industrial\/#breadcrumb","itemListElement":[{"@type":"ListItem","position":1,"name":"Inicio","item":"https:\/\/puertointerior.guanajuato.gob.mx\/blog\/"},{"@type":"ListItem","position":2,"name":"Se reconfigura sector industrial"}]},{"@type":"WebSite","@id":"https:\/\/puertointerior.guanajuato.gob.mx\/blog\/#website","url":"https:\/\/puertointerior.guanajuato.gob.mx\/blog\/","name":"Blog | GPI NEWS","description":"Guanajuato Puerto Interior","potentialAction":[{"@type":"SearchAction","target":{"@type":"EntryPoint","urlTemplate":"https:\/\/puertointerior.guanajuato.gob.mx\/blog\/?s={search_term_string}"},"query-input":{"@type":"PropertyValueSpecification","valueRequired":true,"valueName":"search_term_string"}}],"inLanguage":"es"},{"@type":"Person","@id":"https:\/\/puertointerior.guanajuato.gob.mx\/blog\/#\/schema\/person\/f4851bb8a48c32d7fba5285caf4ef1c4","name":"GPI NEWS","image":{"@type":"ImageObject","inLanguage":"es","@id":"https:\/\/puertointerior.guanajuato.gob.mx\/blog\/#\/schema\/person\/image\/","url":"https:\/\/secure.gravatar.com\/avatar\/612aca53a708cefc5ebe15ab0bc63c51a8ba58563e45c17848fa400e627e2717?s=96&d=mm&r=g","contentUrl":"https:\/\/secure.gravatar.com\/avatar\/612aca53a708cefc5ebe15ab0bc63c51a8ba58563e45c17848fa400e627e2717?s=96&d=mm&r=g","caption":"GPI NEWS"},"url":"https:\/\/puertointerior.guanajuato.gob.mx\/blog\/author\/rafa-jacinto\/"}]}},"jetpack_featured_media_url":"https:\/\/puertointerior.guanajuato.gob.mx\/blog\/wp-content\/uploads\/2026\/09\/ia-en-las-empresas-freepik-tVCpVWtgq.jpg","jetpack_sharing_enabled":true,"jetpack_shortlink":"https:\/\/wp.me\/pcnMPA-76k","_links":{"self":[{"href":"https:\/\/puertointerior.guanajuato.gob.mx\/blog\/wp-json\/wp\/v2\/posts\/27300","targetHints":{"allow":["GET"]}}],"collection":[{"href":"https:\/\/puertointerior.guanajuato.gob.mx\/blog\/wp-json\/wp\/v2\/posts"}],"about":[{"href":"https:\/\/puertointerior.guanajuato.gob.mx\/blog\/wp-json\/wp\/v2\/types\/post"}],"author":[{"embeddable":true,"href":"https:\/\/puertointerior.guanajuato.gob.mx\/blog\/wp-json\/wp\/v2\/users\/2"}],"replies":[{"embeddable":true,"href":"https:\/\/puertointerior.guanajuato.gob.mx\/blog\/wp-json\/wp\/v2\/comments?post=27300"}],"version-history":[{"count":1,"href":"https:\/\/puertointerior.guanajuato.gob.mx\/blog\/wp-json\/wp\/v2\/posts\/27300\/revisions"}],"predecessor-version":[{"id":27302,"href":"https:\/\/puertointerior.guanajuato.gob.mx\/blog\/wp-json\/wp\/v2\/posts\/27300\/revisions\/27302"}],"wp:featuredmedia":[{"embeddable":true,"href":"https:\/\/puertointerior.guanajuato.gob.mx\/blog\/wp-json\/wp\/v2\/media\/27301"}],"wp:attachment":[{"href":"https:\/\/puertointerior.guanajuato.gob.mx\/blog\/wp-json\/wp\/v2\/media?parent=27300"}],"wp:term":[{"taxonomy":"category","embeddable":true,"href":"https:\/\/puertointerior.guanajuato.gob.mx\/blog\/wp-json\/wp\/v2\/categories?post=27300"},{"taxonomy":"post_tag","embeddable":true,"href":"https:\/\/puertointerior.guanajuato.gob.mx\/blog\/wp-json\/wp\/v2\/tags?post=27300"}],"curies":[{"name":"wp","href":"https:\/\/api.w.org\/{rel}","templated":true}]}}