{"id":27306,"date":"2026-09-03T13:12:52","date_gmt":"2026-09-03T18:12:52","guid":{"rendered":"https:\/\/puertointerior.guanajuato.gob.mx\/blog\/?p=27306"},"modified":"2026-09-03T13:12:52","modified_gmt":"2026-09-03T18:12:52","slug":"ebrard-participa-en-reunion-de-innovacion-del-g20-en-eu","status":"publish","type":"post","link":"https:\/\/puertointerior.guanajuato.gob.mx\/blog\/2026\/09\/03\/ebrard-participa-en-reunion-de-innovacion-del-g20-en-eu\/","title":{"rendered":"Ebrard participa en reuni\u00f3n de innovaci\u00f3n del G20 en EU"},"content":{"rendered":"<p style=\"text-align: justify\">El secretario Ebrard sostuvo una reuni\u00f3n bilateral con Howard Lutnick, secretario de Comercio de Estados Unidos en el marco de los trabajos del G20.<\/p>\n<p class=\"text-gray-700 leading-relaxed text-[17px] mb-4\" style=\"text-align: justify\">El secretario de Econom\u00eda,\u00a0<strong>Marcelo Ebrard,<\/strong><strong>\u00a0<\/strong>participa este mi\u00e9rcoles en la reuni\u00f3n ministerial de Innovaci\u00f3n del\u00a0<strong>G20<\/strong>, que se lleva a cabo en Chapel Hill, Carolina del Norte, y es coordinada por el secretario de Comercio de Estados Unidos,\u00a0<strong>Howard Lutnick<\/strong>.<\/p>\n<p class=\"text-gray-700 leading-relaxed text-[17px] mb-4\" style=\"text-align: justify\">Previo al encuentro ministerial, Ebrard sostuvo una\u00a0<mark class=\"bg-yellow-100 rounded px-0.5\">reuni\u00f3n bilateral con\u00a0<\/mark><a class=\"text-[#1750C3] no-underline hover:underline\" href=\"https:\/\/lasillarota.com\/negocios\/2026\/1\/23\/el-mejor-acuerdo-comercial-del-mundo-lo-tiene-mexico-con-eu-asegura-comercio-de-eu-492743.html\" target=\"_blank\" rel=\"noopener noreferrer\"><mark class=\"bg-yellow-100 rounded px-0.5\">Lutnick,<\/mark><\/a><mark class=\"bg-yellow-100 rounded px-0.5\">\u00a0en el marco de los trabajos del G20.<\/mark><\/p>\n<p class=\"text-gray-700 leading-relaxed text-[17px] mb-4\" style=\"text-align: justify\">La reuni\u00f3n, enfocada en\u00a0<strong>tecnolog\u00eda e innovaci\u00f3n<\/strong>, contar\u00e1 tambi\u00e9n con la participaci\u00f3n de destacados l\u00edderes de la industria tecnol\u00f3gica, entre ellos Tom Brown, cofundador de Anthropic; Sam Altman, CEO de<strong>\u00a0OpenAI<\/strong>, y Jensen Huang, presidente ejecutivo de\u00a0<strong>Nvidia.<\/strong><\/p>\n<p style=\"text-align: justify\">El encuentro re\u00fane a representantes de las principales econom\u00edas del mundo para discutir el impacto de la tecnolog\u00eda y la innovaci\u00f3n en el crecimiento econ\u00f3mico.<\/p>\n<p style=\"text-align: justify\">Publicado originalmente por:\u00a0<a href=\"https:\/\/lasillarota.com\/negocios\/2026\/9\/2\/ebrard-participa-en-reunion-de-innovacion-del-g20-en-eu-526913.html\">https:\/\/lasillarota.com\/negocios\/2026\/9\/2\/ebrard-participa-en-reunion-de-innovacion-del-g20-en-eu-526913.html<\/a><\/p>\n","protected":false},"excerpt":{"rendered":"<p>El secretario Ebrard sostuvo una reuni\u00f3n bilateral con Howard Lutnick, secretario de Comercio de Estados Unidos en el marco de los trabajos del G20. El secretario de Econom\u00eda,\u00a0Marcelo Ebrard,\u00a0participa este mi\u00e9rcoles en la reuni\u00f3n ministerial de Innovaci\u00f3n del\u00a0G20, que se lleva a cabo en Chapel Hill, Carolina del Norte, y es coordinada por el secretario [&hellip;]<\/p>\n","protected":false},"author":2,"featured_media":27307,"comment_status":"closed","ping_status":"open","sticky":false,"template":"","format":"standard","meta":{"jetpack_post_was_ever_published":false,"_jetpack_newsletter_access":"","_jetpack_dont_email_post_to_subs":false,"_jetpack_newsletter_tier_id":0,"_jetpack_memberships_contains_paywalled_content":false,"_jetpack_memberships_contains_paid_content":false,"footnotes":""},"categories":[6],"tags":[],"class_list":["post-27306","post","type-post","status-publish","format-standard","has-post-thumbnail","hentry","category-innovation"],"yoast_head":"<!-- This site is optimized with the Yoast SEO plugin v25.7 - https:\/\/yoast.com\/wordpress\/plugins\/seo\/ -->\n<title>Ebrard participa en reuni\u00f3n de innovaci\u00f3n del G20 en EU - Blog | GPI NEWS<\/title>\n<meta name=\"robots\" content=\"index, follow, max-snippet:-1, max-image-preview:large, max-video-preview:-1\" \/>\n<link rel=\"canonical\" href=\"https:\/\/puertointerior.guanajuato.gob.mx\/blog\/2026\/09\/03\/ebrard-participa-en-reunion-de-innovacion-del-g20-en-eu\/\" \/>\n<meta property=\"og:locale\" content=\"es_MX\" \/>\n<meta property=\"og:type\" content=\"article\" \/>\n<meta property=\"og:title\" content=\"Ebrard participa en reuni\u00f3n de innovaci\u00f3n del G20 en EU - Blog | GPI NEWS\" \/>\n<meta property=\"og:description\" content=\"El secretario Ebrard sostuvo una reuni\u00f3n bilateral con Howard Lutnick, secretario de Comercio de Estados Unidos en el marco de los trabajos del G20. El secretario de Econom\u00eda,\u00a0Marcelo Ebrard,\u00a0participa este mi\u00e9rcoles en la reuni\u00f3n ministerial de Innovaci\u00f3n del\u00a0G20, que se lleva a cabo en Chapel Hill, Carolina del Norte, y es coordinada por el secretario [&hellip;]\" \/>\n<meta property=\"og:url\" content=\"https:\/\/puertointerior.guanajuato.gob.mx\/blog\/2026\/09\/03\/ebrard-participa-en-reunion-de-innovacion-del-g20-en-eu\/\" \/>\n<meta property=\"og:site_name\" content=\"Blog | GPI NEWS\" \/>\n<meta property=\"article:published_time\" content=\"2026-09-03T18:12:52+00:00\" \/>\n<meta property=\"og:image\" content=\"https:\/\/puertointerior.guanajuato.gob.mx\/blog\/wp-content\/uploads\/2026\/09\/1788356378408-4ynujz.webp\" \/>\n\t<meta property=\"og:image:width\" content=\"1200\" \/>\n\t<meta property=\"og:image:height\" content=\"885\" \/>\n\t<meta property=\"og:image:type\" content=\"image\/webp\" \/>\n<meta name=\"author\" content=\"GPI NEWS\" \/>\n<meta name=\"twitter:card\" content=\"summary_large_image\" \/>\n<meta name=\"twitter:label1\" content=\"Escrito por\" \/>\n\t<meta name=\"twitter:data1\" content=\"GPI NEWS\" \/>\n<script type=\"application\/ld+json\" class=\"yoast-schema-graph\">{\"@context\":\"https:\/\/schema.org\",\"@graph\":[{\"@type\":\"WebPage\",\"@id\":\"https:\/\/puertointerior.guanajuato.gob.mx\/blog\/2026\/09\/03\/ebrard-participa-en-reunion-de-innovacion-del-g20-en-eu\/\",\"url\":\"https:\/\/puertointerior.guanajuato.gob.mx\/blog\/2026\/09\/03\/ebrard-participa-en-reunion-de-innovacion-del-g20-en-eu\/\",\"name\":\"Ebrard participa en reuni\u00f3n de innovaci\u00f3n del G20 en EU - Blog | GPI NEWS\",\"isPartOf\":{\"@id\":\"https:\/\/puertointerior.guanajuato.gob.mx\/blog\/#website\"},\"primaryImageOfPage\":{\"@id\":\"https:\/\/puertointerior.guanajuato.gob.mx\/blog\/2026\/09\/03\/ebrard-participa-en-reunion-de-innovacion-del-g20-en-eu\/#primaryimage\"},\"image\":{\"@id\":\"https:\/\/puertointerior.guanajuato.gob.mx\/blog\/2026\/09\/03\/ebrard-participa-en-reunion-de-innovacion-del-g20-en-eu\/#primaryimage\"},\"thumbnailUrl\":\"https:\/\/puertointerior.guanajuato.gob.mx\/blog\/wp-content\/uploads\/2026\/09\/1788356378408-4ynujz.webp\",\"datePublished\":\"2026-09-03T18:12:52+00:00\",\"author\":{\"@id\":\"https:\/\/puertointerior.guanajuato.gob.mx\/blog\/#\/schema\/person\/f4851bb8a48c32d7fba5285caf4ef1c4\"},\"breadcrumb\":{\"@id\":\"https:\/\/puertointerior.guanajuato.gob.mx\/blog\/2026\/09\/03\/ebrard-participa-en-reunion-de-innovacion-del-g20-en-eu\/#breadcrumb\"},\"inLanguage\":\"es\",\"potentialAction\":[{\"@type\":\"ReadAction\",\"target\":[\"https:\/\/puertointerior.guanajuato.gob.mx\/blog\/2026\/09\/03\/ebrard-participa-en-reunion-de-innovacion-del-g20-en-eu\/\"]}]},{\"@type\":\"ImageObject\",\"inLanguage\":\"es\",\"@id\":\"https:\/\/puertointerior.guanajuato.gob.mx\/blog\/2026\/09\/03\/ebrard-participa-en-reunion-de-innovacion-del-g20-en-eu\/#primaryimage\",\"url\":\"https:\/\/puertointerior.guanajuato.gob.mx\/blog\/wp-content\/uploads\/2026\/09\/1788356378408-4ynujz.webp\",\"contentUrl\":\"https:\/\/puertointerior.guanajuato.gob.mx\/blog\/wp-content\/uploads\/2026\/09\/1788356378408-4ynujz.webp\",\"width\":1200,\"height\":885},{\"@type\":\"BreadcrumbList\",\"@id\":\"https:\/\/puertointerior.guanajuato.gob.mx\/blog\/2026\/09\/03\/ebrard-participa-en-reunion-de-innovacion-del-g20-en-eu\/#breadcrumb\",\"itemListElement\":[{\"@type\":\"ListItem\",\"position\":1,\"name\":\"Inicio\",\"item\":\"https:\/\/puertointerior.guanajuato.gob.mx\/blog\/\"},{\"@type\":\"ListItem\",\"position\":2,\"name\":\"Ebrard participa en reuni\u00f3n de innovaci\u00f3n del G20 en EU\"}]},{\"@type\":\"WebSite\",\"@id\":\"https:\/\/puertointerior.guanajuato.gob.mx\/blog\/#website\",\"url\":\"https:\/\/puertointerior.guanajuato.gob.mx\/blog\/\",\"name\":\"Blog | GPI NEWS\",\"description\":\"Guanajuato Puerto Interior\",\"potentialAction\":[{\"@type\":\"SearchAction\",\"target\":{\"@type\":\"EntryPoint\",\"urlTemplate\":\"https:\/\/puertointerior.guanajuato.gob.mx\/blog\/?s={search_term_string}\"},\"query-input\":{\"@type\":\"PropertyValueSpecification\",\"valueRequired\":true,\"valueName\":\"search_term_string\"}}],\"inLanguage\":\"es\"},{\"@type\":\"Person\",\"@id\":\"https:\/\/puertointerior.guanajuato.gob.mx\/blog\/#\/schema\/person\/f4851bb8a48c32d7fba5285caf4ef1c4\",\"name\":\"GPI NEWS\",\"image\":{\"@type\":\"ImageObject\",\"inLanguage\":\"es\",\"@id\":\"https:\/\/puertointerior.guanajuato.gob.mx\/blog\/#\/schema\/person\/image\/\",\"url\":\"https:\/\/secure.gravatar.com\/avatar\/612aca53a708cefc5ebe15ab0bc63c51a8ba58563e45c17848fa400e627e2717?s=96&d=mm&r=g\",\"contentUrl\":\"https:\/\/secure.gravatar.com\/avatar\/612aca53a708cefc5ebe15ab0bc63c51a8ba58563e45c17848fa400e627e2717?s=96&d=mm&r=g\",\"caption\":\"GPI NEWS\"},\"url\":\"https:\/\/puertointerior.guanajuato.gob.mx\/blog\/author\/rafa-jacinto\/\"}]}<\/script>\n<!-- \/ Yoast SEO plugin. -->","yoast_head_json":{"title":"Ebrard participa en reuni\u00f3n de innovaci\u00f3n del G20 en EU - Blog | GPI NEWS","robots":{"index":"index","follow":"follow","max-snippet":"max-snippet:-1","max-image-preview":"max-image-preview:large","max-video-preview":"max-video-preview:-1"},"canonical":"https:\/\/puertointerior.guanajuato.gob.mx\/blog\/2026\/09\/03\/ebrard-participa-en-reunion-de-innovacion-del-g20-en-eu\/","og_locale":"es_MX","og_type":"article","og_title":"Ebrard participa en reuni\u00f3n de innovaci\u00f3n del G20 en EU - Blog | GPI NEWS","og_description":"El secretario Ebrard sostuvo una reuni\u00f3n bilateral con Howard Lutnick, secretario de Comercio de Estados Unidos en el marco de los trabajos del G20. El secretario de Econom\u00eda,\u00a0Marcelo Ebrard,\u00a0participa este mi\u00e9rcoles en la reuni\u00f3n ministerial de Innovaci\u00f3n del\u00a0G20, que se lleva a cabo en Chapel Hill, Carolina del Norte, y es coordinada por el secretario [&hellip;]","og_url":"https:\/\/puertointerior.guanajuato.gob.mx\/blog\/2026\/09\/03\/ebrard-participa-en-reunion-de-innovacion-del-g20-en-eu\/","og_site_name":"Blog | GPI NEWS","article_published_time":"2026-09-03T18:12:52+00:00","og_image":[{"width":1200,"height":885,"url":"https:\/\/puertointerior.guanajuato.gob.mx\/blog\/wp-content\/uploads\/2026\/09\/1788356378408-4ynujz.webp","type":"image\/webp"}],"author":"GPI NEWS","twitter_card":"summary_large_image","twitter_misc":{"Escrito por":"GPI NEWS"},"schema":{"@context":"https:\/\/schema.org","@graph":[{"@type":"WebPage","@id":"https:\/\/puertointerior.guanajuato.gob.mx\/blog\/2026\/09\/03\/ebrard-participa-en-reunion-de-innovacion-del-g20-en-eu\/","url":"https:\/\/puertointerior.guanajuato.gob.mx\/blog\/2026\/09\/03\/ebrard-participa-en-reunion-de-innovacion-del-g20-en-eu\/","name":"Ebrard participa en reuni\u00f3n de innovaci\u00f3n del G20 en EU - Blog | GPI NEWS","isPartOf":{"@id":"https:\/\/puertointerior.guanajuato.gob.mx\/blog\/#website"},"primaryImageOfPage":{"@id":"https:\/\/puertointerior.guanajuato.gob.mx\/blog\/2026\/09\/03\/ebrard-participa-en-reunion-de-innovacion-del-g20-en-eu\/#primaryimage"},"image":{"@id":"https:\/\/puertointerior.guanajuato.gob.mx\/blog\/2026\/09\/03\/ebrard-participa-en-reunion-de-innovacion-del-g20-en-eu\/#primaryimage"},"thumbnailUrl":"https:\/\/puertointerior.guanajuato.gob.mx\/blog\/wp-content\/uploads\/2026\/09\/1788356378408-4ynujz.webp","datePublished":"2026-09-03T18:12:52+00:00","author":{"@id":"https:\/\/puertointerior.guanajuato.gob.mx\/blog\/#\/schema\/person\/f4851bb8a48c32d7fba5285caf4ef1c4"},"breadcrumb":{"@id":"https:\/\/puertointerior.guanajuato.gob.mx\/blog\/2026\/09\/03\/ebrard-participa-en-reunion-de-innovacion-del-g20-en-eu\/#breadcrumb"},"inLanguage":"es","potentialAction":[{"@type":"ReadAction","target":["https:\/\/puertointerior.guanajuato.gob.mx\/blog\/2026\/09\/03\/ebrard-participa-en-reunion-de-innovacion-del-g20-en-eu\/"]}]},{"@type":"ImageObject","inLanguage":"es","@id":"https:\/\/puertointerior.guanajuato.gob.mx\/blog\/2026\/09\/03\/ebrard-participa-en-reunion-de-innovacion-del-g20-en-eu\/#primaryimage","url":"https:\/\/puertointerior.guanajuato.gob.mx\/blog\/wp-content\/uploads\/2026\/09\/1788356378408-4ynujz.webp","contentUrl":"https:\/\/puertointerior.guanajuato.gob.mx\/blog\/wp-content\/uploads\/2026\/09\/1788356378408-4ynujz.webp","width":1200,"height":885},{"@type":"BreadcrumbList","@id":"https:\/\/puertointerior.guanajuato.gob.mx\/blog\/2026\/09\/03\/ebrard-participa-en-reunion-de-innovacion-del-g20-en-eu\/#breadcrumb","itemListElement":[{"@type":"ListItem","position":1,"name":"Inicio","item":"https:\/\/puertointerior.guanajuato.gob.mx\/blog\/"},{"@type":"ListItem","position":2,"name":"Ebrard participa en reuni\u00f3n de innovaci\u00f3n del G20 en EU"}]},{"@type":"WebSite","@id":"https:\/\/puertointerior.guanajuato.gob.mx\/blog\/#website","url":"https:\/\/puertointerior.guanajuato.gob.mx\/blog\/","name":"Blog | GPI NEWS","description":"Guanajuato Puerto Interior","potentialAction":[{"@type":"SearchAction","target":{"@type":"EntryPoint","urlTemplate":"https:\/\/puertointerior.guanajuato.gob.mx\/blog\/?s={search_term_string}"},"query-input":{"@type":"PropertyValueSpecification","valueRequired":true,"valueName":"search_term_string"}}],"inLanguage":"es"},{"@type":"Person","@id":"https:\/\/puertointerior.guanajuato.gob.mx\/blog\/#\/schema\/person\/f4851bb8a48c32d7fba5285caf4ef1c4","name":"GPI NEWS","image":{"@type":"ImageObject","inLanguage":"es","@id":"https:\/\/puertointerior.guanajuato.gob.mx\/blog\/#\/schema\/person\/image\/","url":"https:\/\/secure.gravatar.com\/avatar\/612aca53a708cefc5ebe15ab0bc63c51a8ba58563e45c17848fa400e627e2717?s=96&d=mm&r=g","contentUrl":"https:\/\/secure.gravatar.com\/avatar\/612aca53a708cefc5ebe15ab0bc63c51a8ba58563e45c17848fa400e627e2717?s=96&d=mm&r=g","caption":"GPI NEWS"},"url":"https:\/\/puertointerior.guanajuato.gob.mx\/blog\/author\/rafa-jacinto\/"}]}},"jetpack_featured_media_url":"https:\/\/puertointerior.guanajuato.gob.mx\/blog\/wp-content\/uploads\/2026\/09\/1788356378408-4ynujz.webp","jetpack_sharing_enabled":true,"jetpack_shortlink":"https:\/\/wp.me\/pcnMPA-76q","_links":{"self":[{"href":"https:\/\/puertointerior.guanajuato.gob.mx\/blog\/wp-json\/wp\/v2\/posts\/27306","targetHints":{"allow":["GET"]}}],"collection":[{"href":"https:\/\/puertointerior.guanajuato.gob.mx\/blog\/wp-json\/wp\/v2\/posts"}],"about":[{"href":"https:\/\/puertointerior.guanajuato.gob.mx\/blog\/wp-json\/wp\/v2\/types\/post"}],"author":[{"embeddable":true,"href":"https:\/\/puertointerior.guanajuato.gob.mx\/blog\/wp-json\/wp\/v2\/users\/2"}],"replies":[{"embeddable":true,"href":"https:\/\/puertointerior.guanajuato.gob.mx\/blog\/wp-json\/wp\/v2\/comments?post=27306"}],"version-history":[{"count":1,"href":"https:\/\/puertointerior.guanajuato.gob.mx\/blog\/wp-json\/wp\/v2\/posts\/27306\/revisions"}],"predecessor-version":[{"id":27308,"href":"https:\/\/puertointerior.guanajuato.gob.mx\/blog\/wp-json\/wp\/v2\/posts\/27306\/revisions\/27308"}],"wp:featuredmedia":[{"embeddable":true,"href":"https:\/\/puertointerior.guanajuato.gob.mx\/blog\/wp-json\/wp\/v2\/media\/27307"}],"wp:attachment":[{"href":"https:\/\/puertointerior.guanajuato.gob.mx\/blog\/wp-json\/wp\/v2\/media?parent=27306"}],"wp:term":[{"taxonomy":"category","embeddable":true,"href":"https:\/\/puertointerior.guanajuato.gob.mx\/blog\/wp-json\/wp\/v2\/categories?post=27306"},{"taxonomy":"post_tag","embeddable":true,"href":"https:\/\/puertointerior.guanajuato.gob.mx\/blog\/wp-json\/wp\/v2\/tags?post=27306"}],"curies":[{"name":"wp","href":"https:\/\/api.w.org\/{rel}","templated":true}]}}