{"id":27334,"date":"2026-09-04T20:32:20","date_gmt":"2026-09-05T01:32:20","guid":{"rendered":"https:\/\/puertointerior.guanajuato.gob.mx\/blog\/?p=27334"},"modified":"2026-09-04T20:32:20","modified_gmt":"2026-09-05T01:32:20","slug":"velasco-viajara-a-china-para-fortalecer-dialogo-y-cooperacion-entre-ambos-paises","status":"publish","type":"post","link":"https:\/\/puertointerior.guanajuato.gob.mx\/blog\/2026\/09\/04\/velasco-viajara-a-china-para-fortalecer-dialogo-y-cooperacion-entre-ambos-paises\/","title":{"rendered":"Velasco viajar\u00e1 a China para fortalecer di\u00e1logo y cooperaci\u00f3n entre ambos pa\u00edses"},"content":{"rendered":"<p style=\"text-align: justify\">La visita de Velasco a China ocurre en medio de las dif\u00edciles negociaciones comerciales con el gobierno estadunidense de Donald Trump y de la guerra comercial que Washington y Pek\u00edn libran desde el a\u00f1o pasado.<\/p>\n<p class=\"text-gray-700 leading-relaxed text-[17px] mb-4\" style=\"text-align: justify\">CIUDAD DE M\u00c9XICO (apro).- El canciller mexicano, Roberto Velasco \u00c1lvarez, viajar\u00e1 el pr\u00f3ximo lunes 7 a China, en una visita que tendr\u00e1 como objetivo \u201cfortalecer el di\u00e1logo pol\u00edtico y la agenda de cooperaci\u00f3n entre ambos pa\u00edses\u201d, y que incluir\u00e1 una reuni\u00f3n con su hom\u00f3logo chino, Wang Yi, y la inauguraci\u00f3n de un consulado general en la ciudad de Chongqing.<\/p>\n<p class=\"text-gray-700 leading-relaxed text-[17px] mb-4\" style=\"text-align: justify\">La visita de Velasco a China ocurre en medio de las dif\u00edciles negociaciones comerciales con el gobierno estadunidense de Donald Trump y de la guerra comercial que Washington y Pek\u00edn libran desde el a\u00f1o pasado a trav\u00e9s de la imposici\u00f3n de nuevas tarifas aduanales y de la lucha por minerales estrat\u00e9gicos.<\/p>\n<p class=\"text-gray-700 leading-relaxed text-[17px] mb-4\" style=\"text-align: justify\">En este contexto, la administraci\u00f3n de Trump presion\u00f3 al gobierno de Claudia Sheinbaum Pardo para elevar los aranceles a las importaciones provenientes de China, lo que se concret\u00f3 el pasado 25 de septiembre, cuando el gobierno mexicano inform\u00f3 que subir\u00eda sus aranceles entre 10% y 50% sobre mil 463 fracciones de productos provenientes de pa\u00edses con los que M\u00e9xico no tiene acuerdo comercial, incluyendo China.<\/p>\n<p class=\"text-gray-700 leading-relaxed text-[17px] mb-4\" style=\"text-align: justify\">El art\u00edfice de esta pol\u00edtica, Marcelo Ebrard Casaub\u00f3n, asegur\u00f3 que se trataba de una acci\u00f3n soberana de M\u00e9xico, que busca proteger a las industrias mexicanas ante la llegada de productos de China, Vietnam, Tailandia o la India m\u00e1s baratos que los fabricados en territorio nacional.<\/p>\n<p class=\"text-gray-700 leading-relaxed text-[17px] mb-4\" style=\"text-align: justify\">Acto seguido, Pek\u00edn denunci\u00f3 la iniciativa de M\u00e9xico, que entr\u00f3 en vigor el pasado 1\u00ba de enero. En marzo acus\u00f3 al gobierno federal de poner \u201cbarreras al comercio y la inversi\u00f3n\u201d de China y, despu\u00e9s de pedir a M\u00e9xico que rectifique su pol\u00edtica, amag\u00f3 con responder con aranceles u otras medidas comerciales para proteger sus industrias.<\/p>\n<p class=\"text-gray-700 leading-relaxed text-[17px] mb-4\" style=\"text-align: justify\">El domingo pasado, durante la plenaria de Morena, Ebrard presumi\u00f3 que una reducci\u00f3n de 28.4% de los productos chinos que tuvieron un aumento de tarifa aduanal, especialmente el calzado y los autom\u00f3viles ligeros.<\/p>\n<p style=\"text-align: justify\">Publicado originalmente por:\u00a0<a href=\"https:\/\/www.proceso.com.mx\/nacional\/2026\/9\/3\/velasco-viajara-a-china-para-fortalecer-dialogo-y-cooperacion-entre-ambos-paises-379280.html\">https:\/\/www.proceso.com.mx\/nacional\/2026\/9\/3\/velasco-viajara-a-china-para-fortalecer-dialogo-y-cooperacion-entre-ambos-paises-379280.html<\/a><\/p>\n","protected":false},"excerpt":{"rendered":"<p>La visita de Velasco a China ocurre en medio de las dif\u00edciles negociaciones comerciales con el gobierno estadunidense de Donald Trump y de la guerra comercial que Washington y Pek\u00edn libran desde el a\u00f1o pasado. CIUDAD DE M\u00c9XICO (apro).- El canciller mexicano, Roberto Velasco \u00c1lvarez, viajar\u00e1 el pr\u00f3ximo lunes 7 a China, en una visita [&hellip;]<\/p>\n","protected":false},"author":2,"featured_media":27335,"comment_status":"closed","ping_status":"open","sticky":false,"template":"","format":"standard","meta":{"jetpack_post_was_ever_published":false,"_jetpack_newsletter_access":"","_jetpack_dont_email_post_to_subs":false,"_jetpack_newsletter_tier_id":0,"_jetpack_memberships_contains_paywalled_content":false,"_jetpack_memberships_contains_paid_content":false,"footnotes":""},"categories":[20],"tags":[],"class_list":["post-27334","post","type-post","status-publish","format-standard","has-post-thumbnail","hentry","category-economic-development"],"yoast_head":"<!-- This site is optimized with the Yoast SEO plugin v25.7 - https:\/\/yoast.com\/wordpress\/plugins\/seo\/ -->\n<title>Velasco viajar\u00e1 a China para fortalecer di\u00e1logo y cooperaci\u00f3n entre ambos pa\u00edses - Blog | GPI NEWS<\/title>\n<meta name=\"robots\" content=\"index, follow, max-snippet:-1, max-image-preview:large, max-video-preview:-1\" \/>\n<link rel=\"canonical\" href=\"https:\/\/puertointerior.guanajuato.gob.mx\/blog\/2026\/09\/04\/velasco-viajara-a-china-para-fortalecer-dialogo-y-cooperacion-entre-ambos-paises\/\" \/>\n<meta property=\"og:locale\" content=\"es_MX\" \/>\n<meta property=\"og:type\" content=\"article\" \/>\n<meta property=\"og:title\" content=\"Velasco viajar\u00e1 a China para fortalecer di\u00e1logo y cooperaci\u00f3n entre ambos pa\u00edses - Blog | GPI NEWS\" \/>\n<meta property=\"og:description\" content=\"La visita de Velasco a China ocurre en medio de las dif\u00edciles negociaciones comerciales con el gobierno estadunidense de Donald Trump y de la guerra comercial que Washington y Pek\u00edn libran desde el a\u00f1o pasado. CIUDAD DE M\u00c9XICO (apro).- El canciller mexicano, Roberto Velasco \u00c1lvarez, viajar\u00e1 el pr\u00f3ximo lunes 7 a China, en una visita [&hellip;]\" \/>\n<meta property=\"og:url\" content=\"https:\/\/puertointerior.guanajuato.gob.mx\/blog\/2026\/09\/04\/velasco-viajara-a-china-para-fortalecer-dialogo-y-cooperacion-entre-ambos-paises\/\" \/>\n<meta property=\"og:site_name\" content=\"Blog | GPI NEWS\" \/>\n<meta property=\"article:published_time\" content=\"2026-09-05T01:32:20+00:00\" \/>\n<meta property=\"og:image\" content=\"https:\/\/puertointerior.guanajuato.gob.mx\/blog\/wp-content\/uploads\/2026\/09\/1788398412321-pp660t.webp\" \/>\n\t<meta property=\"og:image:width\" content=\"2000\" \/>\n\t<meta property=\"og:image:height\" content=\"1333\" \/>\n\t<meta property=\"og:image:type\" content=\"image\/webp\" \/>\n<meta name=\"author\" content=\"GPI NEWS\" \/>\n<meta name=\"twitter:card\" content=\"summary_large_image\" \/>\n<meta name=\"twitter:label1\" content=\"Escrito por\" \/>\n\t<meta name=\"twitter:data1\" content=\"GPI NEWS\" \/>\n<script type=\"application\/ld+json\" class=\"yoast-schema-graph\">{\"@context\":\"https:\/\/schema.org\",\"@graph\":[{\"@type\":\"WebPage\",\"@id\":\"https:\/\/puertointerior.guanajuato.gob.mx\/blog\/2026\/09\/04\/velasco-viajara-a-china-para-fortalecer-dialogo-y-cooperacion-entre-ambos-paises\/\",\"url\":\"https:\/\/puertointerior.guanajuato.gob.mx\/blog\/2026\/09\/04\/velasco-viajara-a-china-para-fortalecer-dialogo-y-cooperacion-entre-ambos-paises\/\",\"name\":\"Velasco viajar\u00e1 a China para fortalecer di\u00e1logo y cooperaci\u00f3n entre ambos pa\u00edses - Blog | GPI NEWS\",\"isPartOf\":{\"@id\":\"https:\/\/puertointerior.guanajuato.gob.mx\/blog\/#website\"},\"primaryImageOfPage\":{\"@id\":\"https:\/\/puertointerior.guanajuato.gob.mx\/blog\/2026\/09\/04\/velasco-viajara-a-china-para-fortalecer-dialogo-y-cooperacion-entre-ambos-paises\/#primaryimage\"},\"image\":{\"@id\":\"https:\/\/puertointerior.guanajuato.gob.mx\/blog\/2026\/09\/04\/velasco-viajara-a-china-para-fortalecer-dialogo-y-cooperacion-entre-ambos-paises\/#primaryimage\"},\"thumbnailUrl\":\"https:\/\/puertointerior.guanajuato.gob.mx\/blog\/wp-content\/uploads\/2026\/09\/1788398412321-pp660t.webp\",\"datePublished\":\"2026-09-05T01:32:20+00:00\",\"author\":{\"@id\":\"https:\/\/puertointerior.guanajuato.gob.mx\/blog\/#\/schema\/person\/f4851bb8a48c32d7fba5285caf4ef1c4\"},\"breadcrumb\":{\"@id\":\"https:\/\/puertointerior.guanajuato.gob.mx\/blog\/2026\/09\/04\/velasco-viajara-a-china-para-fortalecer-dialogo-y-cooperacion-entre-ambos-paises\/#breadcrumb\"},\"inLanguage\":\"es\",\"potentialAction\":[{\"@type\":\"ReadAction\",\"target\":[\"https:\/\/puertointerior.guanajuato.gob.mx\/blog\/2026\/09\/04\/velasco-viajara-a-china-para-fortalecer-dialogo-y-cooperacion-entre-ambos-paises\/\"]}]},{\"@type\":\"ImageObject\",\"inLanguage\":\"es\",\"@id\":\"https:\/\/puertointerior.guanajuato.gob.mx\/blog\/2026\/09\/04\/velasco-viajara-a-china-para-fortalecer-dialogo-y-cooperacion-entre-ambos-paises\/#primaryimage\",\"url\":\"https:\/\/puertointerior.guanajuato.gob.mx\/blog\/wp-content\/uploads\/2026\/09\/1788398412321-pp660t.webp\",\"contentUrl\":\"https:\/\/puertointerior.guanajuato.gob.mx\/blog\/wp-content\/uploads\/2026\/09\/1788398412321-pp660t.webp\",\"width\":2000,\"height\":1333},{\"@type\":\"BreadcrumbList\",\"@id\":\"https:\/\/puertointerior.guanajuato.gob.mx\/blog\/2026\/09\/04\/velasco-viajara-a-china-para-fortalecer-dialogo-y-cooperacion-entre-ambos-paises\/#breadcrumb\",\"itemListElement\":[{\"@type\":\"ListItem\",\"position\":1,\"name\":\"Inicio\",\"item\":\"https:\/\/puertointerior.guanajuato.gob.mx\/blog\/\"},{\"@type\":\"ListItem\",\"position\":2,\"name\":\"Velasco viajar\u00e1 a China para fortalecer di\u00e1logo y cooperaci\u00f3n entre ambos pa\u00edses\"}]},{\"@type\":\"WebSite\",\"@id\":\"https:\/\/puertointerior.guanajuato.gob.mx\/blog\/#website\",\"url\":\"https:\/\/puertointerior.guanajuato.gob.mx\/blog\/\",\"name\":\"Blog | GPI NEWS\",\"description\":\"Guanajuato Puerto Interior\",\"potentialAction\":[{\"@type\":\"SearchAction\",\"target\":{\"@type\":\"EntryPoint\",\"urlTemplate\":\"https:\/\/puertointerior.guanajuato.gob.mx\/blog\/?s={search_term_string}\"},\"query-input\":{\"@type\":\"PropertyValueSpecification\",\"valueRequired\":true,\"valueName\":\"search_term_string\"}}],\"inLanguage\":\"es\"},{\"@type\":\"Person\",\"@id\":\"https:\/\/puertointerior.guanajuato.gob.mx\/blog\/#\/schema\/person\/f4851bb8a48c32d7fba5285caf4ef1c4\",\"name\":\"GPI NEWS\",\"image\":{\"@type\":\"ImageObject\",\"inLanguage\":\"es\",\"@id\":\"https:\/\/puertointerior.guanajuato.gob.mx\/blog\/#\/schema\/person\/image\/\",\"url\":\"https:\/\/secure.gravatar.com\/avatar\/612aca53a708cefc5ebe15ab0bc63c51a8ba58563e45c17848fa400e627e2717?s=96&d=mm&r=g\",\"contentUrl\":\"https:\/\/secure.gravatar.com\/avatar\/612aca53a708cefc5ebe15ab0bc63c51a8ba58563e45c17848fa400e627e2717?s=96&d=mm&r=g\",\"caption\":\"GPI NEWS\"},\"url\":\"https:\/\/puertointerior.guanajuato.gob.mx\/blog\/author\/rafa-jacinto\/\"}]}<\/script>\n<!-- \/ Yoast SEO plugin. -->","yoast_head_json":{"title":"Velasco viajar\u00e1 a China para fortalecer di\u00e1logo y cooperaci\u00f3n entre ambos pa\u00edses - Blog | GPI NEWS","robots":{"index":"index","follow":"follow","max-snippet":"max-snippet:-1","max-image-preview":"max-image-preview:large","max-video-preview":"max-video-preview:-1"},"canonical":"https:\/\/puertointerior.guanajuato.gob.mx\/blog\/2026\/09\/04\/velasco-viajara-a-china-para-fortalecer-dialogo-y-cooperacion-entre-ambos-paises\/","og_locale":"es_MX","og_type":"article","og_title":"Velasco viajar\u00e1 a China para fortalecer di\u00e1logo y cooperaci\u00f3n entre ambos pa\u00edses - Blog | GPI NEWS","og_description":"La visita de Velasco a China ocurre en medio de las dif\u00edciles negociaciones comerciales con el gobierno estadunidense de Donald Trump y de la guerra comercial que Washington y Pek\u00edn libran desde el a\u00f1o pasado. CIUDAD DE M\u00c9XICO (apro).- El canciller mexicano, Roberto Velasco \u00c1lvarez, viajar\u00e1 el pr\u00f3ximo lunes 7 a China, en una visita [&hellip;]","og_url":"https:\/\/puertointerior.guanajuato.gob.mx\/blog\/2026\/09\/04\/velasco-viajara-a-china-para-fortalecer-dialogo-y-cooperacion-entre-ambos-paises\/","og_site_name":"Blog | GPI NEWS","article_published_time":"2026-09-05T01:32:20+00:00","og_image":[{"width":2000,"height":1333,"url":"https:\/\/puertointerior.guanajuato.gob.mx\/blog\/wp-content\/uploads\/2026\/09\/1788398412321-pp660t.webp","type":"image\/webp"}],"author":"GPI NEWS","twitter_card":"summary_large_image","twitter_misc":{"Escrito por":"GPI NEWS"},"schema":{"@context":"https:\/\/schema.org","@graph":[{"@type":"WebPage","@id":"https:\/\/puertointerior.guanajuato.gob.mx\/blog\/2026\/09\/04\/velasco-viajara-a-china-para-fortalecer-dialogo-y-cooperacion-entre-ambos-paises\/","url":"https:\/\/puertointerior.guanajuato.gob.mx\/blog\/2026\/09\/04\/velasco-viajara-a-china-para-fortalecer-dialogo-y-cooperacion-entre-ambos-paises\/","name":"Velasco viajar\u00e1 a China para fortalecer di\u00e1logo y cooperaci\u00f3n entre ambos pa\u00edses - Blog | GPI NEWS","isPartOf":{"@id":"https:\/\/puertointerior.guanajuato.gob.mx\/blog\/#website"},"primaryImageOfPage":{"@id":"https:\/\/puertointerior.guanajuato.gob.mx\/blog\/2026\/09\/04\/velasco-viajara-a-china-para-fortalecer-dialogo-y-cooperacion-entre-ambos-paises\/#primaryimage"},"image":{"@id":"https:\/\/puertointerior.guanajuato.gob.mx\/blog\/2026\/09\/04\/velasco-viajara-a-china-para-fortalecer-dialogo-y-cooperacion-entre-ambos-paises\/#primaryimage"},"thumbnailUrl":"https:\/\/puertointerior.guanajuato.gob.mx\/blog\/wp-content\/uploads\/2026\/09\/1788398412321-pp660t.webp","datePublished":"2026-09-05T01:32:20+00:00","author":{"@id":"https:\/\/puertointerior.guanajuato.gob.mx\/blog\/#\/schema\/person\/f4851bb8a48c32d7fba5285caf4ef1c4"},"breadcrumb":{"@id":"https:\/\/puertointerior.guanajuato.gob.mx\/blog\/2026\/09\/04\/velasco-viajara-a-china-para-fortalecer-dialogo-y-cooperacion-entre-ambos-paises\/#breadcrumb"},"inLanguage":"es","potentialAction":[{"@type":"ReadAction","target":["https:\/\/puertointerior.guanajuato.gob.mx\/blog\/2026\/09\/04\/velasco-viajara-a-china-para-fortalecer-dialogo-y-cooperacion-entre-ambos-paises\/"]}]},{"@type":"ImageObject","inLanguage":"es","@id":"https:\/\/puertointerior.guanajuato.gob.mx\/blog\/2026\/09\/04\/velasco-viajara-a-china-para-fortalecer-dialogo-y-cooperacion-entre-ambos-paises\/#primaryimage","url":"https:\/\/puertointerior.guanajuato.gob.mx\/blog\/wp-content\/uploads\/2026\/09\/1788398412321-pp660t.webp","contentUrl":"https:\/\/puertointerior.guanajuato.gob.mx\/blog\/wp-content\/uploads\/2026\/09\/1788398412321-pp660t.webp","width":2000,"height":1333},{"@type":"BreadcrumbList","@id":"https:\/\/puertointerior.guanajuato.gob.mx\/blog\/2026\/09\/04\/velasco-viajara-a-china-para-fortalecer-dialogo-y-cooperacion-entre-ambos-paises\/#breadcrumb","itemListElement":[{"@type":"ListItem","position":1,"name":"Inicio","item":"https:\/\/puertointerior.guanajuato.gob.mx\/blog\/"},{"@type":"ListItem","position":2,"name":"Velasco viajar\u00e1 a China para fortalecer di\u00e1logo y cooperaci\u00f3n entre ambos pa\u00edses"}]},{"@type":"WebSite","@id":"https:\/\/puertointerior.guanajuato.gob.mx\/blog\/#website","url":"https:\/\/puertointerior.guanajuato.gob.mx\/blog\/","name":"Blog | GPI NEWS","description":"Guanajuato Puerto Interior","potentialAction":[{"@type":"SearchAction","target":{"@type":"EntryPoint","urlTemplate":"https:\/\/puertointerior.guanajuato.gob.mx\/blog\/?s={search_term_string}"},"query-input":{"@type":"PropertyValueSpecification","valueRequired":true,"valueName":"search_term_string"}}],"inLanguage":"es"},{"@type":"Person","@id":"https:\/\/puertointerior.guanajuato.gob.mx\/blog\/#\/schema\/person\/f4851bb8a48c32d7fba5285caf4ef1c4","name":"GPI NEWS","image":{"@type":"ImageObject","inLanguage":"es","@id":"https:\/\/puertointerior.guanajuato.gob.mx\/blog\/#\/schema\/person\/image\/","url":"https:\/\/secure.gravatar.com\/avatar\/612aca53a708cefc5ebe15ab0bc63c51a8ba58563e45c17848fa400e627e2717?s=96&d=mm&r=g","contentUrl":"https:\/\/secure.gravatar.com\/avatar\/612aca53a708cefc5ebe15ab0bc63c51a8ba58563e45c17848fa400e627e2717?s=96&d=mm&r=g","caption":"GPI NEWS"},"url":"https:\/\/puertointerior.guanajuato.gob.mx\/blog\/author\/rafa-jacinto\/"}]}},"jetpack_featured_media_url":"https:\/\/puertointerior.guanajuato.gob.mx\/blog\/wp-content\/uploads\/2026\/09\/1788398412321-pp660t.webp","jetpack_sharing_enabled":true,"jetpack_shortlink":"https:\/\/wp.me\/pcnMPA-76S","_links":{"self":[{"href":"https:\/\/puertointerior.guanajuato.gob.mx\/blog\/wp-json\/wp\/v2\/posts\/27334","targetHints":{"allow":["GET"]}}],"collection":[{"href":"https:\/\/puertointerior.guanajuato.gob.mx\/blog\/wp-json\/wp\/v2\/posts"}],"about":[{"href":"https:\/\/puertointerior.guanajuato.gob.mx\/blog\/wp-json\/wp\/v2\/types\/post"}],"author":[{"embeddable":true,"href":"https:\/\/puertointerior.guanajuato.gob.mx\/blog\/wp-json\/wp\/v2\/users\/2"}],"replies":[{"embeddable":true,"href":"https:\/\/puertointerior.guanajuato.gob.mx\/blog\/wp-json\/wp\/v2\/comments?post=27334"}],"version-history":[{"count":1,"href":"https:\/\/puertointerior.guanajuato.gob.mx\/blog\/wp-json\/wp\/v2\/posts\/27334\/revisions"}],"predecessor-version":[{"id":27336,"href":"https:\/\/puertointerior.guanajuato.gob.mx\/blog\/wp-json\/wp\/v2\/posts\/27334\/revisions\/27336"}],"wp:featuredmedia":[{"embeddable":true,"href":"https:\/\/puertointerior.guanajuato.gob.mx\/blog\/wp-json\/wp\/v2\/media\/27335"}],"wp:attachment":[{"href":"https:\/\/puertointerior.guanajuato.gob.mx\/blog\/wp-json\/wp\/v2\/media?parent=27334"}],"wp:term":[{"taxonomy":"category","embeddable":true,"href":"https:\/\/puertointerior.guanajuato.gob.mx\/blog\/wp-json\/wp\/v2\/categories?post=27334"},{"taxonomy":"post_tag","embeddable":true,"href":"https:\/\/puertointerior.guanajuato.gob.mx\/blog\/wp-json\/wp\/v2\/tags?post=27334"}],"curies":[{"name":"wp","href":"https:\/\/api.w.org\/{rel}","templated":true}]}}