{"id":2756,"date":"2023-02-23T10:58:18","date_gmt":"2023-02-23T15:58:18","guid":{"rendered":"https:\/\/puertointerior.guanajuato.gob.mx\/blog\/?p=2756"},"modified":"2023-02-23T10:58:18","modified_gmt":"2023-02-23T15:58:18","slug":"volkswagen-podria-hacer-un-auto-electrico-deportivo-con-mas-de-600-caballos-de-fuerza","status":"publish","type":"post","link":"https:\/\/puertointerior.guanajuato.gob.mx\/blog\/2023\/02\/23\/volkswagen-podria-hacer-un-auto-electrico-deportivo-con-mas-de-600-caballos-de-fuerza\/","title":{"rendered":"Volkswagen podr\u00eda hacer un auto el\u00e9ctrico deportivo con m\u00e1s de 600 caballos de fuerza"},"content":{"rendered":"<h2 class=\"bajada\">Los autos el\u00e9ctricos deportivos han demostrado ser radicales y potentes, y Volkswagen podr\u00eda contar con un nuevo modelo de m\u00e1s de 600 caballos de fuerza.<\/h2>\n<p><img decoding=\"async\" src=\"https:\/\/www.deceroacien.com.mx\/u\/fotografias\/m\/2023\/2\/21\/f960x540-17043_91118_0.jpg\" alt=\"Volkswagen podr\u00eda hacer un auto el\u00e9ctrico m\u00e1s deportivo\" \/><\/p>\n<p>Aunque no nos guste, los<strong>\u00a0autos el\u00e9ctricos<\/strong>\u00a0de segmentos m\u00e1s deportivos tambi\u00e9n retoman m\u00e1s fuerza en toda la industria automotriz y\u00a0<strong>Volkswagen\u00a0<\/strong>es una de las marcas que apuesta fuertemente a este tipo de veh\u00edculos. Ahora, la compa\u00f1\u00eda alemana tambi\u00e9n estar\u00eda trabajando en una plataforma el\u00e9ctrica que nos podr\u00eda dar\u00a0<strong>autos deportivos<\/strong>\u00a0de prestaciones atractivas.<\/p>\n<p>La plataforma\u00a0<strong>MEB\u00a0<\/strong>de<strong>\u00a0Volkswagen<\/strong>\u00a0actualmente es una de las m\u00e1s importantes de los autos el\u00e9ctricos e industria automotriz en general, la cual est\u00e1 presente en diversos modelos de la marca y grupo desde 2015, como el ID.3, ID.4, ID.Buzz; al igual que otros veh\u00edculos de Audi, Cupra y Skoda.<\/p>\n<div class=\"content-banner\"><\/div>\n<p>Sin embargo, las plataformas de bater\u00edas de\u00a0<strong>autos el\u00e9ctricos<\/strong>\u00a0igual estrenan\u00a0adiciones y se confirma que el\u00a0<strong>Grupo\u00a0Volkswagen<\/strong>\u00a0har\u00e1 la\u00a0<strong>MEB Evo<\/strong>, la cual llegar\u00e1 en un par de a\u00f1os. Aparte de que la marca tambi\u00e9n comenzar\u00e1 a desarrollar otras clases de tecnolog\u00edas, como sistemas de gesti\u00f3n t\u00e9rmica y conversores de pulsaciones.<\/p>\n<h2><strong>Volkswagen va con todo en estas tecnolog\u00edas<\/strong><\/h2>\n<p><img decoding=\"async\" src=\"https:\/\/www.deceroacien.com.mx\/u\/fotografias\/m\/2023\/2\/21\/f768x400-17042_60945_5050.jpg\" alt=\"Exterior del Volkswagen XL1\" \/><\/p>\n<p>Con todas las tecnolog\u00edas nuevas de\u00a0<strong>Volkswagen<\/strong>, el resultado podr\u00eda ser interesante, ya que con esto la marca tambi\u00e9n se est\u00e1 acercando a la posibilidad de hacer un\u00a0<strong>auto deportivo\u00a0<\/strong>con prestaciones m\u00e1s radicales.<\/p>\n<p><strong>Volkswagen\u00a0<\/strong>ya tiene historia en este segmento, como el concepto W12 Concept de los noventa que nunca se lleg\u00f3 a la fase de producci\u00f3n, o el XL1, un\u00a0<strong>auto h\u00edbrido\u00a0<\/strong>a di\u00e9sel que s\u00ed se lleg\u00f3 a producir, pero solo estuvo presente de 2015 a 2016, con 200 unidades producidas.<\/p>\n<p>Gracias al anuncio de la respectiva plataforma\u00a0<strong>MEB Evo<\/strong>, la marca agreg\u00f3 que est\u00e1 la posibilidad de hacer un\u00a0<strong>auto deportivo<\/strong>, el cual podr\u00eda generar cerca de 680 caballos de fuerza.<\/p>\n<h2><strong>Potencia el\u00e9ctrica de alto desempe\u00f1o<\/strong><\/h2>\n<p><img decoding=\"async\" src=\"https:\/\/www.deceroacien.com.mx\/u\/fotografias\/m\/2023\/2\/21\/f768x400-17044_60947_5050.jpg\" alt=\"Exterior del Porsche Taycan \" \/><\/p>\n<p>La potencia de 680 caballos de fuerza sin lugar a dudas es interesante, debido a que esta cifra nos recuerda al\u00a0<strong>Porsche Taycan Turbo<\/strong>, el cual se consolida como uno de los mejores autos el\u00e9ctricos deportivos de los \u00faltimos a\u00f1os.<\/p>\n<p>Esperemos tener informaci\u00f3n sobre este\u00a0<strong>auto deportivo el\u00e9ctrico<\/strong>\u00a0de\u00a0<strong>Volkswagen\u00a0<\/strong>en los siguientes a\u00f1os, m\u00e1s que nada porque podr\u00eda ser algo interesante en cuesti\u00f3n de prestaciones, aunque antes de todo esto, veremos m\u00e1s camionetas y sedanes electrificados por parte de la marca.<\/p>\n<p>Publicado originalmente por :<a href=\"https:\/\/www.deceroacien.com.mx\/autos\/2023\/2\/21\/volkswagen-podria-hacer-un-auto-electrico-deportivo-con-mas-de-600-caballos-de-fuerza-5153.html\">https:\/\/www.deceroacien.com.mx\/autos\/2023\/2\/21\/volkswagen-podria-hacer-un-auto-electrico-deportivo-con-mas-de-600-caballos-de-fuerza-5153.html<\/a><\/p>\n","protected":false},"excerpt":{"rendered":"<p>Los autos el\u00e9ctricos deportivos han demostrado ser radicales y potentes, y Volkswagen podr\u00eda contar con un nuevo modelo de m\u00e1s de 600 caballos de fuerza. Aunque no nos guste, los\u00a0autos el\u00e9ctricos\u00a0de segmentos m\u00e1s deportivos tambi\u00e9n retoman m\u00e1s fuerza en toda la industria automotriz y\u00a0Volkswagen\u00a0es una de las marcas que apuesta fuertemente a este tipo de [&hellip;]<\/p>\n","protected":false},"author":2,"featured_media":2757,"comment_status":"closed","ping_status":"open","sticky":false,"template":"","format":"standard","meta":{"jetpack_post_was_ever_published":false,"_jetpack_newsletter_access":"","_jetpack_dont_email_post_to_subs":false,"_jetpack_newsletter_tier_id":0,"_jetpack_memberships_contains_paywalled_content":false,"_jetpack_memberships_contains_paid_content":false,"footnotes":""},"categories":[6],"tags":[],"class_list":["post-2756","post","type-post","status-publish","format-standard","has-post-thumbnail","hentry","category-innovation"],"yoast_head":"<!-- This site is optimized with the Yoast SEO plugin v25.7 - https:\/\/yoast.com\/wordpress\/plugins\/seo\/ -->\n<title>Volkswagen podr\u00eda hacer un auto el\u00e9ctrico deportivo con m\u00e1s de 600 caballos de fuerza - Blog | GPI NEWS<\/title>\n<meta name=\"robots\" content=\"index, follow, max-snippet:-1, max-image-preview:large, max-video-preview:-1\" \/>\n<link rel=\"canonical\" href=\"https:\/\/puertointerior.guanajuato.gob.mx\/blog\/2023\/02\/23\/volkswagen-podria-hacer-un-auto-electrico-deportivo-con-mas-de-600-caballos-de-fuerza\/\" \/>\n<meta property=\"og:locale\" content=\"es_MX\" \/>\n<meta property=\"og:type\" content=\"article\" \/>\n<meta property=\"og:title\" content=\"Volkswagen podr\u00eda hacer un auto el\u00e9ctrico deportivo con m\u00e1s de 600 caballos de fuerza - Blog | GPI NEWS\" \/>\n<meta property=\"og:description\" content=\"Los autos el\u00e9ctricos deportivos han demostrado ser radicales y potentes, y Volkswagen podr\u00eda contar con un nuevo modelo de m\u00e1s de 600 caballos de fuerza. Aunque no nos guste, los\u00a0autos el\u00e9ctricos\u00a0de segmentos m\u00e1s deportivos tambi\u00e9n retoman m\u00e1s fuerza en toda la industria automotriz y\u00a0Volkswagen\u00a0es una de las marcas que apuesta fuertemente a este tipo de [&hellip;]\" \/>\n<meta property=\"og:url\" content=\"https:\/\/puertointerior.guanajuato.gob.mx\/blog\/2023\/02\/23\/volkswagen-podria-hacer-un-auto-electrico-deportivo-con-mas-de-600-caballos-de-fuerza\/\" \/>\n<meta property=\"og:site_name\" content=\"Blog | GPI NEWS\" \/>\n<meta property=\"article:published_time\" content=\"2023-02-23T15:58:18+00:00\" \/>\n<meta property=\"og:image\" content=\"https:\/\/puertointerior.guanajuato.gob.mx\/blog\/wp-content\/uploads\/2023\/02\/f960x540-17043_91118_0.jpg\" \/>\n\t<meta property=\"og:image:width\" content=\"960\" \/>\n\t<meta property=\"og:image:height\" content=\"540\" \/>\n\t<meta property=\"og:image:type\" content=\"image\/jpeg\" \/>\n<meta name=\"author\" content=\"GPI NEWS\" \/>\n<meta name=\"twitter:card\" content=\"summary_large_image\" \/>\n<meta name=\"twitter:label1\" content=\"Escrito por\" \/>\n\t<meta name=\"twitter:data1\" content=\"GPI NEWS\" \/>\n\t<meta name=\"twitter:label2\" content=\"Tiempo de lectura\" \/>\n\t<meta name=\"twitter:data2\" content=\"2 minutos\" \/>\n<script type=\"application\/ld+json\" class=\"yoast-schema-graph\">{\"@context\":\"https:\/\/schema.org\",\"@graph\":[{\"@type\":\"WebPage\",\"@id\":\"https:\/\/puertointerior.guanajuato.gob.mx\/blog\/2023\/02\/23\/volkswagen-podria-hacer-un-auto-electrico-deportivo-con-mas-de-600-caballos-de-fuerza\/\",\"url\":\"https:\/\/puertointerior.guanajuato.gob.mx\/blog\/2023\/02\/23\/volkswagen-podria-hacer-un-auto-electrico-deportivo-con-mas-de-600-caballos-de-fuerza\/\",\"name\":\"Volkswagen podr\u00eda hacer un auto el\u00e9ctrico deportivo con m\u00e1s de 600 caballos de fuerza - Blog | GPI NEWS\",\"isPartOf\":{\"@id\":\"https:\/\/puertointerior.guanajuato.gob.mx\/blog\/#website\"},\"primaryImageOfPage\":{\"@id\":\"https:\/\/puertointerior.guanajuato.gob.mx\/blog\/2023\/02\/23\/volkswagen-podria-hacer-un-auto-electrico-deportivo-con-mas-de-600-caballos-de-fuerza\/#primaryimage\"},\"image\":{\"@id\":\"https:\/\/puertointerior.guanajuato.gob.mx\/blog\/2023\/02\/23\/volkswagen-podria-hacer-un-auto-electrico-deportivo-con-mas-de-600-caballos-de-fuerza\/#primaryimage\"},\"thumbnailUrl\":\"https:\/\/puertointerior.guanajuato.gob.mx\/blog\/wp-content\/uploads\/2023\/02\/f960x540-17043_91118_0.jpg\",\"datePublished\":\"2023-02-23T15:58:18+00:00\",\"author\":{\"@id\":\"https:\/\/puertointerior.guanajuato.gob.mx\/blog\/#\/schema\/person\/f4851bb8a48c32d7fba5285caf4ef1c4\"},\"breadcrumb\":{\"@id\":\"https:\/\/puertointerior.guanajuato.gob.mx\/blog\/2023\/02\/23\/volkswagen-podria-hacer-un-auto-electrico-deportivo-con-mas-de-600-caballos-de-fuerza\/#breadcrumb\"},\"inLanguage\":\"es\",\"potentialAction\":[{\"@type\":\"ReadAction\",\"target\":[\"https:\/\/puertointerior.guanajuato.gob.mx\/blog\/2023\/02\/23\/volkswagen-podria-hacer-un-auto-electrico-deportivo-con-mas-de-600-caballos-de-fuerza\/\"]}]},{\"@type\":\"ImageObject\",\"inLanguage\":\"es\",\"@id\":\"https:\/\/puertointerior.guanajuato.gob.mx\/blog\/2023\/02\/23\/volkswagen-podria-hacer-un-auto-electrico-deportivo-con-mas-de-600-caballos-de-fuerza\/#primaryimage\",\"url\":\"https:\/\/puertointerior.guanajuato.gob.mx\/blog\/wp-content\/uploads\/2023\/02\/f960x540-17043_91118_0.jpg\",\"contentUrl\":\"https:\/\/puertointerior.guanajuato.gob.mx\/blog\/wp-content\/uploads\/2023\/02\/f960x540-17043_91118_0.jpg\",\"width\":960,\"height\":540},{\"@type\":\"BreadcrumbList\",\"@id\":\"https:\/\/puertointerior.guanajuato.gob.mx\/blog\/2023\/02\/23\/volkswagen-podria-hacer-un-auto-electrico-deportivo-con-mas-de-600-caballos-de-fuerza\/#breadcrumb\",\"itemListElement\":[{\"@type\":\"ListItem\",\"position\":1,\"name\":\"Inicio\",\"item\":\"https:\/\/puertointerior.guanajuato.gob.mx\/blog\/\"},{\"@type\":\"ListItem\",\"position\":2,\"name\":\"Volkswagen podr\u00eda hacer un auto el\u00e9ctrico deportivo con m\u00e1s de 600 caballos de fuerza\"}]},{\"@type\":\"WebSite\",\"@id\":\"https:\/\/puertointerior.guanajuato.gob.mx\/blog\/#website\",\"url\":\"https:\/\/puertointerior.guanajuato.gob.mx\/blog\/\",\"name\":\"Blog | GPI NEWS\",\"description\":\"Guanajuato Puerto Interior\",\"potentialAction\":[{\"@type\":\"SearchAction\",\"target\":{\"@type\":\"EntryPoint\",\"urlTemplate\":\"https:\/\/puertointerior.guanajuato.gob.mx\/blog\/?s={search_term_string}\"},\"query-input\":{\"@type\":\"PropertyValueSpecification\",\"valueRequired\":true,\"valueName\":\"search_term_string\"}}],\"inLanguage\":\"es\"},{\"@type\":\"Person\",\"@id\":\"https:\/\/puertointerior.guanajuato.gob.mx\/blog\/#\/schema\/person\/f4851bb8a48c32d7fba5285caf4ef1c4\",\"name\":\"GPI NEWS\",\"image\":{\"@type\":\"ImageObject\",\"inLanguage\":\"es\",\"@id\":\"https:\/\/puertointerior.guanajuato.gob.mx\/blog\/#\/schema\/person\/image\/\",\"url\":\"https:\/\/secure.gravatar.com\/avatar\/612aca53a708cefc5ebe15ab0bc63c51a8ba58563e45c17848fa400e627e2717?s=96&d=mm&r=g\",\"contentUrl\":\"https:\/\/secure.gravatar.com\/avatar\/612aca53a708cefc5ebe15ab0bc63c51a8ba58563e45c17848fa400e627e2717?s=96&d=mm&r=g\",\"caption\":\"GPI NEWS\"},\"url\":\"https:\/\/puertointerior.guanajuato.gob.mx\/blog\/author\/rafa-jacinto\/\"}]}<\/script>\n<!-- \/ Yoast SEO plugin. -->","yoast_head_json":{"title":"Volkswagen podr\u00eda hacer un auto el\u00e9ctrico deportivo con m\u00e1s de 600 caballos de fuerza - Blog | GPI NEWS","robots":{"index":"index","follow":"follow","max-snippet":"max-snippet:-1","max-image-preview":"max-image-preview:large","max-video-preview":"max-video-preview:-1"},"canonical":"https:\/\/puertointerior.guanajuato.gob.mx\/blog\/2023\/02\/23\/volkswagen-podria-hacer-un-auto-electrico-deportivo-con-mas-de-600-caballos-de-fuerza\/","og_locale":"es_MX","og_type":"article","og_title":"Volkswagen podr\u00eda hacer un auto el\u00e9ctrico deportivo con m\u00e1s de 600 caballos de fuerza - Blog | GPI NEWS","og_description":"Los autos el\u00e9ctricos deportivos han demostrado ser radicales y potentes, y Volkswagen podr\u00eda contar con un nuevo modelo de m\u00e1s de 600 caballos de fuerza. Aunque no nos guste, los\u00a0autos el\u00e9ctricos\u00a0de segmentos m\u00e1s deportivos tambi\u00e9n retoman m\u00e1s fuerza en toda la industria automotriz y\u00a0Volkswagen\u00a0es una de las marcas que apuesta fuertemente a este tipo de [&hellip;]","og_url":"https:\/\/puertointerior.guanajuato.gob.mx\/blog\/2023\/02\/23\/volkswagen-podria-hacer-un-auto-electrico-deportivo-con-mas-de-600-caballos-de-fuerza\/","og_site_name":"Blog | GPI NEWS","article_published_time":"2023-02-23T15:58:18+00:00","og_image":[{"width":960,"height":540,"url":"https:\/\/puertointerior.guanajuato.gob.mx\/blog\/wp-content\/uploads\/2023\/02\/f960x540-17043_91118_0.jpg","type":"image\/jpeg"}],"author":"GPI NEWS","twitter_card":"summary_large_image","twitter_misc":{"Escrito por":"GPI NEWS","Tiempo de lectura":"2 minutos"},"schema":{"@context":"https:\/\/schema.org","@graph":[{"@type":"WebPage","@id":"https:\/\/puertointerior.guanajuato.gob.mx\/blog\/2023\/02\/23\/volkswagen-podria-hacer-un-auto-electrico-deportivo-con-mas-de-600-caballos-de-fuerza\/","url":"https:\/\/puertointerior.guanajuato.gob.mx\/blog\/2023\/02\/23\/volkswagen-podria-hacer-un-auto-electrico-deportivo-con-mas-de-600-caballos-de-fuerza\/","name":"Volkswagen podr\u00eda hacer un auto el\u00e9ctrico deportivo con m\u00e1s de 600 caballos de fuerza - Blog | GPI NEWS","isPartOf":{"@id":"https:\/\/puertointerior.guanajuato.gob.mx\/blog\/#website"},"primaryImageOfPage":{"@id":"https:\/\/puertointerior.guanajuato.gob.mx\/blog\/2023\/02\/23\/volkswagen-podria-hacer-un-auto-electrico-deportivo-con-mas-de-600-caballos-de-fuerza\/#primaryimage"},"image":{"@id":"https:\/\/puertointerior.guanajuato.gob.mx\/blog\/2023\/02\/23\/volkswagen-podria-hacer-un-auto-electrico-deportivo-con-mas-de-600-caballos-de-fuerza\/#primaryimage"},"thumbnailUrl":"https:\/\/puertointerior.guanajuato.gob.mx\/blog\/wp-content\/uploads\/2023\/02\/f960x540-17043_91118_0.jpg","datePublished":"2023-02-23T15:58:18+00:00","author":{"@id":"https:\/\/puertointerior.guanajuato.gob.mx\/blog\/#\/schema\/person\/f4851bb8a48c32d7fba5285caf4ef1c4"},"breadcrumb":{"@id":"https:\/\/puertointerior.guanajuato.gob.mx\/blog\/2023\/02\/23\/volkswagen-podria-hacer-un-auto-electrico-deportivo-con-mas-de-600-caballos-de-fuerza\/#breadcrumb"},"inLanguage":"es","potentialAction":[{"@type":"ReadAction","target":["https:\/\/puertointerior.guanajuato.gob.mx\/blog\/2023\/02\/23\/volkswagen-podria-hacer-un-auto-electrico-deportivo-con-mas-de-600-caballos-de-fuerza\/"]}]},{"@type":"ImageObject","inLanguage":"es","@id":"https:\/\/puertointerior.guanajuato.gob.mx\/blog\/2023\/02\/23\/volkswagen-podria-hacer-un-auto-electrico-deportivo-con-mas-de-600-caballos-de-fuerza\/#primaryimage","url":"https:\/\/puertointerior.guanajuato.gob.mx\/blog\/wp-content\/uploads\/2023\/02\/f960x540-17043_91118_0.jpg","contentUrl":"https:\/\/puertointerior.guanajuato.gob.mx\/blog\/wp-content\/uploads\/2023\/02\/f960x540-17043_91118_0.jpg","width":960,"height":540},{"@type":"BreadcrumbList","@id":"https:\/\/puertointerior.guanajuato.gob.mx\/blog\/2023\/02\/23\/volkswagen-podria-hacer-un-auto-electrico-deportivo-con-mas-de-600-caballos-de-fuerza\/#breadcrumb","itemListElement":[{"@type":"ListItem","position":1,"name":"Inicio","item":"https:\/\/puertointerior.guanajuato.gob.mx\/blog\/"},{"@type":"ListItem","position":2,"name":"Volkswagen podr\u00eda hacer un auto el\u00e9ctrico deportivo con m\u00e1s de 600 caballos de fuerza"}]},{"@type":"WebSite","@id":"https:\/\/puertointerior.guanajuato.gob.mx\/blog\/#website","url":"https:\/\/puertointerior.guanajuato.gob.mx\/blog\/","name":"Blog | GPI NEWS","description":"Guanajuato Puerto Interior","potentialAction":[{"@type":"SearchAction","target":{"@type":"EntryPoint","urlTemplate":"https:\/\/puertointerior.guanajuato.gob.mx\/blog\/?s={search_term_string}"},"query-input":{"@type":"PropertyValueSpecification","valueRequired":true,"valueName":"search_term_string"}}],"inLanguage":"es"},{"@type":"Person","@id":"https:\/\/puertointerior.guanajuato.gob.mx\/blog\/#\/schema\/person\/f4851bb8a48c32d7fba5285caf4ef1c4","name":"GPI NEWS","image":{"@type":"ImageObject","inLanguage":"es","@id":"https:\/\/puertointerior.guanajuato.gob.mx\/blog\/#\/schema\/person\/image\/","url":"https:\/\/secure.gravatar.com\/avatar\/612aca53a708cefc5ebe15ab0bc63c51a8ba58563e45c17848fa400e627e2717?s=96&d=mm&r=g","contentUrl":"https:\/\/secure.gravatar.com\/avatar\/612aca53a708cefc5ebe15ab0bc63c51a8ba58563e45c17848fa400e627e2717?s=96&d=mm&r=g","caption":"GPI NEWS"},"url":"https:\/\/puertointerior.guanajuato.gob.mx\/blog\/author\/rafa-jacinto\/"}]}},"jetpack_featured_media_url":"https:\/\/puertointerior.guanajuato.gob.mx\/blog\/wp-content\/uploads\/2023\/02\/f960x540-17043_91118_0.jpg","jetpack_sharing_enabled":true,"jetpack_shortlink":"https:\/\/wp.me\/pcnMPA-Is","_links":{"self":[{"href":"https:\/\/puertointerior.guanajuato.gob.mx\/blog\/wp-json\/wp\/v2\/posts\/2756","targetHints":{"allow":["GET"]}}],"collection":[{"href":"https:\/\/puertointerior.guanajuato.gob.mx\/blog\/wp-json\/wp\/v2\/posts"}],"about":[{"href":"https:\/\/puertointerior.guanajuato.gob.mx\/blog\/wp-json\/wp\/v2\/types\/post"}],"author":[{"embeddable":true,"href":"https:\/\/puertointerior.guanajuato.gob.mx\/blog\/wp-json\/wp\/v2\/users\/2"}],"replies":[{"embeddable":true,"href":"https:\/\/puertointerior.guanajuato.gob.mx\/blog\/wp-json\/wp\/v2\/comments?post=2756"}],"version-history":[{"count":1,"href":"https:\/\/puertointerior.guanajuato.gob.mx\/blog\/wp-json\/wp\/v2\/posts\/2756\/revisions"}],"predecessor-version":[{"id":2758,"href":"https:\/\/puertointerior.guanajuato.gob.mx\/blog\/wp-json\/wp\/v2\/posts\/2756\/revisions\/2758"}],"wp:featuredmedia":[{"embeddable":true,"href":"https:\/\/puertointerior.guanajuato.gob.mx\/blog\/wp-json\/wp\/v2\/media\/2757"}],"wp:attachment":[{"href":"https:\/\/puertointerior.guanajuato.gob.mx\/blog\/wp-json\/wp\/v2\/media?parent=2756"}],"wp:term":[{"taxonomy":"category","embeddable":true,"href":"https:\/\/puertointerior.guanajuato.gob.mx\/blog\/wp-json\/wp\/v2\/categories?post=2756"},{"taxonomy":"post_tag","embeddable":true,"href":"https:\/\/puertointerior.guanajuato.gob.mx\/blog\/wp-json\/wp\/v2\/tags?post=2756"}],"curies":[{"name":"wp","href":"https:\/\/api.w.org\/{rel}","templated":true}]}}