{"id":2862,"date":"2023-03-08T23:22:50","date_gmt":"2023-03-09T04:22:50","guid":{"rendered":"https:\/\/puertointerior.guanajuato.gob.mx\/blog\/?p=2862"},"modified":"2023-03-08T23:22:50","modified_gmt":"2023-03-09T04:22:50","slug":"crecio-14-18-exportaciones-de-vehiculos-ligeros-en-febrero","status":"publish","type":"post","link":"https:\/\/puertointerior.guanajuato.gob.mx\/blog\/2023\/03\/08\/crecio-14-18-exportaciones-de-vehiculos-ligeros-en-febrero\/","title":{"rendered":"Creci\u00f3 14.18 % exportaciones de veh\u00edculos ligeros en febrero"},"content":{"rendered":"<p><em>Ciudad de M\u00e9xico.<\/em>\u00a0Pese a dos ca\u00eddas mensuales consecutivas, la industria automotriz en M\u00e9xico registr\u00f3 un aumento anual en sus exportaciones de veh\u00edculos ligeros en febrero de 2023.<\/p>\n<p>El Instituto Nacional de Estad\u00edstica y Geograf\u00eda (Inegi) dio a conocer el Registro Administrativo de la Industria Automotriz de Veh\u00edculos Ligeros (Raiavl), en el cual estim\u00f3 que el sector automotriz export\u00f3 230 mil 484 unidades en febrero pasado, lo que represent\u00f3 un aumento anual de 14.18 por ciento; mientras que con respecto a enero cayeron 3.2 por ciento.<\/p>\n<p>El n\u00famero de exportaciones de febrero fue el m\u00e1s bajo desde julio de 2022, seg\u00fan datos del Inegi.<\/p>\n<p>Durante el periodo enero- febrero de 2023 se report\u00f3 un total de 468 mil 619 unidades, una variaci\u00f3n de 11.98 por ciento respecto al mismo periodo de 2022.<\/p>\n<p>Por su parte, la producci\u00f3n de veh\u00edculos ligeros aument\u00f3 9.9 por ciento anual en febrero de 2023, al ensamblar 295 mil 787 unidades; mientras que con respecto al primer mes de 2023, la producci\u00f3n subi\u00f3 5.5 por ciento.<\/p>\n<p>Durante el primer bimestre de 2023 se produjeron 576 mil 53 unidades en M\u00e9xico. Los camiones ligeros representaron 77.4 por ciento del total producido. El resto correspondi\u00f3 a la fabricaci\u00f3n de autom\u00f3viles.<\/p>\n<p>En febrero de 2023, se vendieron 101 mil 911 unidades en el mercado interno, lo que representa una variaci\u00f3n de 28 por ciento respecto al mismo mes de 2022.<\/p>\n<p>Dicha informaci\u00f3n proviene de 22 empresas afiliadas a la Asociaci\u00f3n Mexicana de la Industria Automotriz (Amia), Giant Motors Latinoam\u00e9rica, Autos Orientales Picacho y Chirey Motor M\u00e9xico.<\/p>\n<p>Publicado originalmente por:\u00a0<a href=\"https:\/\/www.jornada.com.mx\/notas\/2023\/03\/06\/economia\/crecio-14-18-exportaciones-de-vehiculos-ligeros-en-febrero\/?from=page&amp;block=economia&amp;opt=articlelink\">https:\/\/www.jornada.com.mx\/notas\/2023\/03\/06\/economia\/crecio-14-18-exportaciones-de-vehiculos-ligeros-en-febrero\/?from=page&amp;block=economia&amp;opt=articlelink<\/a><\/p>\n<p>&nbsp;<\/p>\n","protected":false},"excerpt":{"rendered":"<p>Ciudad de M\u00e9xico.\u00a0Pese a dos ca\u00eddas mensuales consecutivas, la industria automotriz en M\u00e9xico registr\u00f3 un aumento anual en sus exportaciones de veh\u00edculos ligeros en febrero de 2023. El Instituto Nacional de Estad\u00edstica y Geograf\u00eda (Inegi) dio a conocer el Registro Administrativo de la Industria Automotriz de Veh\u00edculos Ligeros (Raiavl), en el cual estim\u00f3 que el [&hellip;]<\/p>\n","protected":false},"author":2,"featured_media":2863,"comment_status":"closed","ping_status":"open","sticky":false,"template":"","format":"standard","meta":{"jetpack_post_was_ever_published":false,"_jetpack_newsletter_access":"","_jetpack_dont_email_post_to_subs":false,"_jetpack_newsletter_tier_id":0,"_jetpack_memberships_contains_paywalled_content":false,"_jetpack_memberships_contains_paid_content":false,"footnotes":""},"categories":[20],"tags":[],"class_list":["post-2862","post","type-post","status-publish","format-standard","has-post-thumbnail","hentry","category-economic-development"],"yoast_head":"<!-- This site is optimized with the Yoast SEO plugin v25.7 - https:\/\/yoast.com\/wordpress\/plugins\/seo\/ -->\n<title>Creci\u00f3 14.18 % exportaciones de veh\u00edculos ligeros en febrero - Blog | GPI NEWS<\/title>\n<meta name=\"robots\" content=\"index, follow, max-snippet:-1, max-image-preview:large, max-video-preview:-1\" \/>\n<link rel=\"canonical\" href=\"https:\/\/puertointerior.guanajuato.gob.mx\/blog\/2023\/03\/08\/crecio-14-18-exportaciones-de-vehiculos-ligeros-en-febrero\/\" \/>\n<meta property=\"og:locale\" content=\"es_MX\" \/>\n<meta property=\"og:type\" content=\"article\" \/>\n<meta property=\"og:title\" content=\"Creci\u00f3 14.18 % exportaciones de veh\u00edculos ligeros en febrero - Blog | GPI NEWS\" \/>\n<meta property=\"og:description\" content=\"Ciudad de M\u00e9xico.\u00a0Pese a dos ca\u00eddas mensuales consecutivas, la industria automotriz en M\u00e9xico registr\u00f3 un aumento anual en sus exportaciones de veh\u00edculos ligeros en febrero de 2023. El Instituto Nacional de Estad\u00edstica y Geograf\u00eda (Inegi) dio a conocer el Registro Administrativo de la Industria Automotriz de Veh\u00edculos Ligeros (Raiavl), en el cual estim\u00f3 que el [&hellip;]\" \/>\n<meta property=\"og:url\" content=\"https:\/\/puertointerior.guanajuato.gob.mx\/blog\/2023\/03\/08\/crecio-14-18-exportaciones-de-vehiculos-ligeros-en-febrero\/\" \/>\n<meta property=\"og:site_name\" content=\"Blog | GPI NEWS\" \/>\n<meta property=\"article:published_time\" content=\"2023-03-09T04:22:50+00:00\" \/>\n<meta property=\"og:image\" content=\"https:\/\/puertointerior.guanajuato.gob.mx\/blog\/wp-content\/uploads\/2023\/03\/image_large.jpg\" \/>\n\t<meta property=\"og:image:width\" content=\"1117\" \/>\n\t<meta property=\"og:image:height\" content=\"802\" \/>\n\t<meta property=\"og:image:type\" content=\"image\/jpeg\" \/>\n<meta name=\"author\" content=\"GPI NEWS\" \/>\n<meta name=\"twitter:card\" content=\"summary_large_image\" \/>\n<meta name=\"twitter:label1\" content=\"Escrito por\" \/>\n\t<meta name=\"twitter:data1\" content=\"GPI NEWS\" \/>\n\t<meta name=\"twitter:label2\" content=\"Tiempo de lectura\" \/>\n\t<meta name=\"twitter:data2\" content=\"1 minuto\" \/>\n<script type=\"application\/ld+json\" class=\"yoast-schema-graph\">{\"@context\":\"https:\/\/schema.org\",\"@graph\":[{\"@type\":\"WebPage\",\"@id\":\"https:\/\/puertointerior.guanajuato.gob.mx\/blog\/2023\/03\/08\/crecio-14-18-exportaciones-de-vehiculos-ligeros-en-febrero\/\",\"url\":\"https:\/\/puertointerior.guanajuato.gob.mx\/blog\/2023\/03\/08\/crecio-14-18-exportaciones-de-vehiculos-ligeros-en-febrero\/\",\"name\":\"Creci\u00f3 14.18 % exportaciones de veh\u00edculos ligeros en febrero - Blog | GPI NEWS\",\"isPartOf\":{\"@id\":\"https:\/\/puertointerior.guanajuato.gob.mx\/blog\/#website\"},\"primaryImageOfPage\":{\"@id\":\"https:\/\/puertointerior.guanajuato.gob.mx\/blog\/2023\/03\/08\/crecio-14-18-exportaciones-de-vehiculos-ligeros-en-febrero\/#primaryimage\"},\"image\":{\"@id\":\"https:\/\/puertointerior.guanajuato.gob.mx\/blog\/2023\/03\/08\/crecio-14-18-exportaciones-de-vehiculos-ligeros-en-febrero\/#primaryimage\"},\"thumbnailUrl\":\"https:\/\/puertointerior.guanajuato.gob.mx\/blog\/wp-content\/uploads\/2023\/03\/image_large.jpg\",\"datePublished\":\"2023-03-09T04:22:50+00:00\",\"author\":{\"@id\":\"https:\/\/puertointerior.guanajuato.gob.mx\/blog\/#\/schema\/person\/f4851bb8a48c32d7fba5285caf4ef1c4\"},\"breadcrumb\":{\"@id\":\"https:\/\/puertointerior.guanajuato.gob.mx\/blog\/2023\/03\/08\/crecio-14-18-exportaciones-de-vehiculos-ligeros-en-febrero\/#breadcrumb\"},\"inLanguage\":\"es\",\"potentialAction\":[{\"@type\":\"ReadAction\",\"target\":[\"https:\/\/puertointerior.guanajuato.gob.mx\/blog\/2023\/03\/08\/crecio-14-18-exportaciones-de-vehiculos-ligeros-en-febrero\/\"]}]},{\"@type\":\"ImageObject\",\"inLanguage\":\"es\",\"@id\":\"https:\/\/puertointerior.guanajuato.gob.mx\/blog\/2023\/03\/08\/crecio-14-18-exportaciones-de-vehiculos-ligeros-en-febrero\/#primaryimage\",\"url\":\"https:\/\/puertointerior.guanajuato.gob.mx\/blog\/wp-content\/uploads\/2023\/03\/image_large.jpg\",\"contentUrl\":\"https:\/\/puertointerior.guanajuato.gob.mx\/blog\/wp-content\/uploads\/2023\/03\/image_large.jpg\",\"width\":1117,\"height\":802},{\"@type\":\"BreadcrumbList\",\"@id\":\"https:\/\/puertointerior.guanajuato.gob.mx\/blog\/2023\/03\/08\/crecio-14-18-exportaciones-de-vehiculos-ligeros-en-febrero\/#breadcrumb\",\"itemListElement\":[{\"@type\":\"ListItem\",\"position\":1,\"name\":\"Inicio\",\"item\":\"https:\/\/puertointerior.guanajuato.gob.mx\/blog\/\"},{\"@type\":\"ListItem\",\"position\":2,\"name\":\"Creci\u00f3 14.18 % exportaciones de veh\u00edculos ligeros en febrero\"}]},{\"@type\":\"WebSite\",\"@id\":\"https:\/\/puertointerior.guanajuato.gob.mx\/blog\/#website\",\"url\":\"https:\/\/puertointerior.guanajuato.gob.mx\/blog\/\",\"name\":\"Blog | GPI NEWS\",\"description\":\"Guanajuato Puerto Interior\",\"potentialAction\":[{\"@type\":\"SearchAction\",\"target\":{\"@type\":\"EntryPoint\",\"urlTemplate\":\"https:\/\/puertointerior.guanajuato.gob.mx\/blog\/?s={search_term_string}\"},\"query-input\":{\"@type\":\"PropertyValueSpecification\",\"valueRequired\":true,\"valueName\":\"search_term_string\"}}],\"inLanguage\":\"es\"},{\"@type\":\"Person\",\"@id\":\"https:\/\/puertointerior.guanajuato.gob.mx\/blog\/#\/schema\/person\/f4851bb8a48c32d7fba5285caf4ef1c4\",\"name\":\"GPI NEWS\",\"image\":{\"@type\":\"ImageObject\",\"inLanguage\":\"es\",\"@id\":\"https:\/\/puertointerior.guanajuato.gob.mx\/blog\/#\/schema\/person\/image\/\",\"url\":\"https:\/\/secure.gravatar.com\/avatar\/612aca53a708cefc5ebe15ab0bc63c51a8ba58563e45c17848fa400e627e2717?s=96&d=mm&r=g\",\"contentUrl\":\"https:\/\/secure.gravatar.com\/avatar\/612aca53a708cefc5ebe15ab0bc63c51a8ba58563e45c17848fa400e627e2717?s=96&d=mm&r=g\",\"caption\":\"GPI NEWS\"},\"url\":\"https:\/\/puertointerior.guanajuato.gob.mx\/blog\/author\/rafa-jacinto\/\"}]}<\/script>\n<!-- \/ Yoast SEO plugin. -->","yoast_head_json":{"title":"Creci\u00f3 14.18 % exportaciones de veh\u00edculos ligeros en febrero - Blog | GPI NEWS","robots":{"index":"index","follow":"follow","max-snippet":"max-snippet:-1","max-image-preview":"max-image-preview:large","max-video-preview":"max-video-preview:-1"},"canonical":"https:\/\/puertointerior.guanajuato.gob.mx\/blog\/2023\/03\/08\/crecio-14-18-exportaciones-de-vehiculos-ligeros-en-febrero\/","og_locale":"es_MX","og_type":"article","og_title":"Creci\u00f3 14.18 % exportaciones de veh\u00edculos ligeros en febrero - Blog | GPI NEWS","og_description":"Ciudad de M\u00e9xico.\u00a0Pese a dos ca\u00eddas mensuales consecutivas, la industria automotriz en M\u00e9xico registr\u00f3 un aumento anual en sus exportaciones de veh\u00edculos ligeros en febrero de 2023. El Instituto Nacional de Estad\u00edstica y Geograf\u00eda (Inegi) dio a conocer el Registro Administrativo de la Industria Automotriz de Veh\u00edculos Ligeros (Raiavl), en el cual estim\u00f3 que el [&hellip;]","og_url":"https:\/\/puertointerior.guanajuato.gob.mx\/blog\/2023\/03\/08\/crecio-14-18-exportaciones-de-vehiculos-ligeros-en-febrero\/","og_site_name":"Blog | GPI NEWS","article_published_time":"2023-03-09T04:22:50+00:00","og_image":[{"width":1117,"height":802,"url":"https:\/\/puertointerior.guanajuato.gob.mx\/blog\/wp-content\/uploads\/2023\/03\/image_large.jpg","type":"image\/jpeg"}],"author":"GPI NEWS","twitter_card":"summary_large_image","twitter_misc":{"Escrito por":"GPI NEWS","Tiempo de lectura":"1 minuto"},"schema":{"@context":"https:\/\/schema.org","@graph":[{"@type":"WebPage","@id":"https:\/\/puertointerior.guanajuato.gob.mx\/blog\/2023\/03\/08\/crecio-14-18-exportaciones-de-vehiculos-ligeros-en-febrero\/","url":"https:\/\/puertointerior.guanajuato.gob.mx\/blog\/2023\/03\/08\/crecio-14-18-exportaciones-de-vehiculos-ligeros-en-febrero\/","name":"Creci\u00f3 14.18 % exportaciones de veh\u00edculos ligeros en febrero - Blog | GPI NEWS","isPartOf":{"@id":"https:\/\/puertointerior.guanajuato.gob.mx\/blog\/#website"},"primaryImageOfPage":{"@id":"https:\/\/puertointerior.guanajuato.gob.mx\/blog\/2023\/03\/08\/crecio-14-18-exportaciones-de-vehiculos-ligeros-en-febrero\/#primaryimage"},"image":{"@id":"https:\/\/puertointerior.guanajuato.gob.mx\/blog\/2023\/03\/08\/crecio-14-18-exportaciones-de-vehiculos-ligeros-en-febrero\/#primaryimage"},"thumbnailUrl":"https:\/\/puertointerior.guanajuato.gob.mx\/blog\/wp-content\/uploads\/2023\/03\/image_large.jpg","datePublished":"2023-03-09T04:22:50+00:00","author":{"@id":"https:\/\/puertointerior.guanajuato.gob.mx\/blog\/#\/schema\/person\/f4851bb8a48c32d7fba5285caf4ef1c4"},"breadcrumb":{"@id":"https:\/\/puertointerior.guanajuato.gob.mx\/blog\/2023\/03\/08\/crecio-14-18-exportaciones-de-vehiculos-ligeros-en-febrero\/#breadcrumb"},"inLanguage":"es","potentialAction":[{"@type":"ReadAction","target":["https:\/\/puertointerior.guanajuato.gob.mx\/blog\/2023\/03\/08\/crecio-14-18-exportaciones-de-vehiculos-ligeros-en-febrero\/"]}]},{"@type":"ImageObject","inLanguage":"es","@id":"https:\/\/puertointerior.guanajuato.gob.mx\/blog\/2023\/03\/08\/crecio-14-18-exportaciones-de-vehiculos-ligeros-en-febrero\/#primaryimage","url":"https:\/\/puertointerior.guanajuato.gob.mx\/blog\/wp-content\/uploads\/2023\/03\/image_large.jpg","contentUrl":"https:\/\/puertointerior.guanajuato.gob.mx\/blog\/wp-content\/uploads\/2023\/03\/image_large.jpg","width":1117,"height":802},{"@type":"BreadcrumbList","@id":"https:\/\/puertointerior.guanajuato.gob.mx\/blog\/2023\/03\/08\/crecio-14-18-exportaciones-de-vehiculos-ligeros-en-febrero\/#breadcrumb","itemListElement":[{"@type":"ListItem","position":1,"name":"Inicio","item":"https:\/\/puertointerior.guanajuato.gob.mx\/blog\/"},{"@type":"ListItem","position":2,"name":"Creci\u00f3 14.18 % exportaciones de veh\u00edculos ligeros en febrero"}]},{"@type":"WebSite","@id":"https:\/\/puertointerior.guanajuato.gob.mx\/blog\/#website","url":"https:\/\/puertointerior.guanajuato.gob.mx\/blog\/","name":"Blog | GPI NEWS","description":"Guanajuato Puerto Interior","potentialAction":[{"@type":"SearchAction","target":{"@type":"EntryPoint","urlTemplate":"https:\/\/puertointerior.guanajuato.gob.mx\/blog\/?s={search_term_string}"},"query-input":{"@type":"PropertyValueSpecification","valueRequired":true,"valueName":"search_term_string"}}],"inLanguage":"es"},{"@type":"Person","@id":"https:\/\/puertointerior.guanajuato.gob.mx\/blog\/#\/schema\/person\/f4851bb8a48c32d7fba5285caf4ef1c4","name":"GPI NEWS","image":{"@type":"ImageObject","inLanguage":"es","@id":"https:\/\/puertointerior.guanajuato.gob.mx\/blog\/#\/schema\/person\/image\/","url":"https:\/\/secure.gravatar.com\/avatar\/612aca53a708cefc5ebe15ab0bc63c51a8ba58563e45c17848fa400e627e2717?s=96&d=mm&r=g","contentUrl":"https:\/\/secure.gravatar.com\/avatar\/612aca53a708cefc5ebe15ab0bc63c51a8ba58563e45c17848fa400e627e2717?s=96&d=mm&r=g","caption":"GPI NEWS"},"url":"https:\/\/puertointerior.guanajuato.gob.mx\/blog\/author\/rafa-jacinto\/"}]}},"jetpack_featured_media_url":"https:\/\/puertointerior.guanajuato.gob.mx\/blog\/wp-content\/uploads\/2023\/03\/image_large.jpg","jetpack_sharing_enabled":true,"jetpack_shortlink":"https:\/\/wp.me\/pcnMPA-Ka","_links":{"self":[{"href":"https:\/\/puertointerior.guanajuato.gob.mx\/blog\/wp-json\/wp\/v2\/posts\/2862","targetHints":{"allow":["GET"]}}],"collection":[{"href":"https:\/\/puertointerior.guanajuato.gob.mx\/blog\/wp-json\/wp\/v2\/posts"}],"about":[{"href":"https:\/\/puertointerior.guanajuato.gob.mx\/blog\/wp-json\/wp\/v2\/types\/post"}],"author":[{"embeddable":true,"href":"https:\/\/puertointerior.guanajuato.gob.mx\/blog\/wp-json\/wp\/v2\/users\/2"}],"replies":[{"embeddable":true,"href":"https:\/\/puertointerior.guanajuato.gob.mx\/blog\/wp-json\/wp\/v2\/comments?post=2862"}],"version-history":[{"count":1,"href":"https:\/\/puertointerior.guanajuato.gob.mx\/blog\/wp-json\/wp\/v2\/posts\/2862\/revisions"}],"predecessor-version":[{"id":2864,"href":"https:\/\/puertointerior.guanajuato.gob.mx\/blog\/wp-json\/wp\/v2\/posts\/2862\/revisions\/2864"}],"wp:featuredmedia":[{"embeddable":true,"href":"https:\/\/puertointerior.guanajuato.gob.mx\/blog\/wp-json\/wp\/v2\/media\/2863"}],"wp:attachment":[{"href":"https:\/\/puertointerior.guanajuato.gob.mx\/blog\/wp-json\/wp\/v2\/media?parent=2862"}],"wp:term":[{"taxonomy":"category","embeddable":true,"href":"https:\/\/puertointerior.guanajuato.gob.mx\/blog\/wp-json\/wp\/v2\/categories?post=2862"},{"taxonomy":"post_tag","embeddable":true,"href":"https:\/\/puertointerior.guanajuato.gob.mx\/blog\/wp-json\/wp\/v2\/tags?post=2862"}],"curies":[{"name":"wp","href":"https:\/\/api.w.org\/{rel}","templated":true}]}}