{"id":2925,"date":"2023-03-10T13:32:05","date_gmt":"2023-03-10T18:32:05","guid":{"rendered":"https:\/\/puertointerior.guanajuato.gob.mx\/blog\/?p=2925"},"modified":"2023-03-10T13:32:05","modified_gmt":"2023-03-10T18:32:05","slug":"momento-inedito-de-mexico-para-capitalizar-oportunidad-y-fortalecer-de-una-vez-por-todas-la-industria-fadlala-akabani","status":"publish","type":"post","link":"https:\/\/puertointerior.guanajuato.gob.mx\/blog\/2023\/03\/10\/momento-inedito-de-mexico-para-capitalizar-oportunidad-y-fortalecer-de-una-vez-por-todas-la-industria-fadlala-akabani\/","title":{"rendered":"Momento in\u00e9dito de M\u00e9xico para capitalizar oportunidad y \u201cfortalecer de una vez por todas\u201d la industria: Fadlala Akabani"},"content":{"rendered":"<p><strong><em>El secretario de Desarrollo Econ\u00f3mico de la Ciudad de M\u00e9xico resalt\u00f3 durante\u00a0 la inauguraci\u00f3n de Tecma 2023 \u2013la exposici\u00f3n internacional de m\u00e1quinas, herramienta y tecnolog\u00eda para manufactura\u2014 que el actual es un momento \u201cespecial porque se han juntado dos factores que han puesto a nuestro pa\u00eds a la vanguardia de la inversi\u00f3n extranjera y nacional para industrializar y poder surtir de mercanc\u00eda al mercado global m\u00e1s grande de nuestro planeta que es el mercado norteamericano al que pertenece M\u00e9xico\u201d.<\/em><\/strong><\/p>\n<p><strong>CIUDAD DE M\u00c9XICO (08\/03\/2023).-<\/strong>\u00a0\u201cM\u00e9xico vive un momento in\u00e9dito para poner al pa\u00eds a la vanguardia, pues es el momento de la industria nacional y de que el pa\u00eds capitalice esta oportunidad y se inserte en el mercado mundial que nos permita salir adelante, asegur\u00f3 el secretario de Desarrollo Econ\u00f3mico de la Ciudad de M\u00e9xico, Fadlala Akabani.<\/p>\n<p>Durante la inauguraci\u00f3n de la XX exposici\u00f3n internacional de m\u00e1quinas-herramientas y tecnolog\u00eda para manufactura, TECMA 2023 en Expo Santa Fe, del 8 al 10 de marzo, el funcionario local, destac\u00f3 que con las condiciones que ha construido el gobierno federal y un peso fuerte, es momento para adquirir maquinaria.<\/p>\n<blockquote><p>\u201cEsta organizaci\u00f3n est\u00e1 impulsando la industrializaci\u00f3n de nuestro pa\u00eds y qu\u00e9 mejor momento que el que estamos viviendo ahora. Estamos viviendo un momento in\u00e9dito, especial porque se han juntado dos factores que han puesto a nuestro pa\u00eds a la vanguardia de la inversi\u00f3n extranjera y nacional para industrializar y poder surtir de mercanc\u00eda al mercado global m\u00e1s grande de nuestro planeta que es el mercado norteamericano al que pertenece M\u00e9xico. Es el momento de la industria nacional, es el momento en que nuestro pa\u00eds capitalice esta oportunidad y de una vez por todas fortalezca a su industria\u201d, dijo.<\/p><\/blockquote>\n<p>Precis\u00f3 que entre los factores favorables se encuentra la relocalizaci\u00f3n de las empresas de Estados Unidos y Canad\u00e1 y algunas de Europa en M\u00e9xico, aprovechando la cercan\u00eda con el mercado norteamericano, pero tambi\u00e9n debido a las excelentes condiciones que ha construido el gobierno de M\u00e9xico para atraer inversi\u00f3n, adem\u00e1s de que tenemos un peso fuerte que hace propicio el momento para adquirir maquinaria.<\/p>\n<p>Akabani mencion\u00f3 que en 2022, la Inversi\u00f3n Extranjera Directa (IED) en la industria manufacturera ha recibido 12,705 millones de d\u00f3lares y la apuesta es preparar a las empresas para esa gran competencia que hay, adem\u00e1s de que \u201cnuestra econom\u00eda va por el camino correcto y cada vez se va a fomentar una mayor inversi\u00f3n por lo que desde la Ciudad de M\u00e9xico lo estamos aprovechando porque no podemos dejar pasar esta oportunidad para lanzar, sin lugar a dudas a M\u00e9xico a su pleno desarrollo\u00a0 y a su estabilidad econ\u00f3mica y social\u201d, dijo.<\/p>\n<p>Por su parte, Johannes Hauser, director general de la C\u00e1mara Mexicano-Alemana de Comercio e Industria (Camexa), indic\u00f3 que M\u00e9xico es despu\u00e9s de China y Estados Unidos, el mercado m\u00e1s relevante fuera de Europa para los alemanes del sector.<\/p>\n<p>\u201cLa comercializaci\u00f3n de bienes de capital representa 30% del total de las exportaciones de Alemania hacia M\u00e9xico, lo que demuestra la din\u00e1mica actividad de inversionistas del sector privado y la impl\u00edcita demanda de maquinaria de todo tipo de la industria manufacturera nacional y de los inversionistas extranjeros.<\/p>\n<blockquote><p>Gracias a sus m\u00faltiples acuerdos de libre comercio, M\u00e9xico es un pa\u00eds globalizado, dispuesto y capaz de competir contra todo el mundo, cumpliendo las m\u00e1s altas exigencias de la clientela nacional e internacional\u2026. (tiene) el potencial para seguir en este camino din\u00e1mico y exitoso, la vecindad con el mercado n\u00famero uno del mundo, Estados Unidos. Est\u00e1 tambi\u00e9n la tendencia de buscar la cada vez mayor, cercan\u00eda entre proveedor y cliente con las cadenas de suministro, llamado\u00a0<em>nearshoring<\/em>\u00a0y tambi\u00e9n est\u00e1 la obligaci\u00f3n de cumplir con los requisitos por lo menos, en el sector automotriz y esos son factores que impulsan la inversi\u00f3n nueva y la reinversi\u00f3n en M\u00e9xico,<\/p><\/blockquote>\n<p>Agreg\u00f3 que hay muy pocos pa\u00edses en el mundo que se pueden ver beneficiados de las tendencias, conflictos y rupturas en la econom\u00eda global y M\u00e9xico es uno de ellos por su posici\u00f3n como polo de la manufactura mundial. La inversi\u00f3n en equipo debe ser la constante, indic\u00f3, \u00a0por lo que llam\u00f3 a reanimarla y seguirla garantizando.<\/p>\n<p>No obstante, agreg\u00f3 que los actores del sector privado necesitan aparte de mercados potenciales, un entorno seguro en t\u00e9rminos de pol\u00edtica econ\u00f3mica, seguridad y marco favorable de financiamiento, as\u00ed como disponibilidad de productos de \u201cpunta de lanza\u201d, pero no se puede dejar de lado, la preparaci\u00f3n de talento.<\/p>\n<p>En su oportunidad, el general Javier Sandoval Due\u00f1as, presidente de la Feria Aeroespacial M\u00e9xico (FAMEX), celebr\u00f3 la asistencia de cientos de j\u00f3venes al evento.<\/p>\n<blockquote><p>\u201cHe visto con gran orgullo como este sector industrial, tanto aeroespacial como m\u00e1quinas y herramientas, la industria automotriz, son muy dedicados a ir de la mano industria y academia y me da much\u00edsimo gusto ver a una gran cantidad de j\u00f3venes universitarios aqu\u00ed presentes. Les auguro que tendr\u00e1n mucho \u00e9xito junto con los expositores, nuestros visitantes especializados y distinguidos\u201d, indic\u00f3.<\/p><\/blockquote>\n<p>Agreg\u00f3 que estos tres d\u00edas de feria, se contar\u00e1 con una gran cantidad de industria presente y la oportunidad de hacer encuentros de negocios, as\u00ed como exponer a los j\u00f3venes la oportunidad de ingresar en este sector tan importante el pa\u00eds.<\/p>\n<p>Se esperan\u00a0 13,000 visitantes a TECMA 2023, organizado por la Asociaci\u00f3n Mexicana de Distribuidores de Maquinaria A.C,\u00a0 evento en el que 250 expositores \u00a0representan a m\u00e1s de 1,000 marcas internacionales que ofrecen soluciones para la industria automotriz, autopartes, aeroespacial, metalmec\u00e1nica, moldes y troqueles, oil &amp; gas, dispositivos m\u00e9dicos, electrodom\u00e9sticos y generaci\u00f3n de energ\u00eda, entre otras cosas.<\/p>\n","protected":false},"excerpt":{"rendered":"<p>El secretario de Desarrollo Econ\u00f3mico de la Ciudad de M\u00e9xico resalt\u00f3 durante\u00a0 la inauguraci\u00f3n de Tecma 2023 \u2013la exposici\u00f3n internacional de m\u00e1quinas, herramienta y tecnolog\u00eda para manufactura\u2014 que el actual es un momento \u201cespecial porque se han juntado dos factores que han puesto a nuestro pa\u00eds a la vanguardia de la inversi\u00f3n extranjera y nacional [&hellip;]<\/p>\n","protected":false},"author":2,"featured_media":2927,"comment_status":"closed","ping_status":"open","sticky":false,"template":"","format":"standard","meta":{"jetpack_post_was_ever_published":false,"_jetpack_newsletter_access":"","_jetpack_dont_email_post_to_subs":false,"_jetpack_newsletter_tier_id":0,"_jetpack_memberships_contains_paywalled_content":false,"_jetpack_memberships_contains_paid_content":false,"footnotes":""},"categories":[20],"tags":[],"class_list":["post-2925","post","type-post","status-publish","format-standard","has-post-thumbnail","hentry","category-economic-development"],"yoast_head":"<!-- This site is optimized with the Yoast SEO plugin v25.7 - https:\/\/yoast.com\/wordpress\/plugins\/seo\/ -->\n<title>Momento in\u00e9dito de M\u00e9xico para capitalizar oportunidad y \u201cfortalecer de una vez por todas\u201d la industria: Fadlala Akabani - Blog | GPI NEWS<\/title>\n<meta name=\"robots\" content=\"index, follow, max-snippet:-1, max-image-preview:large, max-video-preview:-1\" \/>\n<link rel=\"canonical\" href=\"https:\/\/puertointerior.guanajuato.gob.mx\/blog\/2023\/03\/10\/momento-inedito-de-mexico-para-capitalizar-oportunidad-y-fortalecer-de-una-vez-por-todas-la-industria-fadlala-akabani\/\" \/>\n<meta property=\"og:locale\" content=\"es_MX\" \/>\n<meta property=\"og:type\" content=\"article\" \/>\n<meta property=\"og:title\" content=\"Momento in\u00e9dito de M\u00e9xico para capitalizar oportunidad y \u201cfortalecer de una vez por todas\u201d la industria: Fadlala Akabani - Blog | GPI NEWS\" \/>\n<meta property=\"og:description\" content=\"El secretario de Desarrollo Econ\u00f3mico de la Ciudad de M\u00e9xico resalt\u00f3 durante\u00a0 la inauguraci\u00f3n de Tecma 2023 \u2013la exposici\u00f3n internacional de m\u00e1quinas, herramienta y tecnolog\u00eda para manufactura\u2014 que el actual es un momento \u201cespecial porque se han juntado dos factores que han puesto a nuestro pa\u00eds a la vanguardia de la inversi\u00f3n extranjera y nacional [&hellip;]\" \/>\n<meta property=\"og:url\" content=\"https:\/\/puertointerior.guanajuato.gob.mx\/blog\/2023\/03\/10\/momento-inedito-de-mexico-para-capitalizar-oportunidad-y-fortalecer-de-una-vez-por-todas-la-industria-fadlala-akabani\/\" \/>\n<meta property=\"og:site_name\" content=\"Blog | GPI NEWS\" \/>\n<meta property=\"article:published_time\" content=\"2023-03-10T18:32:05+00:00\" \/>\n<meta property=\"og:image\" content=\"https:\/\/puertointerior.guanajuato.gob.mx\/blog\/wp-content\/uploads\/2023\/03\/Foto3-nota1-09-03-2023-1.jpg\" \/>\n\t<meta property=\"og:image:width\" content=\"710\" \/>\n\t<meta property=\"og:image:height\" content=\"435\" \/>\n\t<meta property=\"og:image:type\" content=\"image\/jpeg\" \/>\n<meta name=\"author\" content=\"GPI NEWS\" \/>\n<meta name=\"twitter:card\" content=\"summary_large_image\" \/>\n<meta name=\"twitter:label1\" content=\"Escrito por\" \/>\n\t<meta name=\"twitter:data1\" content=\"GPI NEWS\" \/>\n\t<meta name=\"twitter:label2\" content=\"Tiempo de lectura\" \/>\n\t<meta name=\"twitter:data2\" content=\"5 minutos\" \/>\n<script type=\"application\/ld+json\" class=\"yoast-schema-graph\">{\"@context\":\"https:\/\/schema.org\",\"@graph\":[{\"@type\":\"WebPage\",\"@id\":\"https:\/\/puertointerior.guanajuato.gob.mx\/blog\/2023\/03\/10\/momento-inedito-de-mexico-para-capitalizar-oportunidad-y-fortalecer-de-una-vez-por-todas-la-industria-fadlala-akabani\/\",\"url\":\"https:\/\/puertointerior.guanajuato.gob.mx\/blog\/2023\/03\/10\/momento-inedito-de-mexico-para-capitalizar-oportunidad-y-fortalecer-de-una-vez-por-todas-la-industria-fadlala-akabani\/\",\"name\":\"Momento in\u00e9dito de M\u00e9xico para capitalizar oportunidad y \u201cfortalecer de una vez por todas\u201d la industria: Fadlala Akabani - Blog | GPI NEWS\",\"isPartOf\":{\"@id\":\"https:\/\/puertointerior.guanajuato.gob.mx\/blog\/#website\"},\"primaryImageOfPage\":{\"@id\":\"https:\/\/puertointerior.guanajuato.gob.mx\/blog\/2023\/03\/10\/momento-inedito-de-mexico-para-capitalizar-oportunidad-y-fortalecer-de-una-vez-por-todas-la-industria-fadlala-akabani\/#primaryimage\"},\"image\":{\"@id\":\"https:\/\/puertointerior.guanajuato.gob.mx\/blog\/2023\/03\/10\/momento-inedito-de-mexico-para-capitalizar-oportunidad-y-fortalecer-de-una-vez-por-todas-la-industria-fadlala-akabani\/#primaryimage\"},\"thumbnailUrl\":\"https:\/\/puertointerior.guanajuato.gob.mx\/blog\/wp-content\/uploads\/2023\/03\/Foto3-nota1-09-03-2023-1.jpg\",\"datePublished\":\"2023-03-10T18:32:05+00:00\",\"author\":{\"@id\":\"https:\/\/puertointerior.guanajuato.gob.mx\/blog\/#\/schema\/person\/f4851bb8a48c32d7fba5285caf4ef1c4\"},\"breadcrumb\":{\"@id\":\"https:\/\/puertointerior.guanajuato.gob.mx\/blog\/2023\/03\/10\/momento-inedito-de-mexico-para-capitalizar-oportunidad-y-fortalecer-de-una-vez-por-todas-la-industria-fadlala-akabani\/#breadcrumb\"},\"inLanguage\":\"es\",\"potentialAction\":[{\"@type\":\"ReadAction\",\"target\":[\"https:\/\/puertointerior.guanajuato.gob.mx\/blog\/2023\/03\/10\/momento-inedito-de-mexico-para-capitalizar-oportunidad-y-fortalecer-de-una-vez-por-todas-la-industria-fadlala-akabani\/\"]}]},{\"@type\":\"ImageObject\",\"inLanguage\":\"es\",\"@id\":\"https:\/\/puertointerior.guanajuato.gob.mx\/blog\/2023\/03\/10\/momento-inedito-de-mexico-para-capitalizar-oportunidad-y-fortalecer-de-una-vez-por-todas-la-industria-fadlala-akabani\/#primaryimage\",\"url\":\"https:\/\/puertointerior.guanajuato.gob.mx\/blog\/wp-content\/uploads\/2023\/03\/Foto3-nota1-09-03-2023-1.jpg\",\"contentUrl\":\"https:\/\/puertointerior.guanajuato.gob.mx\/blog\/wp-content\/uploads\/2023\/03\/Foto3-nota1-09-03-2023-1.jpg\",\"width\":710,\"height\":435},{\"@type\":\"BreadcrumbList\",\"@id\":\"https:\/\/puertointerior.guanajuato.gob.mx\/blog\/2023\/03\/10\/momento-inedito-de-mexico-para-capitalizar-oportunidad-y-fortalecer-de-una-vez-por-todas-la-industria-fadlala-akabani\/#breadcrumb\",\"itemListElement\":[{\"@type\":\"ListItem\",\"position\":1,\"name\":\"Inicio\",\"item\":\"https:\/\/puertointerior.guanajuato.gob.mx\/blog\/\"},{\"@type\":\"ListItem\",\"position\":2,\"name\":\"Momento in\u00e9dito de M\u00e9xico para capitalizar oportunidad y \u201cfortalecer de una vez por todas\u201d la industria: Fadlala Akabani\"}]},{\"@type\":\"WebSite\",\"@id\":\"https:\/\/puertointerior.guanajuato.gob.mx\/blog\/#website\",\"url\":\"https:\/\/puertointerior.guanajuato.gob.mx\/blog\/\",\"name\":\"Blog | GPI NEWS\",\"description\":\"Guanajuato Puerto Interior\",\"potentialAction\":[{\"@type\":\"SearchAction\",\"target\":{\"@type\":\"EntryPoint\",\"urlTemplate\":\"https:\/\/puertointerior.guanajuato.gob.mx\/blog\/?s={search_term_string}\"},\"query-input\":{\"@type\":\"PropertyValueSpecification\",\"valueRequired\":true,\"valueName\":\"search_term_string\"}}],\"inLanguage\":\"es\"},{\"@type\":\"Person\",\"@id\":\"https:\/\/puertointerior.guanajuato.gob.mx\/blog\/#\/schema\/person\/f4851bb8a48c32d7fba5285caf4ef1c4\",\"name\":\"GPI NEWS\",\"image\":{\"@type\":\"ImageObject\",\"inLanguage\":\"es\",\"@id\":\"https:\/\/puertointerior.guanajuato.gob.mx\/blog\/#\/schema\/person\/image\/\",\"url\":\"https:\/\/secure.gravatar.com\/avatar\/612aca53a708cefc5ebe15ab0bc63c51a8ba58563e45c17848fa400e627e2717?s=96&d=mm&r=g\",\"contentUrl\":\"https:\/\/secure.gravatar.com\/avatar\/612aca53a708cefc5ebe15ab0bc63c51a8ba58563e45c17848fa400e627e2717?s=96&d=mm&r=g\",\"caption\":\"GPI NEWS\"},\"url\":\"https:\/\/puertointerior.guanajuato.gob.mx\/blog\/author\/rafa-jacinto\/\"}]}<\/script>\n<!-- \/ Yoast SEO plugin. -->","yoast_head_json":{"title":"Momento in\u00e9dito de M\u00e9xico para capitalizar oportunidad y \u201cfortalecer de una vez por todas\u201d la industria: Fadlala Akabani - Blog | GPI NEWS","robots":{"index":"index","follow":"follow","max-snippet":"max-snippet:-1","max-image-preview":"max-image-preview:large","max-video-preview":"max-video-preview:-1"},"canonical":"https:\/\/puertointerior.guanajuato.gob.mx\/blog\/2023\/03\/10\/momento-inedito-de-mexico-para-capitalizar-oportunidad-y-fortalecer-de-una-vez-por-todas-la-industria-fadlala-akabani\/","og_locale":"es_MX","og_type":"article","og_title":"Momento in\u00e9dito de M\u00e9xico para capitalizar oportunidad y \u201cfortalecer de una vez por todas\u201d la industria: Fadlala Akabani - Blog | GPI NEWS","og_description":"El secretario de Desarrollo Econ\u00f3mico de la Ciudad de M\u00e9xico resalt\u00f3 durante\u00a0 la inauguraci\u00f3n de Tecma 2023 \u2013la exposici\u00f3n internacional de m\u00e1quinas, herramienta y tecnolog\u00eda para manufactura\u2014 que el actual es un momento \u201cespecial porque se han juntado dos factores que han puesto a nuestro pa\u00eds a la vanguardia de la inversi\u00f3n extranjera y nacional [&hellip;]","og_url":"https:\/\/puertointerior.guanajuato.gob.mx\/blog\/2023\/03\/10\/momento-inedito-de-mexico-para-capitalizar-oportunidad-y-fortalecer-de-una-vez-por-todas-la-industria-fadlala-akabani\/","og_site_name":"Blog | GPI NEWS","article_published_time":"2023-03-10T18:32:05+00:00","og_image":[{"width":710,"height":435,"url":"https:\/\/puertointerior.guanajuato.gob.mx\/blog\/wp-content\/uploads\/2023\/03\/Foto3-nota1-09-03-2023-1.jpg","type":"image\/jpeg"}],"author":"GPI NEWS","twitter_card":"summary_large_image","twitter_misc":{"Escrito por":"GPI NEWS","Tiempo de lectura":"5 minutos"},"schema":{"@context":"https:\/\/schema.org","@graph":[{"@type":"WebPage","@id":"https:\/\/puertointerior.guanajuato.gob.mx\/blog\/2023\/03\/10\/momento-inedito-de-mexico-para-capitalizar-oportunidad-y-fortalecer-de-una-vez-por-todas-la-industria-fadlala-akabani\/","url":"https:\/\/puertointerior.guanajuato.gob.mx\/blog\/2023\/03\/10\/momento-inedito-de-mexico-para-capitalizar-oportunidad-y-fortalecer-de-una-vez-por-todas-la-industria-fadlala-akabani\/","name":"Momento in\u00e9dito de M\u00e9xico para capitalizar oportunidad y \u201cfortalecer de una vez por todas\u201d la industria: Fadlala Akabani - Blog | GPI NEWS","isPartOf":{"@id":"https:\/\/puertointerior.guanajuato.gob.mx\/blog\/#website"},"primaryImageOfPage":{"@id":"https:\/\/puertointerior.guanajuato.gob.mx\/blog\/2023\/03\/10\/momento-inedito-de-mexico-para-capitalizar-oportunidad-y-fortalecer-de-una-vez-por-todas-la-industria-fadlala-akabani\/#primaryimage"},"image":{"@id":"https:\/\/puertointerior.guanajuato.gob.mx\/blog\/2023\/03\/10\/momento-inedito-de-mexico-para-capitalizar-oportunidad-y-fortalecer-de-una-vez-por-todas-la-industria-fadlala-akabani\/#primaryimage"},"thumbnailUrl":"https:\/\/puertointerior.guanajuato.gob.mx\/blog\/wp-content\/uploads\/2023\/03\/Foto3-nota1-09-03-2023-1.jpg","datePublished":"2023-03-10T18:32:05+00:00","author":{"@id":"https:\/\/puertointerior.guanajuato.gob.mx\/blog\/#\/schema\/person\/f4851bb8a48c32d7fba5285caf4ef1c4"},"breadcrumb":{"@id":"https:\/\/puertointerior.guanajuato.gob.mx\/blog\/2023\/03\/10\/momento-inedito-de-mexico-para-capitalizar-oportunidad-y-fortalecer-de-una-vez-por-todas-la-industria-fadlala-akabani\/#breadcrumb"},"inLanguage":"es","potentialAction":[{"@type":"ReadAction","target":["https:\/\/puertointerior.guanajuato.gob.mx\/blog\/2023\/03\/10\/momento-inedito-de-mexico-para-capitalizar-oportunidad-y-fortalecer-de-una-vez-por-todas-la-industria-fadlala-akabani\/"]}]},{"@type":"ImageObject","inLanguage":"es","@id":"https:\/\/puertointerior.guanajuato.gob.mx\/blog\/2023\/03\/10\/momento-inedito-de-mexico-para-capitalizar-oportunidad-y-fortalecer-de-una-vez-por-todas-la-industria-fadlala-akabani\/#primaryimage","url":"https:\/\/puertointerior.guanajuato.gob.mx\/blog\/wp-content\/uploads\/2023\/03\/Foto3-nota1-09-03-2023-1.jpg","contentUrl":"https:\/\/puertointerior.guanajuato.gob.mx\/blog\/wp-content\/uploads\/2023\/03\/Foto3-nota1-09-03-2023-1.jpg","width":710,"height":435},{"@type":"BreadcrumbList","@id":"https:\/\/puertointerior.guanajuato.gob.mx\/blog\/2023\/03\/10\/momento-inedito-de-mexico-para-capitalizar-oportunidad-y-fortalecer-de-una-vez-por-todas-la-industria-fadlala-akabani\/#breadcrumb","itemListElement":[{"@type":"ListItem","position":1,"name":"Inicio","item":"https:\/\/puertointerior.guanajuato.gob.mx\/blog\/"},{"@type":"ListItem","position":2,"name":"Momento in\u00e9dito de M\u00e9xico para capitalizar oportunidad y \u201cfortalecer de una vez por todas\u201d la industria: Fadlala Akabani"}]},{"@type":"WebSite","@id":"https:\/\/puertointerior.guanajuato.gob.mx\/blog\/#website","url":"https:\/\/puertointerior.guanajuato.gob.mx\/blog\/","name":"Blog | GPI NEWS","description":"Guanajuato Puerto Interior","potentialAction":[{"@type":"SearchAction","target":{"@type":"EntryPoint","urlTemplate":"https:\/\/puertointerior.guanajuato.gob.mx\/blog\/?s={search_term_string}"},"query-input":{"@type":"PropertyValueSpecification","valueRequired":true,"valueName":"search_term_string"}}],"inLanguage":"es"},{"@type":"Person","@id":"https:\/\/puertointerior.guanajuato.gob.mx\/blog\/#\/schema\/person\/f4851bb8a48c32d7fba5285caf4ef1c4","name":"GPI NEWS","image":{"@type":"ImageObject","inLanguage":"es","@id":"https:\/\/puertointerior.guanajuato.gob.mx\/blog\/#\/schema\/person\/image\/","url":"https:\/\/secure.gravatar.com\/avatar\/612aca53a708cefc5ebe15ab0bc63c51a8ba58563e45c17848fa400e627e2717?s=96&d=mm&r=g","contentUrl":"https:\/\/secure.gravatar.com\/avatar\/612aca53a708cefc5ebe15ab0bc63c51a8ba58563e45c17848fa400e627e2717?s=96&d=mm&r=g","caption":"GPI NEWS"},"url":"https:\/\/puertointerior.guanajuato.gob.mx\/blog\/author\/rafa-jacinto\/"}]}},"jetpack_featured_media_url":"https:\/\/puertointerior.guanajuato.gob.mx\/blog\/wp-content\/uploads\/2023\/03\/Foto3-nota1-09-03-2023-1.jpg","jetpack_sharing_enabled":true,"jetpack_shortlink":"https:\/\/wp.me\/pcnMPA-Lb","_links":{"self":[{"href":"https:\/\/puertointerior.guanajuato.gob.mx\/blog\/wp-json\/wp\/v2\/posts\/2925","targetHints":{"allow":["GET"]}}],"collection":[{"href":"https:\/\/puertointerior.guanajuato.gob.mx\/blog\/wp-json\/wp\/v2\/posts"}],"about":[{"href":"https:\/\/puertointerior.guanajuato.gob.mx\/blog\/wp-json\/wp\/v2\/types\/post"}],"author":[{"embeddable":true,"href":"https:\/\/puertointerior.guanajuato.gob.mx\/blog\/wp-json\/wp\/v2\/users\/2"}],"replies":[{"embeddable":true,"href":"https:\/\/puertointerior.guanajuato.gob.mx\/blog\/wp-json\/wp\/v2\/comments?post=2925"}],"version-history":[{"count":1,"href":"https:\/\/puertointerior.guanajuato.gob.mx\/blog\/wp-json\/wp\/v2\/posts\/2925\/revisions"}],"predecessor-version":[{"id":2926,"href":"https:\/\/puertointerior.guanajuato.gob.mx\/blog\/wp-json\/wp\/v2\/posts\/2925\/revisions\/2926"}],"wp:featuredmedia":[{"embeddable":true,"href":"https:\/\/puertointerior.guanajuato.gob.mx\/blog\/wp-json\/wp\/v2\/media\/2927"}],"wp:attachment":[{"href":"https:\/\/puertointerior.guanajuato.gob.mx\/blog\/wp-json\/wp\/v2\/media?parent=2925"}],"wp:term":[{"taxonomy":"category","embeddable":true,"href":"https:\/\/puertointerior.guanajuato.gob.mx\/blog\/wp-json\/wp\/v2\/categories?post=2925"},{"taxonomy":"post_tag","embeddable":true,"href":"https:\/\/puertointerior.guanajuato.gob.mx\/blog\/wp-json\/wp\/v2\/tags?post=2925"}],"curies":[{"name":"wp","href":"https:\/\/api.w.org\/{rel}","templated":true}]}}