{"id":2934,"date":"2023-03-12T21:20:04","date_gmt":"2023-03-13T02:20:04","guid":{"rendered":"https:\/\/puertointerior.guanajuato.gob.mx\/blog\/?p=2934"},"modified":"2023-03-12T21:20:04","modified_gmt":"2023-03-13T02:20:04","slug":"cambiemos-el-futuro-a-traves-de-la-innovacion-estrategica-e-incluyente","status":"publish","type":"post","link":"https:\/\/puertointerior.guanajuato.gob.mx\/blog\/2023\/03\/12\/cambiemos-el-futuro-a-traves-de-la-innovacion-estrategica-e-incluyente\/","title":{"rendered":"Cambiemos el futuro a trav\u00e9s de la innovaci\u00f3n estrat\u00e9gica e incluyente"},"content":{"rendered":"<p><strong>isselle Ruiz Lanza<\/strong><\/p>\n<p><strong>Directora General de Intel para Am\u00e9rica Latina<\/strong><\/p>\n<p>Los datos m\u00e1s recientes muestran que a\u00fan hay mucho por hacer para la inclusi\u00f3n de mujeres en el mercado laboral de Ciencias, Tecnolog\u00eda, Ingenier\u00eda y Matem\u00e1ticas (STEM, por su sigla en ingl\u00e9s).<\/p>\n<p>Por ejemplo, en M\u00e9xico, de acuerdo con un reporte publicado por el Instituto Mexicano para la Competitividad (IMCO), s\u00f3lo 3 de cada 10 profesionistas dedicados al \u00e1rea STEM son mujeres. Adem\u00e1s, se destaca que s\u00f3lo 12 por ciento de egresados son empleadoras, lo que se traduce en una mujer por cada siete hombres con la capacidad de brindar oportunidades de empleo a otras personas.<\/p>\n<p>Como l\u00edderes empresariales es nuestra responsabilidad evaluar las acciones que estamos llevando a cabo no s\u00f3lo para impulsar la inclusi\u00f3n en el campo, sino promover el uso de las herramientas que tenemos disponibles para ayudar a desarrollar el talento emergente de las mujeres interesadas en este sector; las carreras STEM son una pieza fundamental para continuar con la evoluci\u00f3n de nuestros instrumentos de trabajo y debemos trabajar por ello.<\/p>\n<p>De acuerdo con el reporte Progress On The Sustainable Development Goals: The Gender Snapshot 2022, publicado por la ONU, la inclusi\u00f3n de mujeres a las organizaciones no s\u00f3lo nos ayuda a reducir la brecha de g\u00e9nero en las \u00e1reas tecnol\u00f3gicas, tambi\u00e9n abre la puerta a mayores innovaciones en el campo laboral de las TIC, apoyando al crecimiento de la econom\u00eda regional y asegurando que los productos y servicios desarrollados en el futuro no carezcan de la perspectiva del 50 por ciento aproximado de la poblaci\u00f3n en Latinoam\u00e9rica, conformado por mujeres.<\/p>\n<p>En respuesta a esto, en Intel estamos convencidos de que, mediante la tecnolog\u00eda y la inclusi\u00f3n, tenemos herramientas para contribuir al desarrollo de la sociedad.<\/p>\n<p>Por eso, actualmente contamos con diferentes acciones que forman parte de nuestra iniciativa RISE (2021-2022), que promueve el liderazgo de mujeres en roles de liderazgo en la industria de la tecnolog\u00eda.<\/p>\n<p>Por ejemplo, una de las metas principales de este proyecto es alcanzar 40 por ciento de mujeres en roles t\u00e9cnicos de la empresa para 2030.<\/p>\n<p>Hasta ahora, hemos logrado consolidar diferentes resultados, entre los cuales se encuentran el aumento de 20 por ciento de mujeres en estas posiciones y la inversi\u00f3n de 280 mil d\u00f3lares en proveedores que se encuentran en la categor\u00eda de mujeres empresariales en M\u00e9xico.<\/p>\n<p>Sumado a lo anterior, reconocemos la importancia de las alianzas, y en 2022 colaboramos en el patrocinio de m\u00e1s de 20 iniciativas pro-mujeres.<\/p>\n<p>En conjunto con Technovation Girls M\u00e9xico, el concurso internacional m\u00e1s grande de emprendimiento para ni\u00f1as de 8 a 18 a\u00f1os, estamos impulsando el desarrollo de las habilidades necesarias de ni\u00f1as y mujeres j\u00f3venes para mantener el inter\u00e9s en el \u00e1rea y resolver diferentes problem\u00e1ticas de sus comunidades a trav\u00e9s de la tecnolog\u00eda.<\/p>\n<p>A\u00fan queda un camino largo por recorrer. Afortunadamente, no estamos solos ni solas en eso. Juntos, todos y todas podemos construir un futuro que mejore la vida de las personas no s\u00f3lo a trav\u00e9s de los avances tecnol\u00f3gicos, sino de los movimientos estrat\u00e9gicos a trav\u00e9s de la inclusi\u00f3n.<\/p>\n<p>El futuro est\u00e1 abierto, es a trav\u00e9s de nuestras acciones de hoy que contribuimos a determinarlo.<\/p>\n<p>Es hora de seguir levantando preguntas sobre los mejores caminos a seguir y analizar c\u00f3mo podemos responder ante ellas no s\u00f3lo con palabras, sino con acciones que transformen las empresas a trav\u00e9s de un modelo de atracci\u00f3n de talento incluyente.<\/p>\n<p>\u00bfQu\u00e9 estamos haciendo como l\u00edderes o empresas para innovar a trav\u00e9s de la inclusi\u00f3n? Abramos la conversaci\u00f3n.<\/p>\n<p>Publicado originalmente por:\u00a0<a href=\"https:\/\/dplnews.com\/cambiemos-el-futuro-a-traves-de-la-innovacion-estrategica-e-incluyente\/\">https:\/\/dplnews.com\/cambiemos-el-futuro-a-traves-de-la-innovacion-estrategica-e-incluyente\/<\/a><\/p>\n","protected":false},"excerpt":{"rendered":"<p>isselle Ruiz Lanza Directora General de Intel para Am\u00e9rica Latina Los datos m\u00e1s recientes muestran que a\u00fan hay mucho por hacer para la inclusi\u00f3n de mujeres en el mercado laboral de Ciencias, Tecnolog\u00eda, Ingenier\u00eda y Matem\u00e1ticas (STEM, por su sigla en ingl\u00e9s). Por ejemplo, en M\u00e9xico, de acuerdo con un reporte publicado por el Instituto [&hellip;]<\/p>\n","protected":false},"author":2,"featured_media":2935,"comment_status":"closed","ping_status":"open","sticky":false,"template":"","format":"standard","meta":{"jetpack_post_was_ever_published":false,"_jetpack_newsletter_access":"","_jetpack_dont_email_post_to_subs":false,"_jetpack_newsletter_tier_id":0,"_jetpack_memberships_contains_paywalled_content":false,"_jetpack_memberships_contains_paid_content":false,"footnotes":""},"categories":[20],"tags":[],"class_list":["post-2934","post","type-post","status-publish","format-standard","has-post-thumbnail","hentry","category-economic-development"],"yoast_head":"<!-- This site is optimized with the Yoast SEO plugin v25.7 - https:\/\/yoast.com\/wordpress\/plugins\/seo\/ -->\n<title>Cambiemos el futuro a trav\u00e9s de la innovaci\u00f3n estrat\u00e9gica e incluyente - Blog | GPI NEWS<\/title>\n<meta name=\"robots\" content=\"index, follow, max-snippet:-1, max-image-preview:large, max-video-preview:-1\" \/>\n<link rel=\"canonical\" href=\"https:\/\/puertointerior.guanajuato.gob.mx\/blog\/2023\/03\/12\/cambiemos-el-futuro-a-traves-de-la-innovacion-estrategica-e-incluyente\/\" \/>\n<meta property=\"og:locale\" content=\"es_MX\" \/>\n<meta property=\"og:type\" content=\"article\" \/>\n<meta property=\"og:title\" content=\"Cambiemos el futuro a trav\u00e9s de la innovaci\u00f3n estrat\u00e9gica e incluyente - Blog | GPI NEWS\" \/>\n<meta property=\"og:description\" content=\"isselle Ruiz Lanza Directora General de Intel para Am\u00e9rica Latina Los datos m\u00e1s recientes muestran que a\u00fan hay mucho por hacer para la inclusi\u00f3n de mujeres en el mercado laboral de Ciencias, Tecnolog\u00eda, Ingenier\u00eda y Matem\u00e1ticas (STEM, por su sigla en ingl\u00e9s). Por ejemplo, en M\u00e9xico, de acuerdo con un reporte publicado por el Instituto [&hellip;]\" \/>\n<meta property=\"og:url\" content=\"https:\/\/puertointerior.guanajuato.gob.mx\/blog\/2023\/03\/12\/cambiemos-el-futuro-a-traves-de-la-innovacion-estrategica-e-incluyente\/\" \/>\n<meta property=\"og:site_name\" content=\"Blog | GPI NEWS\" \/>\n<meta property=\"article:published_time\" content=\"2023-03-13T02:20:04+00:00\" \/>\n<meta property=\"og:image\" content=\"https:\/\/puertointerior.guanajuato.gob.mx\/blog\/wp-content\/uploads\/2023\/03\/dplnews_stem_sd20922-1068x490-1.jpeg\" \/>\n\t<meta property=\"og:image:width\" content=\"1068\" \/>\n\t<meta property=\"og:image:height\" content=\"490\" \/>\n\t<meta property=\"og:image:type\" content=\"image\/jpeg\" \/>\n<meta name=\"author\" content=\"GPI NEWS\" \/>\n<meta name=\"twitter:card\" content=\"summary_large_image\" \/>\n<meta name=\"twitter:label1\" content=\"Escrito por\" \/>\n\t<meta name=\"twitter:data1\" content=\"GPI NEWS\" \/>\n\t<meta name=\"twitter:label2\" content=\"Tiempo de lectura\" \/>\n\t<meta name=\"twitter:data2\" content=\"3 minutos\" \/>\n<script type=\"application\/ld+json\" class=\"yoast-schema-graph\">{\"@context\":\"https:\/\/schema.org\",\"@graph\":[{\"@type\":\"WebPage\",\"@id\":\"https:\/\/puertointerior.guanajuato.gob.mx\/blog\/2023\/03\/12\/cambiemos-el-futuro-a-traves-de-la-innovacion-estrategica-e-incluyente\/\",\"url\":\"https:\/\/puertointerior.guanajuato.gob.mx\/blog\/2023\/03\/12\/cambiemos-el-futuro-a-traves-de-la-innovacion-estrategica-e-incluyente\/\",\"name\":\"Cambiemos el futuro a trav\u00e9s de la innovaci\u00f3n estrat\u00e9gica e incluyente - Blog | GPI NEWS\",\"isPartOf\":{\"@id\":\"https:\/\/puertointerior.guanajuato.gob.mx\/blog\/#website\"},\"primaryImageOfPage\":{\"@id\":\"https:\/\/puertointerior.guanajuato.gob.mx\/blog\/2023\/03\/12\/cambiemos-el-futuro-a-traves-de-la-innovacion-estrategica-e-incluyente\/#primaryimage\"},\"image\":{\"@id\":\"https:\/\/puertointerior.guanajuato.gob.mx\/blog\/2023\/03\/12\/cambiemos-el-futuro-a-traves-de-la-innovacion-estrategica-e-incluyente\/#primaryimage\"},\"thumbnailUrl\":\"https:\/\/puertointerior.guanajuato.gob.mx\/blog\/wp-content\/uploads\/2023\/03\/dplnews_stem_sd20922-1068x490-1.jpeg\",\"datePublished\":\"2023-03-13T02:20:04+00:00\",\"author\":{\"@id\":\"https:\/\/puertointerior.guanajuato.gob.mx\/blog\/#\/schema\/person\/f4851bb8a48c32d7fba5285caf4ef1c4\"},\"breadcrumb\":{\"@id\":\"https:\/\/puertointerior.guanajuato.gob.mx\/blog\/2023\/03\/12\/cambiemos-el-futuro-a-traves-de-la-innovacion-estrategica-e-incluyente\/#breadcrumb\"},\"inLanguage\":\"es\",\"potentialAction\":[{\"@type\":\"ReadAction\",\"target\":[\"https:\/\/puertointerior.guanajuato.gob.mx\/blog\/2023\/03\/12\/cambiemos-el-futuro-a-traves-de-la-innovacion-estrategica-e-incluyente\/\"]}]},{\"@type\":\"ImageObject\",\"inLanguage\":\"es\",\"@id\":\"https:\/\/puertointerior.guanajuato.gob.mx\/blog\/2023\/03\/12\/cambiemos-el-futuro-a-traves-de-la-innovacion-estrategica-e-incluyente\/#primaryimage\",\"url\":\"https:\/\/puertointerior.guanajuato.gob.mx\/blog\/wp-content\/uploads\/2023\/03\/dplnews_stem_sd20922-1068x490-1.jpeg\",\"contentUrl\":\"https:\/\/puertointerior.guanajuato.gob.mx\/blog\/wp-content\/uploads\/2023\/03\/dplnews_stem_sd20922-1068x490-1.jpeg\",\"width\":1068,\"height\":490},{\"@type\":\"BreadcrumbList\",\"@id\":\"https:\/\/puertointerior.guanajuato.gob.mx\/blog\/2023\/03\/12\/cambiemos-el-futuro-a-traves-de-la-innovacion-estrategica-e-incluyente\/#breadcrumb\",\"itemListElement\":[{\"@type\":\"ListItem\",\"position\":1,\"name\":\"Inicio\",\"item\":\"https:\/\/puertointerior.guanajuato.gob.mx\/blog\/\"},{\"@type\":\"ListItem\",\"position\":2,\"name\":\"Cambiemos el futuro a trav\u00e9s de la innovaci\u00f3n estrat\u00e9gica e incluyente\"}]},{\"@type\":\"WebSite\",\"@id\":\"https:\/\/puertointerior.guanajuato.gob.mx\/blog\/#website\",\"url\":\"https:\/\/puertointerior.guanajuato.gob.mx\/blog\/\",\"name\":\"Blog | GPI NEWS\",\"description\":\"Guanajuato Puerto Interior\",\"potentialAction\":[{\"@type\":\"SearchAction\",\"target\":{\"@type\":\"EntryPoint\",\"urlTemplate\":\"https:\/\/puertointerior.guanajuato.gob.mx\/blog\/?s={search_term_string}\"},\"query-input\":{\"@type\":\"PropertyValueSpecification\",\"valueRequired\":true,\"valueName\":\"search_term_string\"}}],\"inLanguage\":\"es\"},{\"@type\":\"Person\",\"@id\":\"https:\/\/puertointerior.guanajuato.gob.mx\/blog\/#\/schema\/person\/f4851bb8a48c32d7fba5285caf4ef1c4\",\"name\":\"GPI NEWS\",\"image\":{\"@type\":\"ImageObject\",\"inLanguage\":\"es\",\"@id\":\"https:\/\/puertointerior.guanajuato.gob.mx\/blog\/#\/schema\/person\/image\/\",\"url\":\"https:\/\/secure.gravatar.com\/avatar\/612aca53a708cefc5ebe15ab0bc63c51a8ba58563e45c17848fa400e627e2717?s=96&d=mm&r=g\",\"contentUrl\":\"https:\/\/secure.gravatar.com\/avatar\/612aca53a708cefc5ebe15ab0bc63c51a8ba58563e45c17848fa400e627e2717?s=96&d=mm&r=g\",\"caption\":\"GPI NEWS\"},\"url\":\"https:\/\/puertointerior.guanajuato.gob.mx\/blog\/author\/rafa-jacinto\/\"}]}<\/script>\n<!-- \/ Yoast SEO plugin. -->","yoast_head_json":{"title":"Cambiemos el futuro a trav\u00e9s de la innovaci\u00f3n estrat\u00e9gica e incluyente - Blog | GPI NEWS","robots":{"index":"index","follow":"follow","max-snippet":"max-snippet:-1","max-image-preview":"max-image-preview:large","max-video-preview":"max-video-preview:-1"},"canonical":"https:\/\/puertointerior.guanajuato.gob.mx\/blog\/2023\/03\/12\/cambiemos-el-futuro-a-traves-de-la-innovacion-estrategica-e-incluyente\/","og_locale":"es_MX","og_type":"article","og_title":"Cambiemos el futuro a trav\u00e9s de la innovaci\u00f3n estrat\u00e9gica e incluyente - Blog | GPI NEWS","og_description":"isselle Ruiz Lanza Directora General de Intel para Am\u00e9rica Latina Los datos m\u00e1s recientes muestran que a\u00fan hay mucho por hacer para la inclusi\u00f3n de mujeres en el mercado laboral de Ciencias, Tecnolog\u00eda, Ingenier\u00eda y Matem\u00e1ticas (STEM, por su sigla en ingl\u00e9s). Por ejemplo, en M\u00e9xico, de acuerdo con un reporte publicado por el Instituto [&hellip;]","og_url":"https:\/\/puertointerior.guanajuato.gob.mx\/blog\/2023\/03\/12\/cambiemos-el-futuro-a-traves-de-la-innovacion-estrategica-e-incluyente\/","og_site_name":"Blog | GPI NEWS","article_published_time":"2023-03-13T02:20:04+00:00","og_image":[{"width":1068,"height":490,"url":"https:\/\/puertointerior.guanajuato.gob.mx\/blog\/wp-content\/uploads\/2023\/03\/dplnews_stem_sd20922-1068x490-1.jpeg","type":"image\/jpeg"}],"author":"GPI NEWS","twitter_card":"summary_large_image","twitter_misc":{"Escrito por":"GPI NEWS","Tiempo de lectura":"3 minutos"},"schema":{"@context":"https:\/\/schema.org","@graph":[{"@type":"WebPage","@id":"https:\/\/puertointerior.guanajuato.gob.mx\/blog\/2023\/03\/12\/cambiemos-el-futuro-a-traves-de-la-innovacion-estrategica-e-incluyente\/","url":"https:\/\/puertointerior.guanajuato.gob.mx\/blog\/2023\/03\/12\/cambiemos-el-futuro-a-traves-de-la-innovacion-estrategica-e-incluyente\/","name":"Cambiemos el futuro a trav\u00e9s de la innovaci\u00f3n estrat\u00e9gica e incluyente - Blog | GPI NEWS","isPartOf":{"@id":"https:\/\/puertointerior.guanajuato.gob.mx\/blog\/#website"},"primaryImageOfPage":{"@id":"https:\/\/puertointerior.guanajuato.gob.mx\/blog\/2023\/03\/12\/cambiemos-el-futuro-a-traves-de-la-innovacion-estrategica-e-incluyente\/#primaryimage"},"image":{"@id":"https:\/\/puertointerior.guanajuato.gob.mx\/blog\/2023\/03\/12\/cambiemos-el-futuro-a-traves-de-la-innovacion-estrategica-e-incluyente\/#primaryimage"},"thumbnailUrl":"https:\/\/puertointerior.guanajuato.gob.mx\/blog\/wp-content\/uploads\/2023\/03\/dplnews_stem_sd20922-1068x490-1.jpeg","datePublished":"2023-03-13T02:20:04+00:00","author":{"@id":"https:\/\/puertointerior.guanajuato.gob.mx\/blog\/#\/schema\/person\/f4851bb8a48c32d7fba5285caf4ef1c4"},"breadcrumb":{"@id":"https:\/\/puertointerior.guanajuato.gob.mx\/blog\/2023\/03\/12\/cambiemos-el-futuro-a-traves-de-la-innovacion-estrategica-e-incluyente\/#breadcrumb"},"inLanguage":"es","potentialAction":[{"@type":"ReadAction","target":["https:\/\/puertointerior.guanajuato.gob.mx\/blog\/2023\/03\/12\/cambiemos-el-futuro-a-traves-de-la-innovacion-estrategica-e-incluyente\/"]}]},{"@type":"ImageObject","inLanguage":"es","@id":"https:\/\/puertointerior.guanajuato.gob.mx\/blog\/2023\/03\/12\/cambiemos-el-futuro-a-traves-de-la-innovacion-estrategica-e-incluyente\/#primaryimage","url":"https:\/\/puertointerior.guanajuato.gob.mx\/blog\/wp-content\/uploads\/2023\/03\/dplnews_stem_sd20922-1068x490-1.jpeg","contentUrl":"https:\/\/puertointerior.guanajuato.gob.mx\/blog\/wp-content\/uploads\/2023\/03\/dplnews_stem_sd20922-1068x490-1.jpeg","width":1068,"height":490},{"@type":"BreadcrumbList","@id":"https:\/\/puertointerior.guanajuato.gob.mx\/blog\/2023\/03\/12\/cambiemos-el-futuro-a-traves-de-la-innovacion-estrategica-e-incluyente\/#breadcrumb","itemListElement":[{"@type":"ListItem","position":1,"name":"Inicio","item":"https:\/\/puertointerior.guanajuato.gob.mx\/blog\/"},{"@type":"ListItem","position":2,"name":"Cambiemos el futuro a trav\u00e9s de la innovaci\u00f3n estrat\u00e9gica e incluyente"}]},{"@type":"WebSite","@id":"https:\/\/puertointerior.guanajuato.gob.mx\/blog\/#website","url":"https:\/\/puertointerior.guanajuato.gob.mx\/blog\/","name":"Blog | GPI NEWS","description":"Guanajuato Puerto Interior","potentialAction":[{"@type":"SearchAction","target":{"@type":"EntryPoint","urlTemplate":"https:\/\/puertointerior.guanajuato.gob.mx\/blog\/?s={search_term_string}"},"query-input":{"@type":"PropertyValueSpecification","valueRequired":true,"valueName":"search_term_string"}}],"inLanguage":"es"},{"@type":"Person","@id":"https:\/\/puertointerior.guanajuato.gob.mx\/blog\/#\/schema\/person\/f4851bb8a48c32d7fba5285caf4ef1c4","name":"GPI NEWS","image":{"@type":"ImageObject","inLanguage":"es","@id":"https:\/\/puertointerior.guanajuato.gob.mx\/blog\/#\/schema\/person\/image\/","url":"https:\/\/secure.gravatar.com\/avatar\/612aca53a708cefc5ebe15ab0bc63c51a8ba58563e45c17848fa400e627e2717?s=96&d=mm&r=g","contentUrl":"https:\/\/secure.gravatar.com\/avatar\/612aca53a708cefc5ebe15ab0bc63c51a8ba58563e45c17848fa400e627e2717?s=96&d=mm&r=g","caption":"GPI NEWS"},"url":"https:\/\/puertointerior.guanajuato.gob.mx\/blog\/author\/rafa-jacinto\/"}]}},"jetpack_featured_media_url":"https:\/\/puertointerior.guanajuato.gob.mx\/blog\/wp-content\/uploads\/2023\/03\/dplnews_stem_sd20922-1068x490-1.jpeg","jetpack_sharing_enabled":true,"jetpack_shortlink":"https:\/\/wp.me\/pcnMPA-Lk","_links":{"self":[{"href":"https:\/\/puertointerior.guanajuato.gob.mx\/blog\/wp-json\/wp\/v2\/posts\/2934","targetHints":{"allow":["GET"]}}],"collection":[{"href":"https:\/\/puertointerior.guanajuato.gob.mx\/blog\/wp-json\/wp\/v2\/posts"}],"about":[{"href":"https:\/\/puertointerior.guanajuato.gob.mx\/blog\/wp-json\/wp\/v2\/types\/post"}],"author":[{"embeddable":true,"href":"https:\/\/puertointerior.guanajuato.gob.mx\/blog\/wp-json\/wp\/v2\/users\/2"}],"replies":[{"embeddable":true,"href":"https:\/\/puertointerior.guanajuato.gob.mx\/blog\/wp-json\/wp\/v2\/comments?post=2934"}],"version-history":[{"count":1,"href":"https:\/\/puertointerior.guanajuato.gob.mx\/blog\/wp-json\/wp\/v2\/posts\/2934\/revisions"}],"predecessor-version":[{"id":2936,"href":"https:\/\/puertointerior.guanajuato.gob.mx\/blog\/wp-json\/wp\/v2\/posts\/2934\/revisions\/2936"}],"wp:featuredmedia":[{"embeddable":true,"href":"https:\/\/puertointerior.guanajuato.gob.mx\/blog\/wp-json\/wp\/v2\/media\/2935"}],"wp:attachment":[{"href":"https:\/\/puertointerior.guanajuato.gob.mx\/blog\/wp-json\/wp\/v2\/media?parent=2934"}],"wp:term":[{"taxonomy":"category","embeddable":true,"href":"https:\/\/puertointerior.guanajuato.gob.mx\/blog\/wp-json\/wp\/v2\/categories?post=2934"},{"taxonomy":"post_tag","embeddable":true,"href":"https:\/\/puertointerior.guanajuato.gob.mx\/blog\/wp-json\/wp\/v2\/tags?post=2934"}],"curies":[{"name":"wp","href":"https:\/\/api.w.org\/{rel}","templated":true}]}}