{"id":3126,"date":"2023-03-27T20:50:18","date_gmt":"2023-03-28T01:50:18","guid":{"rendered":"https:\/\/puertointerior.guanajuato.gob.mx\/blog\/?p=3126"},"modified":"2023-03-27T20:50:18","modified_gmt":"2023-03-28T01:50:18","slug":"bmw-invierte-800-millones-de-euros-para-producir-autos-electricos-mexico","status":"publish","type":"post","link":"https:\/\/puertointerior.guanajuato.gob.mx\/blog\/2023\/03\/27\/bmw-invierte-800-millones-de-euros-para-producir-autos-electricos-mexico\/","title":{"rendered":"BMW invierte 800 millones de euros para producir autos el\u00e9ctricos M\u00e9xico"},"content":{"rendered":"<blockquote><p>BMW invierte 800 millones de euros en M\u00e9xico para la planta del Baj\u00edo, que ser\u00e1 la primera en producir autos el\u00e9ctricos en Latam.<\/p><\/blockquote>\n<p><strong>Harald Gottsche<\/strong>, director general de la planta de\u00a0<strong>BMW<\/strong>\u00a0San Luis Potos\u00ed, mencion\u00f3 que se destinar\u00e1n 500 millones de euros para la construcci\u00f3n de un nuevo centro de operaci\u00f3n de bater\u00edas de alto voltaje, donde anunci\u00f3 que empezar\u00e1 su producci\u00f3n en 2026.<\/p>\n<p>Adem\u00e1s, el directivo expuso que ser\u00e1 la<strong>\u00a0primera planta en Latinoam\u00e9rica en producir veh\u00edculos 100% el\u00e9ctricos<\/strong>; aclar\u00f3 que la producci\u00f3n empezar\u00e1 en 2027, en lo que adecuan las instalaciones que aportar\u00e1n un impacto en la huella de CO\u2082 en el Planeta.<\/p>\n<blockquote><p>\u201cCon esta nueva inversi\u00f3n, nuestra planta en\u00a0<strong>San Luis Potos\u00ed\u00a0<\/strong>tendr\u00e1 un papel central en la transici\u00f3n de\u00a0<strong>BMW<\/strong>\u00a0hacia la movilidad el\u00e9ctrica. La compa\u00f1\u00eda refuerza su compromiso con\u00a0<strong>M\u00e9xico<\/strong>\u00a0y su participaci\u00f3n en la red de producci\u00f3n\u201d.<\/p><\/blockquote>\n<p><strong>Marcelo Ebrard, secretario de Relaciones Exteriores<\/strong>, durante el anuncio de inversi\u00f3n de la empresa alemana, manifest\u00f3 que el gobierno Federal muestra preocupaci\u00f3n por la participaci\u00f3n del pa\u00eds en una nueva forma de producci\u00f3n y de movilidad que es la el\u00e9ctrica.<\/p>\n<blockquote><p>\u201cSe promueve a diversos sectores de la industria automotriz, para que pueda acelerar su producci\u00f3n de bater\u00edas y veh\u00edculos el\u00e9ctricos. Todas esas medidas tienen como objetivo que\u00a0<strong>M\u00e9xico<\/strong>\u00a0llegue a tiempo (a cumplir con la reducci\u00f3n de gases invernadero) y que sea pa\u00eds l\u00edder en esta nueva forma de producci\u00f3n\u201d.<\/p><\/blockquote>\n<p>El canciller extern\u00f3 su agradecimiento hacia la automotriz por promover la<strong>\u00a0energ\u00eda limpia\u00a0<\/strong>para cumplir con el objetivo que se program\u00f3 en la\u00a0<strong>COP 27 para el 2030<\/strong>.<\/p>\n<blockquote><p>\u201cNo solo es decir que\u00a0<strong>BMW<\/strong>\u00a0es socio de\u00a0<strong>M\u00e9xico<\/strong>, cuando hay una prioridad hay una inversi\u00f3n de 800 millones de euros y esta planta es la m\u00e1s avanzada del mundo; son un orgullo para\u00a0<strong>M\u00e9xico<\/strong>\u201d.<\/p><\/blockquote>\n<h2>BMW invierte en M\u00e9xico: la primera planta productora de autos el\u00e9ctricos en Latam<\/h2>\n<p><strong>Milan Nedelikovi\u0107<\/strong>, miembro del Consejo de Administraci\u00f3n de<strong>\u00a0BMW AG<\/strong>, responsable de la producci\u00f3n, manifest\u00f3 que la planta potosina se caracteriza por una gesti\u00f3n comprometida con recursos y medidas para reducir el CO\u2082. \u201cEstamos reconfigurando sistem\u00e1ticamente nuestra red de producci\u00f3n para transitar hacia la\u00a0<strong>movilidad el\u00e9ctrica<\/strong>\u201d.<\/p>\n<p>El consejero puntualiz\u00f3 que los planes de la automotriz para la transformaci\u00f3n el\u00e9ctrica en el planeta se encuentran en que \u201clos primeros modelos de la nueva plataforma saldr\u00e1n de la l\u00ednea de producci\u00f3n en nuestra planta de Debrecen, Hungr\u00eda, a inicios del 2025\u201d, seguida por la planta ubicada en M\u00fanich, para posteriormente \u201clograr vol\u00famenes adicionales mediante la integraci\u00f3n de\u00a0<strong>NEUE KLASSE<\/strong>\u00a0en la planta de San Luis Potos\u00ed a partir del 2027\u201d.<\/p>\n<p>Finalmente,<strong>\u00a0Andr\u00e9s Manuel L\u00f3pez Obrador, presidente de M\u00e9xico<\/strong>, concluy\u00f3 que la inversi\u00f3n que hace la automotriz impactar\u00e1 en la econom\u00eda de la localidad, al generar m\u00e1s de mil nuevos empleos.<\/p>\n<p>Los directivos de\u00a0<strong>BMW<\/strong>\u00a0reflexionaron sobre la importancia de utilizar\u00a0<strong>energ\u00edas limpias\u00a0<\/strong>y, las autoridades federales abundaron sobre la importancia de la I<strong>nversi\u00f3n Extranjera Directa (IED)<\/strong>\u00a0y la confianza que tiene la automotriz alemana en el pa\u00eds, donde el m\u00e1s beneficiado es el pueblo de\u00a0<strong>M\u00e9xico<\/strong>.<\/p>\n<p>Publicado originalmente por:\u00a0<a href=\"https:\/\/mundoejecutivo.com.mx\/empresas\/bmw-invierte-800-millones-euros-para-autos-electricos-mexico\/\">https:\/\/mundoejecutivo.com.mx\/empresas\/bmw-invierte-800-millones-euros-para-autos-electricos-mexico\/<\/a><\/p>\n","protected":false},"excerpt":{"rendered":"<p>BMW invierte 800 millones de euros en M\u00e9xico para la planta del Baj\u00edo, que ser\u00e1 la primera en producir autos el\u00e9ctricos en Latam. Harald Gottsche, director general de la planta de\u00a0BMW\u00a0San Luis Potos\u00ed, mencion\u00f3 que se destinar\u00e1n 500 millones de euros para la construcci\u00f3n de un nuevo centro de operaci\u00f3n de bater\u00edas de alto voltaje, [&hellip;]<\/p>\n","protected":false},"author":2,"featured_media":3127,"comment_status":"closed","ping_status":"open","sticky":false,"template":"","format":"standard","meta":{"jetpack_post_was_ever_published":false,"_jetpack_newsletter_access":"","_jetpack_dont_email_post_to_subs":false,"_jetpack_newsletter_tier_id":0,"_jetpack_memberships_contains_paywalled_content":false,"_jetpack_memberships_contains_paid_content":false,"footnotes":""},"categories":[20],"tags":[],"class_list":["post-3126","post","type-post","status-publish","format-standard","has-post-thumbnail","hentry","category-economic-development"],"yoast_head":"<!-- This site is optimized with the Yoast SEO plugin v25.7 - https:\/\/yoast.com\/wordpress\/plugins\/seo\/ -->\n<title>BMW invierte 800 millones de euros para producir autos el\u00e9ctricos M\u00e9xico - Blog | GPI NEWS<\/title>\n<meta name=\"robots\" content=\"index, follow, max-snippet:-1, max-image-preview:large, max-video-preview:-1\" \/>\n<link rel=\"canonical\" href=\"https:\/\/puertointerior.guanajuato.gob.mx\/blog\/2023\/03\/27\/bmw-invierte-800-millones-de-euros-para-producir-autos-electricos-mexico\/\" \/>\n<meta property=\"og:locale\" content=\"es_MX\" \/>\n<meta property=\"og:type\" content=\"article\" \/>\n<meta property=\"og:title\" content=\"BMW invierte 800 millones de euros para producir autos el\u00e9ctricos M\u00e9xico - Blog | GPI NEWS\" \/>\n<meta property=\"og:description\" content=\"BMW invierte 800 millones de euros en M\u00e9xico para la planta del Baj\u00edo, que ser\u00e1 la primera en producir autos el\u00e9ctricos en Latam. Harald Gottsche, director general de la planta de\u00a0BMW\u00a0San Luis Potos\u00ed, mencion\u00f3 que se destinar\u00e1n 500 millones de euros para la construcci\u00f3n de un nuevo centro de operaci\u00f3n de bater\u00edas de alto voltaje, [&hellip;]\" \/>\n<meta property=\"og:url\" content=\"https:\/\/puertointerior.guanajuato.gob.mx\/blog\/2023\/03\/27\/bmw-invierte-800-millones-de-euros-para-producir-autos-electricos-mexico\/\" \/>\n<meta property=\"og:site_name\" content=\"Blog | GPI NEWS\" \/>\n<meta property=\"article:published_time\" content=\"2023-03-28T01:50:18+00:00\" \/>\n<meta property=\"og:image\" content=\"https:\/\/puertointerior.guanajuato.gob.mx\/blog\/wp-content\/uploads\/2023\/03\/bmw-invierte-800-millones-euros-para-autos-electricos-mexico-1.jpg.jpg\" \/>\n\t<meta property=\"og:image:width\" content=\"328\" \/>\n\t<meta property=\"og:image:height\" content=\"184\" \/>\n\t<meta property=\"og:image:type\" content=\"image\/jpeg\" \/>\n<meta name=\"author\" content=\"GPI NEWS\" \/>\n<meta name=\"twitter:card\" content=\"summary_large_image\" \/>\n<meta name=\"twitter:label1\" content=\"Escrito por\" \/>\n\t<meta name=\"twitter:data1\" content=\"GPI NEWS\" \/>\n\t<meta name=\"twitter:label2\" content=\"Tiempo de lectura\" \/>\n\t<meta name=\"twitter:data2\" content=\"3 minutos\" \/>\n<script type=\"application\/ld+json\" class=\"yoast-schema-graph\">{\"@context\":\"https:\/\/schema.org\",\"@graph\":[{\"@type\":\"WebPage\",\"@id\":\"https:\/\/puertointerior.guanajuato.gob.mx\/blog\/2023\/03\/27\/bmw-invierte-800-millones-de-euros-para-producir-autos-electricos-mexico\/\",\"url\":\"https:\/\/puertointerior.guanajuato.gob.mx\/blog\/2023\/03\/27\/bmw-invierte-800-millones-de-euros-para-producir-autos-electricos-mexico\/\",\"name\":\"BMW invierte 800 millones de euros para producir autos el\u00e9ctricos M\u00e9xico - Blog | GPI NEWS\",\"isPartOf\":{\"@id\":\"https:\/\/puertointerior.guanajuato.gob.mx\/blog\/#website\"},\"primaryImageOfPage\":{\"@id\":\"https:\/\/puertointerior.guanajuato.gob.mx\/blog\/2023\/03\/27\/bmw-invierte-800-millones-de-euros-para-producir-autos-electricos-mexico\/#primaryimage\"},\"image\":{\"@id\":\"https:\/\/puertointerior.guanajuato.gob.mx\/blog\/2023\/03\/27\/bmw-invierte-800-millones-de-euros-para-producir-autos-electricos-mexico\/#primaryimage\"},\"thumbnailUrl\":\"https:\/\/puertointerior.guanajuato.gob.mx\/blog\/wp-content\/uploads\/2023\/03\/bmw-invierte-800-millones-euros-para-autos-electricos-mexico-1.jpg.jpg\",\"datePublished\":\"2023-03-28T01:50:18+00:00\",\"author\":{\"@id\":\"https:\/\/puertointerior.guanajuato.gob.mx\/blog\/#\/schema\/person\/f4851bb8a48c32d7fba5285caf4ef1c4\"},\"breadcrumb\":{\"@id\":\"https:\/\/puertointerior.guanajuato.gob.mx\/blog\/2023\/03\/27\/bmw-invierte-800-millones-de-euros-para-producir-autos-electricos-mexico\/#breadcrumb\"},\"inLanguage\":\"es\",\"potentialAction\":[{\"@type\":\"ReadAction\",\"target\":[\"https:\/\/puertointerior.guanajuato.gob.mx\/blog\/2023\/03\/27\/bmw-invierte-800-millones-de-euros-para-producir-autos-electricos-mexico\/\"]}]},{\"@type\":\"ImageObject\",\"inLanguage\":\"es\",\"@id\":\"https:\/\/puertointerior.guanajuato.gob.mx\/blog\/2023\/03\/27\/bmw-invierte-800-millones-de-euros-para-producir-autos-electricos-mexico\/#primaryimage\",\"url\":\"https:\/\/puertointerior.guanajuato.gob.mx\/blog\/wp-content\/uploads\/2023\/03\/bmw-invierte-800-millones-euros-para-autos-electricos-mexico-1.jpg.jpg\",\"contentUrl\":\"https:\/\/puertointerior.guanajuato.gob.mx\/blog\/wp-content\/uploads\/2023\/03\/bmw-invierte-800-millones-euros-para-autos-electricos-mexico-1.jpg.jpg\",\"width\":328,\"height\":184},{\"@type\":\"BreadcrumbList\",\"@id\":\"https:\/\/puertointerior.guanajuato.gob.mx\/blog\/2023\/03\/27\/bmw-invierte-800-millones-de-euros-para-producir-autos-electricos-mexico\/#breadcrumb\",\"itemListElement\":[{\"@type\":\"ListItem\",\"position\":1,\"name\":\"Inicio\",\"item\":\"https:\/\/puertointerior.guanajuato.gob.mx\/blog\/\"},{\"@type\":\"ListItem\",\"position\":2,\"name\":\"BMW invierte 800 millones de euros para producir autos el\u00e9ctricos M\u00e9xico\"}]},{\"@type\":\"WebSite\",\"@id\":\"https:\/\/puertointerior.guanajuato.gob.mx\/blog\/#website\",\"url\":\"https:\/\/puertointerior.guanajuato.gob.mx\/blog\/\",\"name\":\"Blog | GPI NEWS\",\"description\":\"Guanajuato Puerto Interior\",\"potentialAction\":[{\"@type\":\"SearchAction\",\"target\":{\"@type\":\"EntryPoint\",\"urlTemplate\":\"https:\/\/puertointerior.guanajuato.gob.mx\/blog\/?s={search_term_string}\"},\"query-input\":{\"@type\":\"PropertyValueSpecification\",\"valueRequired\":true,\"valueName\":\"search_term_string\"}}],\"inLanguage\":\"es\"},{\"@type\":\"Person\",\"@id\":\"https:\/\/puertointerior.guanajuato.gob.mx\/blog\/#\/schema\/person\/f4851bb8a48c32d7fba5285caf4ef1c4\",\"name\":\"GPI NEWS\",\"image\":{\"@type\":\"ImageObject\",\"inLanguage\":\"es\",\"@id\":\"https:\/\/puertointerior.guanajuato.gob.mx\/blog\/#\/schema\/person\/image\/\",\"url\":\"https:\/\/secure.gravatar.com\/avatar\/612aca53a708cefc5ebe15ab0bc63c51a8ba58563e45c17848fa400e627e2717?s=96&d=mm&r=g\",\"contentUrl\":\"https:\/\/secure.gravatar.com\/avatar\/612aca53a708cefc5ebe15ab0bc63c51a8ba58563e45c17848fa400e627e2717?s=96&d=mm&r=g\",\"caption\":\"GPI NEWS\"},\"url\":\"https:\/\/puertointerior.guanajuato.gob.mx\/blog\/author\/rafa-jacinto\/\"}]}<\/script>\n<!-- \/ Yoast SEO plugin. -->","yoast_head_json":{"title":"BMW invierte 800 millones de euros para producir autos el\u00e9ctricos M\u00e9xico - Blog | GPI NEWS","robots":{"index":"index","follow":"follow","max-snippet":"max-snippet:-1","max-image-preview":"max-image-preview:large","max-video-preview":"max-video-preview:-1"},"canonical":"https:\/\/puertointerior.guanajuato.gob.mx\/blog\/2023\/03\/27\/bmw-invierte-800-millones-de-euros-para-producir-autos-electricos-mexico\/","og_locale":"es_MX","og_type":"article","og_title":"BMW invierte 800 millones de euros para producir autos el\u00e9ctricos M\u00e9xico - Blog | GPI NEWS","og_description":"BMW invierte 800 millones de euros en M\u00e9xico para la planta del Baj\u00edo, que ser\u00e1 la primera en producir autos el\u00e9ctricos en Latam. Harald Gottsche, director general de la planta de\u00a0BMW\u00a0San Luis Potos\u00ed, mencion\u00f3 que se destinar\u00e1n 500 millones de euros para la construcci\u00f3n de un nuevo centro de operaci\u00f3n de bater\u00edas de alto voltaje, [&hellip;]","og_url":"https:\/\/puertointerior.guanajuato.gob.mx\/blog\/2023\/03\/27\/bmw-invierte-800-millones-de-euros-para-producir-autos-electricos-mexico\/","og_site_name":"Blog | GPI NEWS","article_published_time":"2023-03-28T01:50:18+00:00","og_image":[{"width":328,"height":184,"url":"https:\/\/puertointerior.guanajuato.gob.mx\/blog\/wp-content\/uploads\/2023\/03\/bmw-invierte-800-millones-euros-para-autos-electricos-mexico-1.jpg.jpg","type":"image\/jpeg"}],"author":"GPI NEWS","twitter_card":"summary_large_image","twitter_misc":{"Escrito por":"GPI NEWS","Tiempo de lectura":"3 minutos"},"schema":{"@context":"https:\/\/schema.org","@graph":[{"@type":"WebPage","@id":"https:\/\/puertointerior.guanajuato.gob.mx\/blog\/2023\/03\/27\/bmw-invierte-800-millones-de-euros-para-producir-autos-electricos-mexico\/","url":"https:\/\/puertointerior.guanajuato.gob.mx\/blog\/2023\/03\/27\/bmw-invierte-800-millones-de-euros-para-producir-autos-electricos-mexico\/","name":"BMW invierte 800 millones de euros para producir autos el\u00e9ctricos M\u00e9xico - Blog | GPI NEWS","isPartOf":{"@id":"https:\/\/puertointerior.guanajuato.gob.mx\/blog\/#website"},"primaryImageOfPage":{"@id":"https:\/\/puertointerior.guanajuato.gob.mx\/blog\/2023\/03\/27\/bmw-invierte-800-millones-de-euros-para-producir-autos-electricos-mexico\/#primaryimage"},"image":{"@id":"https:\/\/puertointerior.guanajuato.gob.mx\/blog\/2023\/03\/27\/bmw-invierte-800-millones-de-euros-para-producir-autos-electricos-mexico\/#primaryimage"},"thumbnailUrl":"https:\/\/puertointerior.guanajuato.gob.mx\/blog\/wp-content\/uploads\/2023\/03\/bmw-invierte-800-millones-euros-para-autos-electricos-mexico-1.jpg.jpg","datePublished":"2023-03-28T01:50:18+00:00","author":{"@id":"https:\/\/puertointerior.guanajuato.gob.mx\/blog\/#\/schema\/person\/f4851bb8a48c32d7fba5285caf4ef1c4"},"breadcrumb":{"@id":"https:\/\/puertointerior.guanajuato.gob.mx\/blog\/2023\/03\/27\/bmw-invierte-800-millones-de-euros-para-producir-autos-electricos-mexico\/#breadcrumb"},"inLanguage":"es","potentialAction":[{"@type":"ReadAction","target":["https:\/\/puertointerior.guanajuato.gob.mx\/blog\/2023\/03\/27\/bmw-invierte-800-millones-de-euros-para-producir-autos-electricos-mexico\/"]}]},{"@type":"ImageObject","inLanguage":"es","@id":"https:\/\/puertointerior.guanajuato.gob.mx\/blog\/2023\/03\/27\/bmw-invierte-800-millones-de-euros-para-producir-autos-electricos-mexico\/#primaryimage","url":"https:\/\/puertointerior.guanajuato.gob.mx\/blog\/wp-content\/uploads\/2023\/03\/bmw-invierte-800-millones-euros-para-autos-electricos-mexico-1.jpg.jpg","contentUrl":"https:\/\/puertointerior.guanajuato.gob.mx\/blog\/wp-content\/uploads\/2023\/03\/bmw-invierte-800-millones-euros-para-autos-electricos-mexico-1.jpg.jpg","width":328,"height":184},{"@type":"BreadcrumbList","@id":"https:\/\/puertointerior.guanajuato.gob.mx\/blog\/2023\/03\/27\/bmw-invierte-800-millones-de-euros-para-producir-autos-electricos-mexico\/#breadcrumb","itemListElement":[{"@type":"ListItem","position":1,"name":"Inicio","item":"https:\/\/puertointerior.guanajuato.gob.mx\/blog\/"},{"@type":"ListItem","position":2,"name":"BMW invierte 800 millones de euros para producir autos el\u00e9ctricos M\u00e9xico"}]},{"@type":"WebSite","@id":"https:\/\/puertointerior.guanajuato.gob.mx\/blog\/#website","url":"https:\/\/puertointerior.guanajuato.gob.mx\/blog\/","name":"Blog | GPI NEWS","description":"Guanajuato Puerto Interior","potentialAction":[{"@type":"SearchAction","target":{"@type":"EntryPoint","urlTemplate":"https:\/\/puertointerior.guanajuato.gob.mx\/blog\/?s={search_term_string}"},"query-input":{"@type":"PropertyValueSpecification","valueRequired":true,"valueName":"search_term_string"}}],"inLanguage":"es"},{"@type":"Person","@id":"https:\/\/puertointerior.guanajuato.gob.mx\/blog\/#\/schema\/person\/f4851bb8a48c32d7fba5285caf4ef1c4","name":"GPI NEWS","image":{"@type":"ImageObject","inLanguage":"es","@id":"https:\/\/puertointerior.guanajuato.gob.mx\/blog\/#\/schema\/person\/image\/","url":"https:\/\/secure.gravatar.com\/avatar\/612aca53a708cefc5ebe15ab0bc63c51a8ba58563e45c17848fa400e627e2717?s=96&d=mm&r=g","contentUrl":"https:\/\/secure.gravatar.com\/avatar\/612aca53a708cefc5ebe15ab0bc63c51a8ba58563e45c17848fa400e627e2717?s=96&d=mm&r=g","caption":"GPI NEWS"},"url":"https:\/\/puertointerior.guanajuato.gob.mx\/blog\/author\/rafa-jacinto\/"}]}},"jetpack_featured_media_url":"https:\/\/puertointerior.guanajuato.gob.mx\/blog\/wp-content\/uploads\/2023\/03\/bmw-invierte-800-millones-euros-para-autos-electricos-mexico-1.jpg.jpg","jetpack_sharing_enabled":true,"jetpack_shortlink":"https:\/\/wp.me\/pcnMPA-Oq","_links":{"self":[{"href":"https:\/\/puertointerior.guanajuato.gob.mx\/blog\/wp-json\/wp\/v2\/posts\/3126","targetHints":{"allow":["GET"]}}],"collection":[{"href":"https:\/\/puertointerior.guanajuato.gob.mx\/blog\/wp-json\/wp\/v2\/posts"}],"about":[{"href":"https:\/\/puertointerior.guanajuato.gob.mx\/blog\/wp-json\/wp\/v2\/types\/post"}],"author":[{"embeddable":true,"href":"https:\/\/puertointerior.guanajuato.gob.mx\/blog\/wp-json\/wp\/v2\/users\/2"}],"replies":[{"embeddable":true,"href":"https:\/\/puertointerior.guanajuato.gob.mx\/blog\/wp-json\/wp\/v2\/comments?post=3126"}],"version-history":[{"count":2,"href":"https:\/\/puertointerior.guanajuato.gob.mx\/blog\/wp-json\/wp\/v2\/posts\/3126\/revisions"}],"predecessor-version":[{"id":3129,"href":"https:\/\/puertointerior.guanajuato.gob.mx\/blog\/wp-json\/wp\/v2\/posts\/3126\/revisions\/3129"}],"wp:featuredmedia":[{"embeddable":true,"href":"https:\/\/puertointerior.guanajuato.gob.mx\/blog\/wp-json\/wp\/v2\/media\/3127"}],"wp:attachment":[{"href":"https:\/\/puertointerior.guanajuato.gob.mx\/blog\/wp-json\/wp\/v2\/media?parent=3126"}],"wp:term":[{"taxonomy":"category","embeddable":true,"href":"https:\/\/puertointerior.guanajuato.gob.mx\/blog\/wp-json\/wp\/v2\/categories?post=3126"},{"taxonomy":"post_tag","embeddable":true,"href":"https:\/\/puertointerior.guanajuato.gob.mx\/blog\/wp-json\/wp\/v2\/tags?post=3126"}],"curies":[{"name":"wp","href":"https:\/\/api.w.org\/{rel}","templated":true}]}}