{"id":3292,"date":"2023-04-10T17:18:54","date_gmt":"2023-04-10T22:18:54","guid":{"rendered":"https:\/\/puertointerior.guanajuato.gob.mx\/blog\/?p=3292"},"modified":"2023-04-10T17:18:54","modified_gmt":"2023-04-10T22:18:54","slug":"ensamble-de-autos-electricos-en-mexico-casi-se-triplicara-este-ano","status":"publish","type":"post","link":"https:\/\/puertointerior.guanajuato.gob.mx\/blog\/2023\/04\/10\/ensamble-de-autos-electricos-en-mexico-casi-se-triplicara-este-ano\/","title":{"rendered":"Ensamble de autos el\u00e9ctricos en M\u00e9xico casi se triplicar\u00e1 este a\u00f1o"},"content":{"rendered":"<div class=\"jsx-1778878049 \">\n<p>En el 2023 entrar\u00e1n en funcionamiento nuevas l\u00edneas de producci\u00f3n de GM, con lo que se acelerar\u00e1 el ensamble de sus SUV el\u00e9ctricas Equinox y Blazer; la comercializaci\u00f3n tambi\u00e9n tomar\u00e1 impulso de la mano de nuevas marcas chinas como BYD.<\/p>\n<\/div>\n<div class=\"jsx-1921398030 newsbody\">\n<div class=\"jsx-670345696 share fixed\">\n<div class=\"jsx-670345696 \">La electromovilidad en M\u00e9xico est\u00e1 cada vez m\u00e1s latente y tanto su producci\u00f3n como su venta han tomado auge en 2023. Tan s\u00f3lo se prev\u00e9 que la fabricaci\u00f3n de veh\u00edculos el\u00e9ctricos en el pa\u00eds aumente 179% al cierre del a\u00f1o; mientras que la comercializaci\u00f3n podr\u00eda m\u00e1s que duplicarse con la llegada de nuevas marcas chinas.<\/div>\n<div>\n<p class=\"jsx-3954459878\">De acuerdo con un an\u00e1lisis del \u00c1rea de Inteligencia de Negocios de Directorio Automotriz, M\u00e9xico habr\u00e1 producido alrededor 221,970 veh\u00edculos el\u00e9ctricos al t\u00e9rmino del 2023, que representar\u00eda aumento del 179% en comparaci\u00f3n con el 2022, en donde modelos como el Ford Mustang Mach-E, Chevrolet Blazer EV, Chevrolet Equinox EV, JAC E 10X, ser\u00e1n los m\u00e1s producidos en las armadoras instaladas en el pa\u00eds.<\/p>\n<p class=\"jsx-3954459878\">El a\u00f1o pasado, el ensamble de veh\u00edculos el\u00e9ctricos represent\u00f3 2.4% del total de unidades ligeras armadas en el pa\u00eds, pero este a\u00f1o esa proporci\u00f3n podr\u00eda rebasar el 6 por ciento.<\/p>\n<p class=\"jsx-3954459878\">En tanto, la comercializaci\u00f3n de autos 100% el\u00e9ctricos apuntan a elevar el crecimiento a triple digito, pues a partir de abril comenz\u00f3 la venta de varias marcas chinas que colocar\u00e1n unidades verdes en territorio mexicano, tal es el caso de BYD que quiere vender 5,000 autos el\u00e9ctricos y ARRA otros 2,000 para este 2023, sin contar con el resto de las marcas.<\/p>\n<p class=\"jsx-3954459878\">\u201cEmpresas armadoras y proveedores Tier 1 (primer nivel) confirman a trav\u00e9s de numerosas inversiones que han realizado en el pa\u00eds en este a\u00f1o, que la tendencia del nearshoring y el Tratado M\u00e9xico, Estados Unidos y Canad\u00e1 (T-MEC) est\u00e1n creando un nuevo escenario de oportunidades para el sector automotriz\u201d, afirm\u00f3.<\/p>\n<p class=\"jsx-3954459878\">Del periodo de 2020 al 2022, la industria automotriz en M\u00e9xico ha producido m\u00e1s de 157,730 autom\u00f3viles el\u00e9ctricos, de los cuales 79,471 unidades fueron ensamblados en 2022, en donde el modelo que capitaliz\u00f3 el mercado fue el Ford Mustang Mach-E con 77,897, seguido del JAC E 10X con 911 unidades de JAC M\u00e9xico (Giant Motors Latinoam\u00e9rica).<\/p>\n<p class=\"jsx-3954459878 fi-aic_250\">Pero otras marcas han decidido cambiar la producci\u00f3n de sus veh\u00edculos y han encontrado en M\u00e9xico a un fuerte aliado. BMW anunci\u00f3 el 3 de febrero de 2023 que producir\u00e1 veh\u00edculos el\u00e9ctricos en su planta en San Luis Potos\u00ed, adem\u00e1s el complejo de General Motors en Ramos Arizpe comenzar\u00e1 a producir el Chevrolet Blazer EV, en un inicio solo para exportaci\u00f3n y a partir del \u00faltimo trimestre de 2023 ser\u00e1 introducido al mercado mexicano.<\/p>\n<p class=\"jsx-3954459878\">Tambi\u00e9n JAC M\u00e9xico planea incrementar su producci\u00f3n un 25% este a\u00f1o, mientras que Ford incrementar\u00e1 la producci\u00f3n del Mustang Mach-E como respuesta a la llegada de Tesla a M\u00e9xico y su competencia con el mismo en el mercado estadounidense, los proveedores de ambos ya han invertido m\u00e1s de 3,500 millones de d\u00f3lares en el pa\u00eds, de acuerdo con la plataforma B2B automotriz.<\/p>\n<p class=\"jsx-3954459878\">Al momento, el noreste concentra un 41% de la proveedur\u00eda de electromovilidad del pa\u00eds, mientras que el Baj\u00edo re\u00fane otro 40%, siendo Guanajuato la entidad l\u00edder entre la regi\u00f3n.<\/p>\n<p class=\"jsx-3954459878\">De acuerdo con la Asociaci\u00f3n Mexicana de la Industria Automotriz (AMIA), la venta de autos 100% el\u00e9ctricos en M\u00e9xico se elev\u00f3 394% al cierre del 2022, cuando la industria coloc\u00f3 5,631 unidades contra 1,140 autos en el 2021.<\/p>\n<p class=\"jsx-3954459878\">La previsi\u00f3n a nivel Latinoam\u00e9rica es que M\u00e9xico sea el l\u00edder de ventas de autos el\u00e9ctricos, seguido por Brasil, como parte del compromiso de reducci\u00f3n de emisiones contaminantes. No obstante, la industria enfrenta retos importantes para masificar este tipo de unidades, que deber\u00edan ser apoyadas por pol\u00edticas p\u00fablicas.<\/p>\n<h2 class=\"jsx-1282840227\">Exportaci\u00f3n avanza<\/h2>\n<p class=\"jsx-3954459878\">El a\u00f1o pasado, M\u00e9xico export\u00f3 veh\u00edculos el\u00e9ctricos al mercado estadounidense por 2,636 millones de d\u00f3lares, con lo que ubic\u00f3 cuarto entre los pa\u00edses con las mayores facturaciones por este concepto de venta al pa\u00eds norteamericano.<\/p>\n<p class=\"jsx-3954459878\">Entre los mayores exportadores de autos el\u00e9ctricos al mercado de Estados Unidos, Jap\u00f3n se situ\u00f3 al frente en 2022, con 6,381 millones de d\u00f3lares, seguido de Corea del Sur (5,874 millones), Alemania (5,070 millones), M\u00e9xico (2,636 millones) y Canad\u00e1 (2,195 millones).<\/p>\n<p class=\"jsx-3954459878\">M\u00e9xico cuenta con ventajas como la proximidad a Estados Unidos; la producci\u00f3n de veh\u00edculos que pueden elegirse \u2013al igual que los de Canad\u00e1- para el incentivo de cr\u00e9dito fiscal federal (bajo la Ley de Reducci\u00f3n de la Inflaci\u00f3n de 2022); una red de acuerdos comerciales, T-MEC; una mano de obra calificada y relativamente barata; integraci\u00f3n productiva en Am\u00e9rica del Norte, y recursos naturales, incluidos minerales.<\/p>\n<p class=\"jsx-3954459878\">A nivel mundial, los fabricantes de autom\u00f3viles vendieron 6.6 millones de autos el\u00e9ctricos enchufables en 2021, m\u00e1s del doble de los 3.0 millones vendidos en 2020 y m\u00e1s del triple de los 2.2 millones vendidos en 2019, seg\u00fan la Agencia Internacional de Energ\u00eda (AIE).<\/p>\n<p class=\"jsx-3954459878\">La definici\u00f3n m\u00e1s amplia de autos el\u00e9ctricos, que incluye a los h\u00edbridos enchufables, abarc\u00f3 aproximadamente 9% del mercado mundial de autos nuevos, frente a 4% en 2020 y 2% en 2019, seg\u00fan la AIE. (Con informaci\u00f3n de Roberto Morales).<\/p>\n<h2 class=\"jsx-1282840227\">Anuncios de inversiones recientes en electromovilidad en M\u00e9xico<\/h2>\n<ul class=\"jsx-1985951014\">\n<li class=\"jsx-1985951014\">Ford: en el 2019 fue la primera automotriz en anunciar inversiones en electromovilidad, con 1,100 millones para adaptar su planta de Cuautitl\u00e1n, Estados de M\u00e9xico, donde se ensambla desde el 2020 su SUV el\u00e9ctrica Mustang Mach-E<\/li>\n<li class=\"jsx-1985951014 fi-aic_250\">GM: en el 2021 anunci\u00f3 una inversi\u00f3n de 1,000 mdd para adaptar su planta de Ramos Arizpe, Coahuila para la producci\u00f3n de SUV el\u00e9ctricas.<\/li>\n<li class=\"jsx-1985951014\">VW: en octubre del 2022 anuncia la inversi\u00f3n de 763 mdd en su planta de Puebla para iniciar su adaptaci\u00f3n rumbo al ensamble de SUV el\u00e9ctricas.<\/li>\n<li class=\"jsx-1985951014\">BMW: en febrero del 2023 anuncia una inversi\u00f3n de m\u00e1s de 860 mdd para ampliar su planta de San Luis Potos\u00ed, en donde planea fabricar autos y tambi\u00e9n bater\u00edas el\u00e9ctricas.<\/li>\n<li class=\"jsx-1985951014\">Stellantis: en febrero del 2023 anuncia una inversi\u00f3n inicial de 200 mdd en su planta de Saltillo, Coahuila, en donde planea producir su primer veh\u00edculo el\u00e9ctrico en M\u00e9xico, la RAM Promaster.<\/li>\n<li class=\"jsx-1985951014\">Tesla: en marzo del 2023 confirma que instalar\u00e1 una planta de ensamble en Santa Catarina Nuevo Le\u00f3n, en donde fabricar\u00e1 un nuevo veh\u00edculo el\u00e9ctrico de nueva generaci\u00f3n; el gobierno afirma que se destinar\u00e1n 5,000 mdd.<\/li>\n<li class=\"jsx-1985951014\">Jetour: en marzo del 2023 la empresa china anuncia su intenci\u00f3n de invertir 3,000 mdd en el 2023 para instalar una planta de ensamble de veh\u00edculos a combusti\u00f3n y el\u00e9ctricos, la cual estar\u00eda en el Baj\u00edo.<\/li>\n<\/ul>\n<p>Publicado originalmente por:\u00a0<a href=\"https:\/\/www.eleconomista.com.mx\/empresas\/Ensamble-de-autos-electricos-en-Mexico-casi-se-triplicara-este-ano-20230409-0076.html\">https:\/\/www.eleconomista.com.mx\/empresas\/Ensamble-de-autos-electricos-en-Mexico-casi-se-triplicara-este-ano-20230409-0076.html<\/a><\/p>\n<\/div>\n<\/div>\n<\/div>\n","protected":false},"excerpt":{"rendered":"<p>En el 2023 entrar\u00e1n en funcionamiento nuevas l\u00edneas de producci\u00f3n de GM, con lo que se acelerar\u00e1 el ensamble de sus SUV el\u00e9ctricas Equinox y Blazer; la comercializaci\u00f3n tambi\u00e9n tomar\u00e1 impulso de la mano de nuevas marcas chinas como BYD. La electromovilidad en M\u00e9xico est\u00e1 cada vez m\u00e1s latente y tanto su producci\u00f3n como su [&hellip;]<\/p>\n","protected":false},"author":2,"featured_media":3293,"comment_status":"closed","ping_status":"open","sticky":false,"template":"","format":"standard","meta":{"jetpack_post_was_ever_published":false,"_jetpack_newsletter_access":"","_jetpack_dont_email_post_to_subs":false,"_jetpack_newsletter_tier_id":0,"_jetpack_memberships_contains_paywalled_content":false,"_jetpack_memberships_contains_paid_content":false,"footnotes":""},"categories":[20],"tags":[],"class_list":["post-3292","post","type-post","status-publish","format-standard","has-post-thumbnail","hentry","category-economic-development"],"yoast_head":"<!-- This site is optimized with the Yoast SEO plugin v25.7 - https:\/\/yoast.com\/wordpress\/plugins\/seo\/ -->\n<title>Ensamble de autos el\u00e9ctricos en M\u00e9xico casi se triplicar\u00e1 este a\u00f1o - Blog | GPI NEWS<\/title>\n<meta name=\"robots\" content=\"index, follow, max-snippet:-1, max-image-preview:large, max-video-preview:-1\" \/>\n<link rel=\"canonical\" href=\"https:\/\/puertointerior.guanajuato.gob.mx\/blog\/2023\/04\/10\/ensamble-de-autos-electricos-en-mexico-casi-se-triplicara-este-ano\/\" \/>\n<meta property=\"og:locale\" content=\"es_MX\" \/>\n<meta property=\"og:type\" content=\"article\" \/>\n<meta property=\"og:title\" content=\"Ensamble de autos el\u00e9ctricos en M\u00e9xico casi se triplicar\u00e1 este a\u00f1o - Blog | GPI NEWS\" \/>\n<meta property=\"og:description\" content=\"En el 2023 entrar\u00e1n en funcionamiento nuevas l\u00edneas de producci\u00f3n de GM, con lo que se acelerar\u00e1 el ensamble de sus SUV el\u00e9ctricas Equinox y Blazer; la comercializaci\u00f3n tambi\u00e9n tomar\u00e1 impulso de la mano de nuevas marcas chinas como BYD. La electromovilidad en M\u00e9xico est\u00e1 cada vez m\u00e1s latente y tanto su producci\u00f3n como su [&hellip;]\" \/>\n<meta property=\"og:url\" content=\"https:\/\/puertointerior.guanajuato.gob.mx\/blog\/2023\/04\/10\/ensamble-de-autos-electricos-en-mexico-casi-se-triplicara-este-ano\/\" \/>\n<meta property=\"og:site_name\" content=\"Blog | GPI NEWS\" \/>\n<meta property=\"article:published_time\" content=\"2023-04-10T22:18:54+00:00\" \/>\n<meta property=\"og:image\" content=\"https:\/\/puertointerior.guanajuato.gob.mx\/blog\/wp-content\/uploads\/2023\/04\/gm_ramos_arizpe.jpg_554688468.jpg\" \/>\n\t<meta property=\"og:image:width\" content=\"1012\" \/>\n\t<meta property=\"og:image:height\" content=\"569\" \/>\n\t<meta property=\"og:image:type\" content=\"image\/jpeg\" \/>\n<meta name=\"author\" content=\"GPI NEWS\" \/>\n<meta name=\"twitter:card\" content=\"summary_large_image\" \/>\n<meta name=\"twitter:label1\" content=\"Escrito por\" \/>\n\t<meta name=\"twitter:data1\" content=\"GPI NEWS\" \/>\n\t<meta name=\"twitter:label2\" content=\"Tiempo de lectura\" \/>\n\t<meta name=\"twitter:data2\" content=\"6 minutos\" \/>\n<script type=\"application\/ld+json\" class=\"yoast-schema-graph\">{\"@context\":\"https:\/\/schema.org\",\"@graph\":[{\"@type\":\"WebPage\",\"@id\":\"https:\/\/puertointerior.guanajuato.gob.mx\/blog\/2023\/04\/10\/ensamble-de-autos-electricos-en-mexico-casi-se-triplicara-este-ano\/\",\"url\":\"https:\/\/puertointerior.guanajuato.gob.mx\/blog\/2023\/04\/10\/ensamble-de-autos-electricos-en-mexico-casi-se-triplicara-este-ano\/\",\"name\":\"Ensamble de autos el\u00e9ctricos en M\u00e9xico casi se triplicar\u00e1 este a\u00f1o - Blog | GPI NEWS\",\"isPartOf\":{\"@id\":\"https:\/\/puertointerior.guanajuato.gob.mx\/blog\/#website\"},\"primaryImageOfPage\":{\"@id\":\"https:\/\/puertointerior.guanajuato.gob.mx\/blog\/2023\/04\/10\/ensamble-de-autos-electricos-en-mexico-casi-se-triplicara-este-ano\/#primaryimage\"},\"image\":{\"@id\":\"https:\/\/puertointerior.guanajuato.gob.mx\/blog\/2023\/04\/10\/ensamble-de-autos-electricos-en-mexico-casi-se-triplicara-este-ano\/#primaryimage\"},\"thumbnailUrl\":\"https:\/\/puertointerior.guanajuato.gob.mx\/blog\/wp-content\/uploads\/2023\/04\/gm_ramos_arizpe.jpg_554688468.jpg\",\"datePublished\":\"2023-04-10T22:18:54+00:00\",\"author\":{\"@id\":\"https:\/\/puertointerior.guanajuato.gob.mx\/blog\/#\/schema\/person\/f4851bb8a48c32d7fba5285caf4ef1c4\"},\"breadcrumb\":{\"@id\":\"https:\/\/puertointerior.guanajuato.gob.mx\/blog\/2023\/04\/10\/ensamble-de-autos-electricos-en-mexico-casi-se-triplicara-este-ano\/#breadcrumb\"},\"inLanguage\":\"es\",\"potentialAction\":[{\"@type\":\"ReadAction\",\"target\":[\"https:\/\/puertointerior.guanajuato.gob.mx\/blog\/2023\/04\/10\/ensamble-de-autos-electricos-en-mexico-casi-se-triplicara-este-ano\/\"]}]},{\"@type\":\"ImageObject\",\"inLanguage\":\"es\",\"@id\":\"https:\/\/puertointerior.guanajuato.gob.mx\/blog\/2023\/04\/10\/ensamble-de-autos-electricos-en-mexico-casi-se-triplicara-este-ano\/#primaryimage\",\"url\":\"https:\/\/puertointerior.guanajuato.gob.mx\/blog\/wp-content\/uploads\/2023\/04\/gm_ramos_arizpe.jpg_554688468.jpg\",\"contentUrl\":\"https:\/\/puertointerior.guanajuato.gob.mx\/blog\/wp-content\/uploads\/2023\/04\/gm_ramos_arizpe.jpg_554688468.jpg\",\"width\":1012,\"height\":569},{\"@type\":\"BreadcrumbList\",\"@id\":\"https:\/\/puertointerior.guanajuato.gob.mx\/blog\/2023\/04\/10\/ensamble-de-autos-electricos-en-mexico-casi-se-triplicara-este-ano\/#breadcrumb\",\"itemListElement\":[{\"@type\":\"ListItem\",\"position\":1,\"name\":\"Inicio\",\"item\":\"https:\/\/puertointerior.guanajuato.gob.mx\/blog\/\"},{\"@type\":\"ListItem\",\"position\":2,\"name\":\"Ensamble de autos el\u00e9ctricos en M\u00e9xico casi se triplicar\u00e1 este a\u00f1o\"}]},{\"@type\":\"WebSite\",\"@id\":\"https:\/\/puertointerior.guanajuato.gob.mx\/blog\/#website\",\"url\":\"https:\/\/puertointerior.guanajuato.gob.mx\/blog\/\",\"name\":\"Blog | GPI NEWS\",\"description\":\"Guanajuato Puerto Interior\",\"potentialAction\":[{\"@type\":\"SearchAction\",\"target\":{\"@type\":\"EntryPoint\",\"urlTemplate\":\"https:\/\/puertointerior.guanajuato.gob.mx\/blog\/?s={search_term_string}\"},\"query-input\":{\"@type\":\"PropertyValueSpecification\",\"valueRequired\":true,\"valueName\":\"search_term_string\"}}],\"inLanguage\":\"es\"},{\"@type\":\"Person\",\"@id\":\"https:\/\/puertointerior.guanajuato.gob.mx\/blog\/#\/schema\/person\/f4851bb8a48c32d7fba5285caf4ef1c4\",\"name\":\"GPI NEWS\",\"image\":{\"@type\":\"ImageObject\",\"inLanguage\":\"es\",\"@id\":\"https:\/\/puertointerior.guanajuato.gob.mx\/blog\/#\/schema\/person\/image\/\",\"url\":\"https:\/\/secure.gravatar.com\/avatar\/612aca53a708cefc5ebe15ab0bc63c51a8ba58563e45c17848fa400e627e2717?s=96&d=mm&r=g\",\"contentUrl\":\"https:\/\/secure.gravatar.com\/avatar\/612aca53a708cefc5ebe15ab0bc63c51a8ba58563e45c17848fa400e627e2717?s=96&d=mm&r=g\",\"caption\":\"GPI NEWS\"},\"url\":\"https:\/\/puertointerior.guanajuato.gob.mx\/blog\/author\/rafa-jacinto\/\"}]}<\/script>\n<!-- \/ Yoast SEO plugin. -->","yoast_head_json":{"title":"Ensamble de autos el\u00e9ctricos en M\u00e9xico casi se triplicar\u00e1 este a\u00f1o - Blog | GPI NEWS","robots":{"index":"index","follow":"follow","max-snippet":"max-snippet:-1","max-image-preview":"max-image-preview:large","max-video-preview":"max-video-preview:-1"},"canonical":"https:\/\/puertointerior.guanajuato.gob.mx\/blog\/2023\/04\/10\/ensamble-de-autos-electricos-en-mexico-casi-se-triplicara-este-ano\/","og_locale":"es_MX","og_type":"article","og_title":"Ensamble de autos el\u00e9ctricos en M\u00e9xico casi se triplicar\u00e1 este a\u00f1o - Blog | GPI NEWS","og_description":"En el 2023 entrar\u00e1n en funcionamiento nuevas l\u00edneas de producci\u00f3n de GM, con lo que se acelerar\u00e1 el ensamble de sus SUV el\u00e9ctricas Equinox y Blazer; la comercializaci\u00f3n tambi\u00e9n tomar\u00e1 impulso de la mano de nuevas marcas chinas como BYD. La electromovilidad en M\u00e9xico est\u00e1 cada vez m\u00e1s latente y tanto su producci\u00f3n como su [&hellip;]","og_url":"https:\/\/puertointerior.guanajuato.gob.mx\/blog\/2023\/04\/10\/ensamble-de-autos-electricos-en-mexico-casi-se-triplicara-este-ano\/","og_site_name":"Blog | GPI NEWS","article_published_time":"2023-04-10T22:18:54+00:00","og_image":[{"width":1012,"height":569,"url":"https:\/\/puertointerior.guanajuato.gob.mx\/blog\/wp-content\/uploads\/2023\/04\/gm_ramos_arizpe.jpg_554688468.jpg","type":"image\/jpeg"}],"author":"GPI NEWS","twitter_card":"summary_large_image","twitter_misc":{"Escrito por":"GPI NEWS","Tiempo de lectura":"6 minutos"},"schema":{"@context":"https:\/\/schema.org","@graph":[{"@type":"WebPage","@id":"https:\/\/puertointerior.guanajuato.gob.mx\/blog\/2023\/04\/10\/ensamble-de-autos-electricos-en-mexico-casi-se-triplicara-este-ano\/","url":"https:\/\/puertointerior.guanajuato.gob.mx\/blog\/2023\/04\/10\/ensamble-de-autos-electricos-en-mexico-casi-se-triplicara-este-ano\/","name":"Ensamble de autos el\u00e9ctricos en M\u00e9xico casi se triplicar\u00e1 este a\u00f1o - Blog | GPI NEWS","isPartOf":{"@id":"https:\/\/puertointerior.guanajuato.gob.mx\/blog\/#website"},"primaryImageOfPage":{"@id":"https:\/\/puertointerior.guanajuato.gob.mx\/blog\/2023\/04\/10\/ensamble-de-autos-electricos-en-mexico-casi-se-triplicara-este-ano\/#primaryimage"},"image":{"@id":"https:\/\/puertointerior.guanajuato.gob.mx\/blog\/2023\/04\/10\/ensamble-de-autos-electricos-en-mexico-casi-se-triplicara-este-ano\/#primaryimage"},"thumbnailUrl":"https:\/\/puertointerior.guanajuato.gob.mx\/blog\/wp-content\/uploads\/2023\/04\/gm_ramos_arizpe.jpg_554688468.jpg","datePublished":"2023-04-10T22:18:54+00:00","author":{"@id":"https:\/\/puertointerior.guanajuato.gob.mx\/blog\/#\/schema\/person\/f4851bb8a48c32d7fba5285caf4ef1c4"},"breadcrumb":{"@id":"https:\/\/puertointerior.guanajuato.gob.mx\/blog\/2023\/04\/10\/ensamble-de-autos-electricos-en-mexico-casi-se-triplicara-este-ano\/#breadcrumb"},"inLanguage":"es","potentialAction":[{"@type":"ReadAction","target":["https:\/\/puertointerior.guanajuato.gob.mx\/blog\/2023\/04\/10\/ensamble-de-autos-electricos-en-mexico-casi-se-triplicara-este-ano\/"]}]},{"@type":"ImageObject","inLanguage":"es","@id":"https:\/\/puertointerior.guanajuato.gob.mx\/blog\/2023\/04\/10\/ensamble-de-autos-electricos-en-mexico-casi-se-triplicara-este-ano\/#primaryimage","url":"https:\/\/puertointerior.guanajuato.gob.mx\/blog\/wp-content\/uploads\/2023\/04\/gm_ramos_arizpe.jpg_554688468.jpg","contentUrl":"https:\/\/puertointerior.guanajuato.gob.mx\/blog\/wp-content\/uploads\/2023\/04\/gm_ramos_arizpe.jpg_554688468.jpg","width":1012,"height":569},{"@type":"BreadcrumbList","@id":"https:\/\/puertointerior.guanajuato.gob.mx\/blog\/2023\/04\/10\/ensamble-de-autos-electricos-en-mexico-casi-se-triplicara-este-ano\/#breadcrumb","itemListElement":[{"@type":"ListItem","position":1,"name":"Inicio","item":"https:\/\/puertointerior.guanajuato.gob.mx\/blog\/"},{"@type":"ListItem","position":2,"name":"Ensamble de autos el\u00e9ctricos en M\u00e9xico casi se triplicar\u00e1 este a\u00f1o"}]},{"@type":"WebSite","@id":"https:\/\/puertointerior.guanajuato.gob.mx\/blog\/#website","url":"https:\/\/puertointerior.guanajuato.gob.mx\/blog\/","name":"Blog | GPI NEWS","description":"Guanajuato Puerto Interior","potentialAction":[{"@type":"SearchAction","target":{"@type":"EntryPoint","urlTemplate":"https:\/\/puertointerior.guanajuato.gob.mx\/blog\/?s={search_term_string}"},"query-input":{"@type":"PropertyValueSpecification","valueRequired":true,"valueName":"search_term_string"}}],"inLanguage":"es"},{"@type":"Person","@id":"https:\/\/puertointerior.guanajuato.gob.mx\/blog\/#\/schema\/person\/f4851bb8a48c32d7fba5285caf4ef1c4","name":"GPI NEWS","image":{"@type":"ImageObject","inLanguage":"es","@id":"https:\/\/puertointerior.guanajuato.gob.mx\/blog\/#\/schema\/person\/image\/","url":"https:\/\/secure.gravatar.com\/avatar\/612aca53a708cefc5ebe15ab0bc63c51a8ba58563e45c17848fa400e627e2717?s=96&d=mm&r=g","contentUrl":"https:\/\/secure.gravatar.com\/avatar\/612aca53a708cefc5ebe15ab0bc63c51a8ba58563e45c17848fa400e627e2717?s=96&d=mm&r=g","caption":"GPI NEWS"},"url":"https:\/\/puertointerior.guanajuato.gob.mx\/blog\/author\/rafa-jacinto\/"}]}},"jetpack_featured_media_url":"https:\/\/puertointerior.guanajuato.gob.mx\/blog\/wp-content\/uploads\/2023\/04\/gm_ramos_arizpe.jpg_554688468.jpg","jetpack_sharing_enabled":true,"jetpack_shortlink":"https:\/\/wp.me\/pcnMPA-R6","_links":{"self":[{"href":"https:\/\/puertointerior.guanajuato.gob.mx\/blog\/wp-json\/wp\/v2\/posts\/3292","targetHints":{"allow":["GET"]}}],"collection":[{"href":"https:\/\/puertointerior.guanajuato.gob.mx\/blog\/wp-json\/wp\/v2\/posts"}],"about":[{"href":"https:\/\/puertointerior.guanajuato.gob.mx\/blog\/wp-json\/wp\/v2\/types\/post"}],"author":[{"embeddable":true,"href":"https:\/\/puertointerior.guanajuato.gob.mx\/blog\/wp-json\/wp\/v2\/users\/2"}],"replies":[{"embeddable":true,"href":"https:\/\/puertointerior.guanajuato.gob.mx\/blog\/wp-json\/wp\/v2\/comments?post=3292"}],"version-history":[{"count":1,"href":"https:\/\/puertointerior.guanajuato.gob.mx\/blog\/wp-json\/wp\/v2\/posts\/3292\/revisions"}],"predecessor-version":[{"id":3294,"href":"https:\/\/puertointerior.guanajuato.gob.mx\/blog\/wp-json\/wp\/v2\/posts\/3292\/revisions\/3294"}],"wp:featuredmedia":[{"embeddable":true,"href":"https:\/\/puertointerior.guanajuato.gob.mx\/blog\/wp-json\/wp\/v2\/media\/3293"}],"wp:attachment":[{"href":"https:\/\/puertointerior.guanajuato.gob.mx\/blog\/wp-json\/wp\/v2\/media?parent=3292"}],"wp:term":[{"taxonomy":"category","embeddable":true,"href":"https:\/\/puertointerior.guanajuato.gob.mx\/blog\/wp-json\/wp\/v2\/categories?post=3292"},{"taxonomy":"post_tag","embeddable":true,"href":"https:\/\/puertointerior.guanajuato.gob.mx\/blog\/wp-json\/wp\/v2\/tags?post=3292"}],"curies":[{"name":"wp","href":"https:\/\/api.w.org\/{rel}","templated":true}]}}