{"id":3465,"date":"2023-04-23T22:14:00","date_gmt":"2023-04-24T03:14:00","guid":{"rendered":"https:\/\/puertointerior.guanajuato.gob.mx\/blog\/?p=3465"},"modified":"2023-04-23T22:14:00","modified_gmt":"2023-04-24T03:14:00","slug":"invertira-deacero-200-mdp-en-ampliacion-del-complejo-celaya","status":"publish","type":"post","link":"https:\/\/puertointerior.guanajuato.gob.mx\/blog\/2023\/04\/23\/invertira-deacero-200-mdp-en-ampliacion-del-complejo-celaya\/","title":{"rendered":"Invertir\u00e1 DeAcero 200 mdp en ampliaci\u00f3n del complejo Celaya"},"content":{"rendered":"<h3 class=\"subtitle\">DeAcero cuenta con una base trabajadora de mil 700 colaboradores en la planta, incluyendo Laminaci\u00f3n Celaya, 80% es poblaci\u00f3n masculina y 20% poblaci\u00f3n femenina.<\/h3>\n<div class=\"content-body clearfix \">\n<div id=\"content-body-225-9957413\">\n<p>CELAYA, Gto.- (OEM-Informex).- Adem\u00e1s de un incremento de producci\u00f3n de un 15 y hasta en un 17% con la fusi\u00f3n de\u00a0<b>Canadian Pacific<\/b>\u00a0Kansas City (CPKC), DeAcero tiene proyectos de\u00a0<b>ampliaci\u00f3n dentro<\/b>\u00a0del complejo Celaya, en donde hay plantas para instalar nueva maquinaria; y de forma interna tambi\u00e9n se cuenta con\u00a0<b>proyectos de ampliaci\u00f3n<\/b>\u00a0de las v\u00edas f\u00e9rreas para captar la chatarra y trasladar el producto terminado, lo que representa una<b>\u00a0inversi\u00f3n superior a los 200<\/b>\u00a0millones de pesos.<\/p>\n<p>As\u00ed lo inform\u00f3 Augusto C\u00e9sar Revuelta Velasco, gerente general de\u00a0<b>Relaciones Humanas<\/b>\u00a0de la empresa DeAcero, quien detall\u00f3 que mensualmente tienen una producci\u00f3n de entre\u00a0<b>200 a 220 mil toneladas<\/b>\u00a0en la planta de Celaya.<\/p>\n<\/div>\n<\/div>\n<div class=\"advertisment \">\n<div id=\"dfp-nota-1x1s\" data-google-query-id=\"CNbap4rEwf4CFcXvKAUdwV8B6g\">\n<div id=\"google_ads_iframe_\/2000002\/elsoldelbajio\/mexico_nota_1x1_0__container__\">Revuelta Velasco explic\u00f3 que la <b>ampliaci\u00f3n de infraestructura\u00a0<\/b>y maquinaria se estar\u00e1 dando entre el 2023 y 2024.<\/div>\n<\/div>\n<\/div>\n<article class=\"content-continued-body clearfix \">\n<div id=\"content-body-5851641-9957413\">\n<p>Detall\u00f3 que DeAcero cuenta con una base\u00a0<b>trabajadora de mil 700<\/b>\u00a0colaboradores en la planta, incluyendo Laminaci\u00f3n Celaya, 80% es poblaci\u00f3n masculina y 20% poblaci\u00f3n femenina, y con el proyecto de\u00a0<b>ampliaci\u00f3n de la empresa<\/b>\u00a0tambi\u00e9n se incrementar\u00eda el personal hasta en un 20%.<\/p>\n<\/div>\n<\/article>\n<div class=\"lead-gallery \">\n<div class=\"teaser  owl-carousel owl-theme\">\n<div class=\"owl-wrapper-outer\">\n<div class=\"owl-wrapper\">\n<div class=\"owl-item\">\n<div class=\"img-container picture\">\n<div id=\"standard_1\" class=\"st-placement standard_1 inImage\">\n<p>Reconoci\u00f3 que la organizaci\u00f3n siempre se ha preocupado por generar un compromiso hacia su personal, y si bien es cierto que es un trabajo importante y diferenciado con otras empresas,\u00a0<b>DeAcero\u00a0<\/b>es de las empresas mejor pagadas dentro de la regi\u00f3n.<\/p>\n<p>Refiri\u00f3 que las utilidades tambi\u00e9n son de las mejores, pero representan el esfuerzo del trabajo de la gente que comercializa con una estrategia global de compra,\u00a0<b>venta y de producci\u00f3n<\/b>, por lo que la cadena de valor con la que est\u00e1 formada DeAcero ha permitido ser punta de lanza para muchas organizaciones.<\/p>\n<p>Explic\u00f3 que el\u00a0<b>complejo DeAcero<\/b>\u00a0est\u00e1 conformado por laminaci\u00f3n Celaya, en donde se hace la varilla y el alambr\u00f3n; est\u00e1 una planta que fabrica productos especiales para empresas japonesas y\u00a0<b>empresas automotrices<\/b>; adem\u00e1s de contar con la planta industriales en donde se hace malla, clavo y una variedad de productos de alambr\u00f3n con lo que se produce; as\u00ed como el\u00a0<b>Macrohub\u00a0<\/b>que fue inaugurado el a\u00f1o pasado, y es una bodega en donde se tiene toda la cantidad de productos que\u00a0<b>fabrica DeAcero\u00a0<\/b>a lo largo de la Rep\u00fablica Mexicana, y de ah\u00ed se distribuye a los clientes finales.<\/p>\n<p><b>FUSI\u00d3N CPKC<\/b><\/p>\n<blockquote><p>\u201cCon esta\u00a0<b>alianza de CPKC<\/b>\u00a0vamos a tener m\u00e1s lugares a d\u00f3nde llegar; va a ser mucho m\u00e1s f\u00e1cil poder tocar las puertas en el resto de las empresas,\u00a0<b>en los clientes<\/b>, y seguramente vamos a poder llegar a sus puertas, lo que antes costaba trabajo, porque todav\u00eda llegamos a un puerto, a una bodega y de ah\u00ed se traslada la producci\u00f3n hasta el cliente final\u201d, se\u00f1al\u00f3.<\/p><\/blockquote>\n<p>El gerente de Relaciones Humanas de la empresa\u00a0<b>DeAcero\u00a0<\/b>explic\u00f3 adem\u00e1s, que producen alambr\u00f3n y varilla, y algo de perfiles, y un gran porcentaje,\u00a0<b>el 80 %, se embarca\u00a0<\/b>por medio de ferrocarril.<\/p>\n<blockquote><p>\u201cActualmente se va en el\u00a0<b>ferrocarril,<\/b>\u00a0llega a puerto, y de ah\u00ed lo embarcan. Es importante la\u00a0<b>fusi\u00f3n CPKC<\/b>; y la Puerta del Baj\u00edo nos va a permitir incrementar m\u00e1s la posibilidad de\u00a0<b>llegar a m\u00e1s destinos<\/b>, casi a la puerta del cliente\u201d, expuso Revuelta Velasco.<\/p><\/blockquote>\n<p>Coment\u00f3 adem\u00e1s que el Ferrof\u00e9rico va a permitir desahogar el tema del\u00a0<b>tren en la ciudad,<\/b>\u00a0y, como habitante, consider\u00f3 que es una de las primeras ventajas.<\/p>\n<blockquote><p>\u201cNosotros (DeAcero) cargamos el 80% del producto terminado que sale por ferrocarril, y por ello es maravilloso que\u00a0<b>exista la fusi\u00f3n de CPKC\u00a0<\/b>que permitir\u00e1 llevar la producci\u00f3n a m\u00e1s destinos\u201d, resalt\u00f3.<\/p><\/blockquote>\n<p>Para concluir, reiter\u00f3 que el mandar la\u00a0<b>producci\u00f3n por ferrocarril,<\/b>\u00a0por transporte terrestre, les permite ahorrar en costos; as\u00ed como el tema de llegar a tiempo, son varias de las condiciones que les podr\u00e1 ayudar y verse favorecidos con la\u00a0<b>alianza de CPKC.<\/b><\/p>\n<p>Cabe se\u00f1alar que\u00a0<b>Canadian Pacific Kansas City<\/b>\u00a0(CPKC) qued\u00f3 conformada el d\u00eda 14 del presente mes, tras la fusi\u00f3n oficial de las ferroviarias Canadian Pacific (CP) y\u00a0<b>Kansas City Southern\u00a0<\/b>(KCS).<\/p>\n<p>Publicado originalmente por:\u00a0<a href=\"https:\/\/www.elsoldelbajio.com.mx\/local\/invertira-deacero-200-mdp-en-ampliacion-del-complejo-celaya-9957413.html\">https:\/\/www.elsoldelbajio.com.mx\/local\/invertira-deacero-200-mdp-en-ampliacion-del-complejo-celaya-9957413.html<\/a><\/p>\n<\/div>\n<\/div>\n<\/div>\n<\/div>\n<\/div>\n<\/div>\n<\/div>\n","protected":false},"excerpt":{"rendered":"<p>DeAcero cuenta con una base trabajadora de mil 700 colaboradores en la planta, incluyendo Laminaci\u00f3n Celaya, 80% es poblaci\u00f3n masculina y 20% poblaci\u00f3n femenina. CELAYA, Gto.- (OEM-Informex).- Adem\u00e1s de un incremento de producci\u00f3n de un 15 y hasta en un 17% con la fusi\u00f3n de\u00a0Canadian Pacific\u00a0Kansas City (CPKC), DeAcero tiene proyectos de\u00a0ampliaci\u00f3n dentro\u00a0del complejo Celaya, [&hellip;]<\/p>\n","protected":false},"author":2,"featured_media":3466,"comment_status":"closed","ping_status":"open","sticky":false,"template":"","format":"standard","meta":{"jetpack_post_was_ever_published":false,"_jetpack_newsletter_access":"","_jetpack_dont_email_post_to_subs":false,"_jetpack_newsletter_tier_id":0,"_jetpack_memberships_contains_paywalled_content":false,"_jetpack_memberships_contains_paid_content":false,"footnotes":""},"categories":[20],"tags":[],"class_list":["post-3465","post","type-post","status-publish","format-standard","has-post-thumbnail","hentry","category-economic-development"],"yoast_head":"<!-- This site is optimized with the Yoast SEO plugin v25.7 - https:\/\/yoast.com\/wordpress\/plugins\/seo\/ -->\n<title>Invertir\u00e1 DeAcero 200 mdp en ampliaci\u00f3n del complejo Celaya - Blog | GPI NEWS<\/title>\n<meta name=\"robots\" content=\"index, follow, max-snippet:-1, max-image-preview:large, max-video-preview:-1\" \/>\n<link rel=\"canonical\" href=\"https:\/\/puertointerior.guanajuato.gob.mx\/blog\/2023\/04\/23\/invertira-deacero-200-mdp-en-ampliacion-del-complejo-celaya\/\" \/>\n<meta property=\"og:locale\" content=\"es_MX\" \/>\n<meta property=\"og:type\" content=\"article\" \/>\n<meta property=\"og:title\" content=\"Invertir\u00e1 DeAcero 200 mdp en ampliaci\u00f3n del complejo Celaya - Blog | GPI NEWS\" \/>\n<meta property=\"og:description\" content=\"DeAcero cuenta con una base trabajadora de mil 700 colaboradores en la planta, incluyendo Laminaci\u00f3n Celaya, 80% es poblaci\u00f3n masculina y 20% poblaci\u00f3n femenina. CELAYA, Gto.- (OEM-Informex).- Adem\u00e1s de un incremento de producci\u00f3n de un 15 y hasta en un 17% con la fusi\u00f3n de\u00a0Canadian Pacific\u00a0Kansas City (CPKC), DeAcero tiene proyectos de\u00a0ampliaci\u00f3n dentro\u00a0del complejo Celaya, [&hellip;]\" \/>\n<meta property=\"og:url\" content=\"https:\/\/puertointerior.guanajuato.gob.mx\/blog\/2023\/04\/23\/invertira-deacero-200-mdp-en-ampliacion-del-complejo-celaya\/\" \/>\n<meta property=\"og:site_name\" content=\"Blog | GPI NEWS\" \/>\n<meta property=\"article:published_time\" content=\"2023-04-24T03:14:00+00:00\" \/>\n<meta property=\"og:image\" content=\"https:\/\/puertointerior.guanajuato.gob.mx\/blog\/wp-content\/uploads\/2023\/04\/augusto-revuelta1.jpg\" \/>\n\t<meta property=\"og:image:width\" content=\"768\" \/>\n\t<meta property=\"og:image:height\" content=\"479\" \/>\n\t<meta property=\"og:image:type\" content=\"image\/jpeg\" \/>\n<meta name=\"author\" content=\"GPI NEWS\" \/>\n<meta name=\"twitter:card\" content=\"summary_large_image\" \/>\n<meta name=\"twitter:label1\" content=\"Escrito por\" \/>\n\t<meta name=\"twitter:data1\" content=\"GPI NEWS\" \/>\n\t<meta name=\"twitter:label2\" content=\"Tiempo de lectura\" \/>\n\t<meta name=\"twitter:data2\" content=\"4 minutos\" \/>\n<script type=\"application\/ld+json\" class=\"yoast-schema-graph\">{\"@context\":\"https:\/\/schema.org\",\"@graph\":[{\"@type\":\"WebPage\",\"@id\":\"https:\/\/puertointerior.guanajuato.gob.mx\/blog\/2023\/04\/23\/invertira-deacero-200-mdp-en-ampliacion-del-complejo-celaya\/\",\"url\":\"https:\/\/puertointerior.guanajuato.gob.mx\/blog\/2023\/04\/23\/invertira-deacero-200-mdp-en-ampliacion-del-complejo-celaya\/\",\"name\":\"Invertir\u00e1 DeAcero 200 mdp en ampliaci\u00f3n del complejo Celaya - Blog | GPI NEWS\",\"isPartOf\":{\"@id\":\"https:\/\/puertointerior.guanajuato.gob.mx\/blog\/#website\"},\"primaryImageOfPage\":{\"@id\":\"https:\/\/puertointerior.guanajuato.gob.mx\/blog\/2023\/04\/23\/invertira-deacero-200-mdp-en-ampliacion-del-complejo-celaya\/#primaryimage\"},\"image\":{\"@id\":\"https:\/\/puertointerior.guanajuato.gob.mx\/blog\/2023\/04\/23\/invertira-deacero-200-mdp-en-ampliacion-del-complejo-celaya\/#primaryimage\"},\"thumbnailUrl\":\"https:\/\/puertointerior.guanajuato.gob.mx\/blog\/wp-content\/uploads\/2023\/04\/augusto-revuelta1.jpg\",\"datePublished\":\"2023-04-24T03:14:00+00:00\",\"author\":{\"@id\":\"https:\/\/puertointerior.guanajuato.gob.mx\/blog\/#\/schema\/person\/f4851bb8a48c32d7fba5285caf4ef1c4\"},\"breadcrumb\":{\"@id\":\"https:\/\/puertointerior.guanajuato.gob.mx\/blog\/2023\/04\/23\/invertira-deacero-200-mdp-en-ampliacion-del-complejo-celaya\/#breadcrumb\"},\"inLanguage\":\"es\",\"potentialAction\":[{\"@type\":\"ReadAction\",\"target\":[\"https:\/\/puertointerior.guanajuato.gob.mx\/blog\/2023\/04\/23\/invertira-deacero-200-mdp-en-ampliacion-del-complejo-celaya\/\"]}]},{\"@type\":\"ImageObject\",\"inLanguage\":\"es\",\"@id\":\"https:\/\/puertointerior.guanajuato.gob.mx\/blog\/2023\/04\/23\/invertira-deacero-200-mdp-en-ampliacion-del-complejo-celaya\/#primaryimage\",\"url\":\"https:\/\/puertointerior.guanajuato.gob.mx\/blog\/wp-content\/uploads\/2023\/04\/augusto-revuelta1.jpg\",\"contentUrl\":\"https:\/\/puertointerior.guanajuato.gob.mx\/blog\/wp-content\/uploads\/2023\/04\/augusto-revuelta1.jpg\",\"width\":768,\"height\":479},{\"@type\":\"BreadcrumbList\",\"@id\":\"https:\/\/puertointerior.guanajuato.gob.mx\/blog\/2023\/04\/23\/invertira-deacero-200-mdp-en-ampliacion-del-complejo-celaya\/#breadcrumb\",\"itemListElement\":[{\"@type\":\"ListItem\",\"position\":1,\"name\":\"Inicio\",\"item\":\"https:\/\/puertointerior.guanajuato.gob.mx\/blog\/\"},{\"@type\":\"ListItem\",\"position\":2,\"name\":\"Invertir\u00e1 DeAcero 200 mdp en ampliaci\u00f3n del complejo Celaya\"}]},{\"@type\":\"WebSite\",\"@id\":\"https:\/\/puertointerior.guanajuato.gob.mx\/blog\/#website\",\"url\":\"https:\/\/puertointerior.guanajuato.gob.mx\/blog\/\",\"name\":\"Blog | GPI NEWS\",\"description\":\"Guanajuato Puerto Interior\",\"potentialAction\":[{\"@type\":\"SearchAction\",\"target\":{\"@type\":\"EntryPoint\",\"urlTemplate\":\"https:\/\/puertointerior.guanajuato.gob.mx\/blog\/?s={search_term_string}\"},\"query-input\":{\"@type\":\"PropertyValueSpecification\",\"valueRequired\":true,\"valueName\":\"search_term_string\"}}],\"inLanguage\":\"es\"},{\"@type\":\"Person\",\"@id\":\"https:\/\/puertointerior.guanajuato.gob.mx\/blog\/#\/schema\/person\/f4851bb8a48c32d7fba5285caf4ef1c4\",\"name\":\"GPI NEWS\",\"image\":{\"@type\":\"ImageObject\",\"inLanguage\":\"es\",\"@id\":\"https:\/\/puertointerior.guanajuato.gob.mx\/blog\/#\/schema\/person\/image\/\",\"url\":\"https:\/\/secure.gravatar.com\/avatar\/612aca53a708cefc5ebe15ab0bc63c51a8ba58563e45c17848fa400e627e2717?s=96&d=mm&r=g\",\"contentUrl\":\"https:\/\/secure.gravatar.com\/avatar\/612aca53a708cefc5ebe15ab0bc63c51a8ba58563e45c17848fa400e627e2717?s=96&d=mm&r=g\",\"caption\":\"GPI NEWS\"},\"url\":\"https:\/\/puertointerior.guanajuato.gob.mx\/blog\/author\/rafa-jacinto\/\"}]}<\/script>\n<!-- \/ Yoast SEO plugin. -->","yoast_head_json":{"title":"Invertir\u00e1 DeAcero 200 mdp en ampliaci\u00f3n del complejo Celaya - Blog | GPI NEWS","robots":{"index":"index","follow":"follow","max-snippet":"max-snippet:-1","max-image-preview":"max-image-preview:large","max-video-preview":"max-video-preview:-1"},"canonical":"https:\/\/puertointerior.guanajuato.gob.mx\/blog\/2023\/04\/23\/invertira-deacero-200-mdp-en-ampliacion-del-complejo-celaya\/","og_locale":"es_MX","og_type":"article","og_title":"Invertir\u00e1 DeAcero 200 mdp en ampliaci\u00f3n del complejo Celaya - Blog | GPI NEWS","og_description":"DeAcero cuenta con una base trabajadora de mil 700 colaboradores en la planta, incluyendo Laminaci\u00f3n Celaya, 80% es poblaci\u00f3n masculina y 20% poblaci\u00f3n femenina. CELAYA, Gto.- (OEM-Informex).- Adem\u00e1s de un incremento de producci\u00f3n de un 15 y hasta en un 17% con la fusi\u00f3n de\u00a0Canadian Pacific\u00a0Kansas City (CPKC), DeAcero tiene proyectos de\u00a0ampliaci\u00f3n dentro\u00a0del complejo Celaya, [&hellip;]","og_url":"https:\/\/puertointerior.guanajuato.gob.mx\/blog\/2023\/04\/23\/invertira-deacero-200-mdp-en-ampliacion-del-complejo-celaya\/","og_site_name":"Blog | GPI NEWS","article_published_time":"2023-04-24T03:14:00+00:00","og_image":[{"width":768,"height":479,"url":"https:\/\/puertointerior.guanajuato.gob.mx\/blog\/wp-content\/uploads\/2023\/04\/augusto-revuelta1.jpg","type":"image\/jpeg"}],"author":"GPI NEWS","twitter_card":"summary_large_image","twitter_misc":{"Escrito por":"GPI NEWS","Tiempo de lectura":"4 minutos"},"schema":{"@context":"https:\/\/schema.org","@graph":[{"@type":"WebPage","@id":"https:\/\/puertointerior.guanajuato.gob.mx\/blog\/2023\/04\/23\/invertira-deacero-200-mdp-en-ampliacion-del-complejo-celaya\/","url":"https:\/\/puertointerior.guanajuato.gob.mx\/blog\/2023\/04\/23\/invertira-deacero-200-mdp-en-ampliacion-del-complejo-celaya\/","name":"Invertir\u00e1 DeAcero 200 mdp en ampliaci\u00f3n del complejo Celaya - Blog | GPI NEWS","isPartOf":{"@id":"https:\/\/puertointerior.guanajuato.gob.mx\/blog\/#website"},"primaryImageOfPage":{"@id":"https:\/\/puertointerior.guanajuato.gob.mx\/blog\/2023\/04\/23\/invertira-deacero-200-mdp-en-ampliacion-del-complejo-celaya\/#primaryimage"},"image":{"@id":"https:\/\/puertointerior.guanajuato.gob.mx\/blog\/2023\/04\/23\/invertira-deacero-200-mdp-en-ampliacion-del-complejo-celaya\/#primaryimage"},"thumbnailUrl":"https:\/\/puertointerior.guanajuato.gob.mx\/blog\/wp-content\/uploads\/2023\/04\/augusto-revuelta1.jpg","datePublished":"2023-04-24T03:14:00+00:00","author":{"@id":"https:\/\/puertointerior.guanajuato.gob.mx\/blog\/#\/schema\/person\/f4851bb8a48c32d7fba5285caf4ef1c4"},"breadcrumb":{"@id":"https:\/\/puertointerior.guanajuato.gob.mx\/blog\/2023\/04\/23\/invertira-deacero-200-mdp-en-ampliacion-del-complejo-celaya\/#breadcrumb"},"inLanguage":"es","potentialAction":[{"@type":"ReadAction","target":["https:\/\/puertointerior.guanajuato.gob.mx\/blog\/2023\/04\/23\/invertira-deacero-200-mdp-en-ampliacion-del-complejo-celaya\/"]}]},{"@type":"ImageObject","inLanguage":"es","@id":"https:\/\/puertointerior.guanajuato.gob.mx\/blog\/2023\/04\/23\/invertira-deacero-200-mdp-en-ampliacion-del-complejo-celaya\/#primaryimage","url":"https:\/\/puertointerior.guanajuato.gob.mx\/blog\/wp-content\/uploads\/2023\/04\/augusto-revuelta1.jpg","contentUrl":"https:\/\/puertointerior.guanajuato.gob.mx\/blog\/wp-content\/uploads\/2023\/04\/augusto-revuelta1.jpg","width":768,"height":479},{"@type":"BreadcrumbList","@id":"https:\/\/puertointerior.guanajuato.gob.mx\/blog\/2023\/04\/23\/invertira-deacero-200-mdp-en-ampliacion-del-complejo-celaya\/#breadcrumb","itemListElement":[{"@type":"ListItem","position":1,"name":"Inicio","item":"https:\/\/puertointerior.guanajuato.gob.mx\/blog\/"},{"@type":"ListItem","position":2,"name":"Invertir\u00e1 DeAcero 200 mdp en ampliaci\u00f3n del complejo Celaya"}]},{"@type":"WebSite","@id":"https:\/\/puertointerior.guanajuato.gob.mx\/blog\/#website","url":"https:\/\/puertointerior.guanajuato.gob.mx\/blog\/","name":"Blog | GPI NEWS","description":"Guanajuato Puerto Interior","potentialAction":[{"@type":"SearchAction","target":{"@type":"EntryPoint","urlTemplate":"https:\/\/puertointerior.guanajuato.gob.mx\/blog\/?s={search_term_string}"},"query-input":{"@type":"PropertyValueSpecification","valueRequired":true,"valueName":"search_term_string"}}],"inLanguage":"es"},{"@type":"Person","@id":"https:\/\/puertointerior.guanajuato.gob.mx\/blog\/#\/schema\/person\/f4851bb8a48c32d7fba5285caf4ef1c4","name":"GPI NEWS","image":{"@type":"ImageObject","inLanguage":"es","@id":"https:\/\/puertointerior.guanajuato.gob.mx\/blog\/#\/schema\/person\/image\/","url":"https:\/\/secure.gravatar.com\/avatar\/612aca53a708cefc5ebe15ab0bc63c51a8ba58563e45c17848fa400e627e2717?s=96&d=mm&r=g","contentUrl":"https:\/\/secure.gravatar.com\/avatar\/612aca53a708cefc5ebe15ab0bc63c51a8ba58563e45c17848fa400e627e2717?s=96&d=mm&r=g","caption":"GPI NEWS"},"url":"https:\/\/puertointerior.guanajuato.gob.mx\/blog\/author\/rafa-jacinto\/"}]}},"jetpack_featured_media_url":"https:\/\/puertointerior.guanajuato.gob.mx\/blog\/wp-content\/uploads\/2023\/04\/augusto-revuelta1.jpg","jetpack_sharing_enabled":true,"jetpack_shortlink":"https:\/\/wp.me\/pcnMPA-TT","_links":{"self":[{"href":"https:\/\/puertointerior.guanajuato.gob.mx\/blog\/wp-json\/wp\/v2\/posts\/3465","targetHints":{"allow":["GET"]}}],"collection":[{"href":"https:\/\/puertointerior.guanajuato.gob.mx\/blog\/wp-json\/wp\/v2\/posts"}],"about":[{"href":"https:\/\/puertointerior.guanajuato.gob.mx\/blog\/wp-json\/wp\/v2\/types\/post"}],"author":[{"embeddable":true,"href":"https:\/\/puertointerior.guanajuato.gob.mx\/blog\/wp-json\/wp\/v2\/users\/2"}],"replies":[{"embeddable":true,"href":"https:\/\/puertointerior.guanajuato.gob.mx\/blog\/wp-json\/wp\/v2\/comments?post=3465"}],"version-history":[{"count":1,"href":"https:\/\/puertointerior.guanajuato.gob.mx\/blog\/wp-json\/wp\/v2\/posts\/3465\/revisions"}],"predecessor-version":[{"id":3467,"href":"https:\/\/puertointerior.guanajuato.gob.mx\/blog\/wp-json\/wp\/v2\/posts\/3465\/revisions\/3467"}],"wp:featuredmedia":[{"embeddable":true,"href":"https:\/\/puertointerior.guanajuato.gob.mx\/blog\/wp-json\/wp\/v2\/media\/3466"}],"wp:attachment":[{"href":"https:\/\/puertointerior.guanajuato.gob.mx\/blog\/wp-json\/wp\/v2\/media?parent=3465"}],"wp:term":[{"taxonomy":"category","embeddable":true,"href":"https:\/\/puertointerior.guanajuato.gob.mx\/blog\/wp-json\/wp\/v2\/categories?post=3465"},{"taxonomy":"post_tag","embeddable":true,"href":"https:\/\/puertointerior.guanajuato.gob.mx\/blog\/wp-json\/wp\/v2\/tags?post=3465"}],"curies":[{"name":"wp","href":"https:\/\/api.w.org\/{rel}","templated":true}]}}