{"id":3498,"date":"2023-04-24T00:29:10","date_gmt":"2023-04-24T05:29:10","guid":{"rendered":"https:\/\/puertointerior.guanajuato.gob.mx\/blog\/?p=3498"},"modified":"2023-04-24T00:29:10","modified_gmt":"2023-04-24T05:29:10","slug":"guanajuato-proyecta-cifras-record-el-foro-de-proveeduria-automotriz-2023","status":"publish","type":"post","link":"https:\/\/puertointerior.guanajuato.gob.mx\/blog\/2023\/04\/24\/guanajuato-proyecta-cifras-record-el-foro-de-proveeduria-automotriz-2023\/","title":{"rendered":"Guanajuato: Proyecta cifras r\u00e9cord el Foro de Proveedur\u00eda Automotriz 2023"},"content":{"rendered":"<p>La d\u00e9cima edici\u00f3n del Foro de Proveedur\u00eda Atomotriz se realizar\u00e1 el 20 y 21 de septiembre con m\u00e1s de siete mil asistentes.<\/p>\n<p>Se llev\u00f3 a cabo en Le\u00f3n el encuentro automotriz \u201cBussines Networking ClauGto\u201d, donde se present\u00f3 la d\u00e9cima edici\u00f3n del\u00a0<strong>Foro de Proveedur\u00eda Automotriz\u00a0<\/strong>que se realizar\u00e1 los pr\u00f3ximos<strong>\u00a020 y 21 de septiembre<\/strong>\u00a0en las instalaciones de Poliforum Le\u00f3n.<\/p>\n<p>Para la d\u00e9cima edici\u00f3n de este foro de proveedur\u00eda\u00a0<strong>se espera recibir a m\u00e1s de siete mil asistentes\u00a0<\/strong>\u00a0y hasta 300 empresas proveedoras, adem\u00e1s, habr\u00e1 proyectos innovadores de la industria 4.0 relacionados con la industria automotriz y encuentros para generar oportunidades de negocios que alcancen hasta los 800 millones de pesos.<\/p>\n<blockquote class=\"wp-block-quote\"><p>\u201c<em>Tendremos nueve mil metros de exposici\u00f3n orientado tanto a empresas tractoras como PyMEs, un espacio de B2B en la expo, con 300 compradores de OEM, Tier 1 y Tier 2 participando, una zona de industria 4.0, zona de conferencias y networking<\/em>\u201d, dijo el presidente del Claugto, Rolando Alan\u00edz.<\/p><\/blockquote>\n<p>Publicado originalmente por:\u00a0<a href=\"https:\/\/www.liderempresarial.com\/guanajuato-proyecta-cifras-record-el-foro-de-proveeduria-automotriz-2023\/\">https:\/\/www.liderempresarial.com\/guanajuato-proyecta-cifras-record-el-foro-de-proveeduria-automotriz-2023\/<\/a><\/p>\n<p>&nbsp;<\/p>\n","protected":false},"excerpt":{"rendered":"<p>La d\u00e9cima edici\u00f3n del Foro de Proveedur\u00eda Atomotriz se realizar\u00e1 el 20 y 21 de septiembre con m\u00e1s de siete mil asistentes. Se llev\u00f3 a cabo en Le\u00f3n el encuentro automotriz \u201cBussines Networking ClauGto\u201d, donde se present\u00f3 la d\u00e9cima edici\u00f3n del\u00a0Foro de Proveedur\u00eda Automotriz\u00a0que se realizar\u00e1 los pr\u00f3ximos\u00a020 y 21 de septiembre\u00a0en las instalaciones de [&hellip;]<\/p>\n","protected":false},"author":2,"featured_media":3499,"comment_status":"closed","ping_status":"open","sticky":false,"template":"","format":"standard","meta":{"jetpack_post_was_ever_published":false,"_jetpack_newsletter_access":"","_jetpack_dont_email_post_to_subs":false,"_jetpack_newsletter_tier_id":0,"_jetpack_memberships_contains_paywalled_content":false,"_jetpack_memberships_contains_paid_content":false,"footnotes":""},"categories":[20],"tags":[],"class_list":["post-3498","post","type-post","status-publish","format-standard","has-post-thumbnail","hentry","category-economic-development"],"yoast_head":"<!-- This site is optimized with the Yoast SEO plugin v25.7 - https:\/\/yoast.com\/wordpress\/plugins\/seo\/ -->\n<title>Guanajuato: Proyecta cifras r\u00e9cord el Foro de Proveedur\u00eda Automotriz 2023 - Blog | GPI NEWS<\/title>\n<meta name=\"robots\" content=\"index, follow, max-snippet:-1, max-image-preview:large, max-video-preview:-1\" \/>\n<link rel=\"canonical\" href=\"https:\/\/puertointerior.guanajuato.gob.mx\/blog\/2023\/04\/24\/guanajuato-proyecta-cifras-record-el-foro-de-proveeduria-automotriz-2023\/\" \/>\n<meta property=\"og:locale\" content=\"es_MX\" \/>\n<meta property=\"og:type\" content=\"article\" \/>\n<meta property=\"og:title\" content=\"Guanajuato: Proyecta cifras r\u00e9cord el Foro de Proveedur\u00eda Automotriz 2023 - Blog | GPI NEWS\" \/>\n<meta property=\"og:description\" content=\"La d\u00e9cima edici\u00f3n del Foro de Proveedur\u00eda Atomotriz se realizar\u00e1 el 20 y 21 de septiembre con m\u00e1s de siete mil asistentes. Se llev\u00f3 a cabo en Le\u00f3n el encuentro automotriz \u201cBussines Networking ClauGto\u201d, donde se present\u00f3 la d\u00e9cima edici\u00f3n del\u00a0Foro de Proveedur\u00eda Automotriz\u00a0que se realizar\u00e1 los pr\u00f3ximos\u00a020 y 21 de septiembre\u00a0en las instalaciones de [&hellip;]\" \/>\n<meta property=\"og:url\" content=\"https:\/\/puertointerior.guanajuato.gob.mx\/blog\/2023\/04\/24\/guanajuato-proyecta-cifras-record-el-foro-de-proveeduria-automotriz-2023\/\" \/>\n<meta property=\"og:site_name\" content=\"Blog | GPI NEWS\" \/>\n<meta property=\"article:published_time\" content=\"2023-04-24T05:29:10+00:00\" \/>\n<meta property=\"og:image\" content=\"https:\/\/puertointerior.guanajuato.gob.mx\/blog\/wp-content\/uploads\/2023\/04\/IMG_9722-750x375-1.jpg\" \/>\n\t<meta property=\"og:image:width\" content=\"750\" \/>\n\t<meta property=\"og:image:height\" content=\"375\" \/>\n\t<meta property=\"og:image:type\" content=\"image\/jpeg\" \/>\n<meta name=\"author\" content=\"GPI NEWS\" \/>\n<meta name=\"twitter:card\" content=\"summary_large_image\" \/>\n<meta name=\"twitter:label1\" content=\"Escrito por\" \/>\n\t<meta name=\"twitter:data1\" content=\"GPI NEWS\" \/>\n\t<meta name=\"twitter:label2\" content=\"Tiempo de lectura\" \/>\n\t<meta name=\"twitter:data2\" content=\"1 minuto\" \/>\n<script type=\"application\/ld+json\" class=\"yoast-schema-graph\">{\"@context\":\"https:\/\/schema.org\",\"@graph\":[{\"@type\":\"WebPage\",\"@id\":\"https:\/\/puertointerior.guanajuato.gob.mx\/blog\/2023\/04\/24\/guanajuato-proyecta-cifras-record-el-foro-de-proveeduria-automotriz-2023\/\",\"url\":\"https:\/\/puertointerior.guanajuato.gob.mx\/blog\/2023\/04\/24\/guanajuato-proyecta-cifras-record-el-foro-de-proveeduria-automotriz-2023\/\",\"name\":\"Guanajuato: Proyecta cifras r\u00e9cord el Foro de Proveedur\u00eda Automotriz 2023 - Blog | GPI NEWS\",\"isPartOf\":{\"@id\":\"https:\/\/puertointerior.guanajuato.gob.mx\/blog\/#website\"},\"primaryImageOfPage\":{\"@id\":\"https:\/\/puertointerior.guanajuato.gob.mx\/blog\/2023\/04\/24\/guanajuato-proyecta-cifras-record-el-foro-de-proveeduria-automotriz-2023\/#primaryimage\"},\"image\":{\"@id\":\"https:\/\/puertointerior.guanajuato.gob.mx\/blog\/2023\/04\/24\/guanajuato-proyecta-cifras-record-el-foro-de-proveeduria-automotriz-2023\/#primaryimage\"},\"thumbnailUrl\":\"https:\/\/puertointerior.guanajuato.gob.mx\/blog\/wp-content\/uploads\/2023\/04\/IMG_9722-750x375-1.jpg\",\"datePublished\":\"2023-04-24T05:29:10+00:00\",\"author\":{\"@id\":\"https:\/\/puertointerior.guanajuato.gob.mx\/blog\/#\/schema\/person\/f4851bb8a48c32d7fba5285caf4ef1c4\"},\"breadcrumb\":{\"@id\":\"https:\/\/puertointerior.guanajuato.gob.mx\/blog\/2023\/04\/24\/guanajuato-proyecta-cifras-record-el-foro-de-proveeduria-automotriz-2023\/#breadcrumb\"},\"inLanguage\":\"es\",\"potentialAction\":[{\"@type\":\"ReadAction\",\"target\":[\"https:\/\/puertointerior.guanajuato.gob.mx\/blog\/2023\/04\/24\/guanajuato-proyecta-cifras-record-el-foro-de-proveeduria-automotriz-2023\/\"]}]},{\"@type\":\"ImageObject\",\"inLanguage\":\"es\",\"@id\":\"https:\/\/puertointerior.guanajuato.gob.mx\/blog\/2023\/04\/24\/guanajuato-proyecta-cifras-record-el-foro-de-proveeduria-automotriz-2023\/#primaryimage\",\"url\":\"https:\/\/puertointerior.guanajuato.gob.mx\/blog\/wp-content\/uploads\/2023\/04\/IMG_9722-750x375-1.jpg\",\"contentUrl\":\"https:\/\/puertointerior.guanajuato.gob.mx\/blog\/wp-content\/uploads\/2023\/04\/IMG_9722-750x375-1.jpg\",\"width\":750,\"height\":375},{\"@type\":\"BreadcrumbList\",\"@id\":\"https:\/\/puertointerior.guanajuato.gob.mx\/blog\/2023\/04\/24\/guanajuato-proyecta-cifras-record-el-foro-de-proveeduria-automotriz-2023\/#breadcrumb\",\"itemListElement\":[{\"@type\":\"ListItem\",\"position\":1,\"name\":\"Inicio\",\"item\":\"https:\/\/puertointerior.guanajuato.gob.mx\/blog\/\"},{\"@type\":\"ListItem\",\"position\":2,\"name\":\"Guanajuato: Proyecta cifras r\u00e9cord el Foro de Proveedur\u00eda Automotriz 2023\"}]},{\"@type\":\"WebSite\",\"@id\":\"https:\/\/puertointerior.guanajuato.gob.mx\/blog\/#website\",\"url\":\"https:\/\/puertointerior.guanajuato.gob.mx\/blog\/\",\"name\":\"Blog | GPI NEWS\",\"description\":\"Guanajuato Puerto Interior\",\"potentialAction\":[{\"@type\":\"SearchAction\",\"target\":{\"@type\":\"EntryPoint\",\"urlTemplate\":\"https:\/\/puertointerior.guanajuato.gob.mx\/blog\/?s={search_term_string}\"},\"query-input\":{\"@type\":\"PropertyValueSpecification\",\"valueRequired\":true,\"valueName\":\"search_term_string\"}}],\"inLanguage\":\"es\"},{\"@type\":\"Person\",\"@id\":\"https:\/\/puertointerior.guanajuato.gob.mx\/blog\/#\/schema\/person\/f4851bb8a48c32d7fba5285caf4ef1c4\",\"name\":\"GPI NEWS\",\"image\":{\"@type\":\"ImageObject\",\"inLanguage\":\"es\",\"@id\":\"https:\/\/puertointerior.guanajuato.gob.mx\/blog\/#\/schema\/person\/image\/\",\"url\":\"https:\/\/secure.gravatar.com\/avatar\/612aca53a708cefc5ebe15ab0bc63c51a8ba58563e45c17848fa400e627e2717?s=96&d=mm&r=g\",\"contentUrl\":\"https:\/\/secure.gravatar.com\/avatar\/612aca53a708cefc5ebe15ab0bc63c51a8ba58563e45c17848fa400e627e2717?s=96&d=mm&r=g\",\"caption\":\"GPI NEWS\"},\"url\":\"https:\/\/puertointerior.guanajuato.gob.mx\/blog\/author\/rafa-jacinto\/\"}]}<\/script>\n<!-- \/ Yoast SEO plugin. -->","yoast_head_json":{"title":"Guanajuato: Proyecta cifras r\u00e9cord el Foro de Proveedur\u00eda Automotriz 2023 - Blog | GPI NEWS","robots":{"index":"index","follow":"follow","max-snippet":"max-snippet:-1","max-image-preview":"max-image-preview:large","max-video-preview":"max-video-preview:-1"},"canonical":"https:\/\/puertointerior.guanajuato.gob.mx\/blog\/2023\/04\/24\/guanajuato-proyecta-cifras-record-el-foro-de-proveeduria-automotriz-2023\/","og_locale":"es_MX","og_type":"article","og_title":"Guanajuato: Proyecta cifras r\u00e9cord el Foro de Proveedur\u00eda Automotriz 2023 - Blog | GPI NEWS","og_description":"La d\u00e9cima edici\u00f3n del Foro de Proveedur\u00eda Atomotriz se realizar\u00e1 el 20 y 21 de septiembre con m\u00e1s de siete mil asistentes. Se llev\u00f3 a cabo en Le\u00f3n el encuentro automotriz \u201cBussines Networking ClauGto\u201d, donde se present\u00f3 la d\u00e9cima edici\u00f3n del\u00a0Foro de Proveedur\u00eda Automotriz\u00a0que se realizar\u00e1 los pr\u00f3ximos\u00a020 y 21 de septiembre\u00a0en las instalaciones de [&hellip;]","og_url":"https:\/\/puertointerior.guanajuato.gob.mx\/blog\/2023\/04\/24\/guanajuato-proyecta-cifras-record-el-foro-de-proveeduria-automotriz-2023\/","og_site_name":"Blog | GPI NEWS","article_published_time":"2023-04-24T05:29:10+00:00","og_image":[{"width":750,"height":375,"url":"https:\/\/puertointerior.guanajuato.gob.mx\/blog\/wp-content\/uploads\/2023\/04\/IMG_9722-750x375-1.jpg","type":"image\/jpeg"}],"author":"GPI NEWS","twitter_card":"summary_large_image","twitter_misc":{"Escrito por":"GPI NEWS","Tiempo de lectura":"1 minuto"},"schema":{"@context":"https:\/\/schema.org","@graph":[{"@type":"WebPage","@id":"https:\/\/puertointerior.guanajuato.gob.mx\/blog\/2023\/04\/24\/guanajuato-proyecta-cifras-record-el-foro-de-proveeduria-automotriz-2023\/","url":"https:\/\/puertointerior.guanajuato.gob.mx\/blog\/2023\/04\/24\/guanajuato-proyecta-cifras-record-el-foro-de-proveeduria-automotriz-2023\/","name":"Guanajuato: Proyecta cifras r\u00e9cord el Foro de Proveedur\u00eda Automotriz 2023 - Blog | GPI NEWS","isPartOf":{"@id":"https:\/\/puertointerior.guanajuato.gob.mx\/blog\/#website"},"primaryImageOfPage":{"@id":"https:\/\/puertointerior.guanajuato.gob.mx\/blog\/2023\/04\/24\/guanajuato-proyecta-cifras-record-el-foro-de-proveeduria-automotriz-2023\/#primaryimage"},"image":{"@id":"https:\/\/puertointerior.guanajuato.gob.mx\/blog\/2023\/04\/24\/guanajuato-proyecta-cifras-record-el-foro-de-proveeduria-automotriz-2023\/#primaryimage"},"thumbnailUrl":"https:\/\/puertointerior.guanajuato.gob.mx\/blog\/wp-content\/uploads\/2023\/04\/IMG_9722-750x375-1.jpg","datePublished":"2023-04-24T05:29:10+00:00","author":{"@id":"https:\/\/puertointerior.guanajuato.gob.mx\/blog\/#\/schema\/person\/f4851bb8a48c32d7fba5285caf4ef1c4"},"breadcrumb":{"@id":"https:\/\/puertointerior.guanajuato.gob.mx\/blog\/2023\/04\/24\/guanajuato-proyecta-cifras-record-el-foro-de-proveeduria-automotriz-2023\/#breadcrumb"},"inLanguage":"es","potentialAction":[{"@type":"ReadAction","target":["https:\/\/puertointerior.guanajuato.gob.mx\/blog\/2023\/04\/24\/guanajuato-proyecta-cifras-record-el-foro-de-proveeduria-automotriz-2023\/"]}]},{"@type":"ImageObject","inLanguage":"es","@id":"https:\/\/puertointerior.guanajuato.gob.mx\/blog\/2023\/04\/24\/guanajuato-proyecta-cifras-record-el-foro-de-proveeduria-automotriz-2023\/#primaryimage","url":"https:\/\/puertointerior.guanajuato.gob.mx\/blog\/wp-content\/uploads\/2023\/04\/IMG_9722-750x375-1.jpg","contentUrl":"https:\/\/puertointerior.guanajuato.gob.mx\/blog\/wp-content\/uploads\/2023\/04\/IMG_9722-750x375-1.jpg","width":750,"height":375},{"@type":"BreadcrumbList","@id":"https:\/\/puertointerior.guanajuato.gob.mx\/blog\/2023\/04\/24\/guanajuato-proyecta-cifras-record-el-foro-de-proveeduria-automotriz-2023\/#breadcrumb","itemListElement":[{"@type":"ListItem","position":1,"name":"Inicio","item":"https:\/\/puertointerior.guanajuato.gob.mx\/blog\/"},{"@type":"ListItem","position":2,"name":"Guanajuato: Proyecta cifras r\u00e9cord el Foro de Proveedur\u00eda Automotriz 2023"}]},{"@type":"WebSite","@id":"https:\/\/puertointerior.guanajuato.gob.mx\/blog\/#website","url":"https:\/\/puertointerior.guanajuato.gob.mx\/blog\/","name":"Blog | GPI NEWS","description":"Guanajuato Puerto Interior","potentialAction":[{"@type":"SearchAction","target":{"@type":"EntryPoint","urlTemplate":"https:\/\/puertointerior.guanajuato.gob.mx\/blog\/?s={search_term_string}"},"query-input":{"@type":"PropertyValueSpecification","valueRequired":true,"valueName":"search_term_string"}}],"inLanguage":"es"},{"@type":"Person","@id":"https:\/\/puertointerior.guanajuato.gob.mx\/blog\/#\/schema\/person\/f4851bb8a48c32d7fba5285caf4ef1c4","name":"GPI NEWS","image":{"@type":"ImageObject","inLanguage":"es","@id":"https:\/\/puertointerior.guanajuato.gob.mx\/blog\/#\/schema\/person\/image\/","url":"https:\/\/secure.gravatar.com\/avatar\/612aca53a708cefc5ebe15ab0bc63c51a8ba58563e45c17848fa400e627e2717?s=96&d=mm&r=g","contentUrl":"https:\/\/secure.gravatar.com\/avatar\/612aca53a708cefc5ebe15ab0bc63c51a8ba58563e45c17848fa400e627e2717?s=96&d=mm&r=g","caption":"GPI NEWS"},"url":"https:\/\/puertointerior.guanajuato.gob.mx\/blog\/author\/rafa-jacinto\/"}]}},"jetpack_featured_media_url":"https:\/\/puertointerior.guanajuato.gob.mx\/blog\/wp-content\/uploads\/2023\/04\/IMG_9722-750x375-1.jpg","jetpack_sharing_enabled":true,"jetpack_shortlink":"https:\/\/wp.me\/pcnMPA-Uq","_links":{"self":[{"href":"https:\/\/puertointerior.guanajuato.gob.mx\/blog\/wp-json\/wp\/v2\/posts\/3498","targetHints":{"allow":["GET"]}}],"collection":[{"href":"https:\/\/puertointerior.guanajuato.gob.mx\/blog\/wp-json\/wp\/v2\/posts"}],"about":[{"href":"https:\/\/puertointerior.guanajuato.gob.mx\/blog\/wp-json\/wp\/v2\/types\/post"}],"author":[{"embeddable":true,"href":"https:\/\/puertointerior.guanajuato.gob.mx\/blog\/wp-json\/wp\/v2\/users\/2"}],"replies":[{"embeddable":true,"href":"https:\/\/puertointerior.guanajuato.gob.mx\/blog\/wp-json\/wp\/v2\/comments?post=3498"}],"version-history":[{"count":1,"href":"https:\/\/puertointerior.guanajuato.gob.mx\/blog\/wp-json\/wp\/v2\/posts\/3498\/revisions"}],"predecessor-version":[{"id":3500,"href":"https:\/\/puertointerior.guanajuato.gob.mx\/blog\/wp-json\/wp\/v2\/posts\/3498\/revisions\/3500"}],"wp:featuredmedia":[{"embeddable":true,"href":"https:\/\/puertointerior.guanajuato.gob.mx\/blog\/wp-json\/wp\/v2\/media\/3499"}],"wp:attachment":[{"href":"https:\/\/puertointerior.guanajuato.gob.mx\/blog\/wp-json\/wp\/v2\/media?parent=3498"}],"wp:term":[{"taxonomy":"category","embeddable":true,"href":"https:\/\/puertointerior.guanajuato.gob.mx\/blog\/wp-json\/wp\/v2\/categories?post=3498"},{"taxonomy":"post_tag","embeddable":true,"href":"https:\/\/puertointerior.guanajuato.gob.mx\/blog\/wp-json\/wp\/v2\/tags?post=3498"}],"curies":[{"name":"wp","href":"https:\/\/api.w.org\/{rel}","templated":true}]}}