{"id":3601,"date":"2023-04-29T10:19:08","date_gmt":"2023-04-29T15:19:08","guid":{"rendered":"https:\/\/puertointerior.guanajuato.gob.mx\/blog\/?p=3601"},"modified":"2023-04-29T10:19:08","modified_gmt":"2023-04-29T15:19:08","slug":"arribaran-dos-armadoras-a-nl-de-la-industria-automotriz-anticipa-ivan-rivas","status":"publish","type":"post","link":"https:\/\/puertointerior.guanajuato.gob.mx\/blog\/2023\/04\/29\/arribaran-dos-armadoras-a-nl-de-la-industria-automotriz-anticipa-ivan-rivas\/","title":{"rendered":"Arribar\u00e1n dos armadoras a NL de la industria automotriz, anticipa Iv\u00e1n Rivas"},"content":{"rendered":"<h2 class=\"nd-title-headline-title-headline-base__abstract\">El secretario de Econom\u00eda de NL, Iv\u00e1n Rivas, se\u00f1al\u00f3 que el arribo de las nuevas firmas automotoras se confirm\u00f3 durante la gira de trabajo a la Hannover Messe.<\/h2>\n<p>Tras acudir a la feria Hannover Messe 2023 en Alemania, autoridades estatales confirmaron que dos empresas internacionales del ramo automotriz podr\u00edan llegar a Nuevo Le\u00f3n en pr\u00f3ximos meses.<\/p>\n<p>En entrevista para la plataforma MILENIO-Multimedios, Iv\u00e1n Rivas, secretario de Econom\u00eda de Nuevo Le\u00f3n, detall\u00f3 que durante la gira de trabajo sostuvieron di\u00e1logo con alrededor de 20 empresas que se interesaron en tener proyectos en el estado.<\/p>\n<blockquote><p>\u201cTuvimos m\u00e1s de 20 reuniones de empresas de todo el mundo que estaban interesadas y que se detuvieron (a hablar) por el inter\u00e9s que hab\u00eda de llegar a Nuevo Le\u00f3n, inclusive dos de ellas confirmaron, son empresas que a\u00fan est\u00e1n en el proceso y no podemos a\u00fan mencionar\u201d, dijo el funcionario.<\/p><\/blockquote>\n<p>Rivas inform\u00f3 que desde octubre de 2021 hasta marzo de 2023\u00a0se han confirmado m\u00e1s de 130 proyectos; de estos, la mitad son nuevas empresas y el resto expansiones.<\/p>\n<blockquote><p>\u201c130 proyectos que representan m\u00e1s de 11 mil 500 millones de d\u00f3lares, realmente es un monto importante.\u00a0Si recuerdas, el a\u00f1o pasado tuvimos un monto de 3.7 millones de d\u00f3lares, de estos 11 mil 500 millones de d\u00f3lares es much\u00edsimo recurso porque estamos esperando que en el 2023 tengamos al menos 6 mil millones de d\u00f3lares, casi el doble de lo que tuvimos en el 2022\u201d,\u00a0extern\u00f3.<\/p><\/blockquote>\n<p>Tambi\u00e9n dijo que tales inversiones traer\u00e1n consigo una generaci\u00f3n de alrededor de 80 mil empleos directos.<\/p>\n<blockquote><p>\u201cLa inversi\u00f3n no llega sola, tenemos que salir al mundo a buscarla y por eso hemos hecho viajes u otras diferentes giras a Estados Unidos, a Washington, Austin, California, hemos ido a Francia, Italia, y bueno muchas nuevas giras que vamos a tener en el futuro para salir a buscar esta inversi\u00f3n\u201d, anunci\u00f3.<\/p><\/blockquote>\n<p>El secretario de Econom\u00eda agreg\u00f3 que la visi\u00f3n de la administraci\u00f3n es traer inversiones futuristas para Nuevo Le\u00f3n.<\/p>\n<blockquote><p>\u201cEstamos buscando tecnolog\u00edas de informaci\u00f3n, estamos buscando inteligencia artificial, ciberseguridad, estamos buscando todo lo que tiene que ver con electromovilidad, esos son los sectores que estamos saliendo a buscar y, bueno, sin duda en la parte de electromovilidad nos ha ido muy bien\u201d, consider\u00f3.<\/p><\/blockquote>\n<p>Indic\u00f3 que durante la gira, acudir a la Gigafactory\u00a0de Tesla en Berl\u00edn fue cita obligada para la comitiva nuevoleonesa, ante la llegada de la empresa al municipio de Santa Catarina.<\/p>\n<blockquote><p>\u201cFuimos a la Gigafactory\u00a0de Tesla en Berl\u00edn, es interesante porque es espectacular la planta, pero importante fue todo lo que aprendimos del proceso, c\u00f3mo empezaron el reclutamiento los permisos\u201d, relat\u00f3.<\/p><\/blockquote>\n<p>Se\u00f1al\u00f3 que empresas como Lego, Mattel y\u00a0Polaris\u00a0tienen algo en com\u00fan: que sus plantas productoras m\u00e1s grandes en el mundo\u00a0est\u00e1n en Nuevo Le\u00f3n.<\/p>\n<p>Por \u00faltimo, el funcionario estatal adelant\u00f3 a este medio que las pr\u00f3ximas giras para buscar inversi\u00f3n extranjera podr\u00edan enfocarse en pa\u00edses como China y Corea, al tiempo de seguir incentivando la relaci\u00f3n comercial con Estados Unidos.<\/p>\n<p>Publicado originalmente por:\u00a0<a href=\"https:\/\/www.milenio.com\/politica\/comunidad\/llegaran-dos-nuevas-armadoras-de-carros-a-nuevo-leon\">https:\/\/www.milenio.com\/politica\/comunidad\/llegaran-dos-nuevas-armadoras-de-carros-a-nuevo-leon<\/a><\/p>\n","protected":false},"excerpt":{"rendered":"<p>El secretario de Econom\u00eda de NL, Iv\u00e1n Rivas, se\u00f1al\u00f3 que el arribo de las nuevas firmas automotoras se confirm\u00f3 durante la gira de trabajo a la Hannover Messe. Tras acudir a la feria Hannover Messe 2023 en Alemania, autoridades estatales confirmaron que dos empresas internacionales del ramo automotriz podr\u00edan llegar a Nuevo Le\u00f3n en pr\u00f3ximos [&hellip;]<\/p>\n","protected":false},"author":2,"featured_media":3602,"comment_status":"closed","ping_status":"open","sticky":false,"template":"","format":"standard","meta":{"jetpack_post_was_ever_published":false,"_jetpack_newsletter_access":"","_jetpack_dont_email_post_to_subs":false,"_jetpack_newsletter_tier_id":0,"_jetpack_memberships_contains_paywalled_content":false,"_jetpack_memberships_contains_paid_content":false,"footnotes":""},"categories":[20],"tags":[],"class_list":["post-3601","post","type-post","status-publish","format-standard","has-post-thumbnail","hentry","category-economic-development"],"yoast_head":"<!-- This site is optimized with the Yoast SEO plugin v25.7 - https:\/\/yoast.com\/wordpress\/plugins\/seo\/ -->\n<title>Arribar\u00e1n dos armadoras a NL de la industria automotriz, anticipa Iv\u00e1n Rivas - Blog | GPI NEWS<\/title>\n<meta name=\"robots\" content=\"index, follow, max-snippet:-1, max-image-preview:large, max-video-preview:-1\" \/>\n<link rel=\"canonical\" href=\"https:\/\/puertointerior.guanajuato.gob.mx\/blog\/2023\/04\/29\/arribaran-dos-armadoras-a-nl-de-la-industria-automotriz-anticipa-ivan-rivas\/\" \/>\n<meta property=\"og:locale\" content=\"es_MX\" \/>\n<meta property=\"og:type\" content=\"article\" \/>\n<meta property=\"og:title\" content=\"Arribar\u00e1n dos armadoras a NL de la industria automotriz, anticipa Iv\u00e1n Rivas - Blog | GPI NEWS\" \/>\n<meta property=\"og:description\" content=\"El secretario de Econom\u00eda de NL, Iv\u00e1n Rivas, se\u00f1al\u00f3 que el arribo de las nuevas firmas automotoras se confirm\u00f3 durante la gira de trabajo a la Hannover Messe. Tras acudir a la feria Hannover Messe 2023 en Alemania, autoridades estatales confirmaron que dos empresas internacionales del ramo automotriz podr\u00edan llegar a Nuevo Le\u00f3n en pr\u00f3ximos [&hellip;]\" \/>\n<meta property=\"og:url\" content=\"https:\/\/puertointerior.guanajuato.gob.mx\/blog\/2023\/04\/29\/arribaran-dos-armadoras-a-nl-de-la-industria-automotriz-anticipa-ivan-rivas\/\" \/>\n<meta property=\"og:site_name\" content=\"Blog | GPI NEWS\" \/>\n<meta property=\"article:published_time\" content=\"2023-04-29T15:19:08+00:00\" \/>\n<meta property=\"og:image\" content=\"https:\/\/puertointerior.guanajuato.gob.mx\/blog\/wp-content\/uploads\/2023\/04\/ivan-rivas-dependencia-cargo-coordinara_0_21_1200_758.jpg\" \/>\n\t<meta property=\"og:image:width\" content=\"942\" \/>\n\t<meta property=\"og:image:height\" content=\"532\" \/>\n\t<meta property=\"og:image:type\" content=\"image\/jpeg\" \/>\n<meta name=\"author\" content=\"GPI NEWS\" \/>\n<meta name=\"twitter:card\" content=\"summary_large_image\" \/>\n<meta name=\"twitter:label1\" content=\"Escrito por\" \/>\n\t<meta name=\"twitter:data1\" content=\"GPI NEWS\" \/>\n\t<meta name=\"twitter:label2\" content=\"Tiempo de lectura\" \/>\n\t<meta name=\"twitter:data2\" content=\"3 minutos\" \/>\n<script type=\"application\/ld+json\" class=\"yoast-schema-graph\">{\"@context\":\"https:\/\/schema.org\",\"@graph\":[{\"@type\":\"WebPage\",\"@id\":\"https:\/\/puertointerior.guanajuato.gob.mx\/blog\/2023\/04\/29\/arribaran-dos-armadoras-a-nl-de-la-industria-automotriz-anticipa-ivan-rivas\/\",\"url\":\"https:\/\/puertointerior.guanajuato.gob.mx\/blog\/2023\/04\/29\/arribaran-dos-armadoras-a-nl-de-la-industria-automotriz-anticipa-ivan-rivas\/\",\"name\":\"Arribar\u00e1n dos armadoras a NL de la industria automotriz, anticipa Iv\u00e1n Rivas - Blog | GPI NEWS\",\"isPartOf\":{\"@id\":\"https:\/\/puertointerior.guanajuato.gob.mx\/blog\/#website\"},\"primaryImageOfPage\":{\"@id\":\"https:\/\/puertointerior.guanajuato.gob.mx\/blog\/2023\/04\/29\/arribaran-dos-armadoras-a-nl-de-la-industria-automotriz-anticipa-ivan-rivas\/#primaryimage\"},\"image\":{\"@id\":\"https:\/\/puertointerior.guanajuato.gob.mx\/blog\/2023\/04\/29\/arribaran-dos-armadoras-a-nl-de-la-industria-automotriz-anticipa-ivan-rivas\/#primaryimage\"},\"thumbnailUrl\":\"https:\/\/puertointerior.guanajuato.gob.mx\/blog\/wp-content\/uploads\/2023\/04\/ivan-rivas-dependencia-cargo-coordinara_0_21_1200_758.jpg\",\"datePublished\":\"2023-04-29T15:19:08+00:00\",\"author\":{\"@id\":\"https:\/\/puertointerior.guanajuato.gob.mx\/blog\/#\/schema\/person\/f4851bb8a48c32d7fba5285caf4ef1c4\"},\"breadcrumb\":{\"@id\":\"https:\/\/puertointerior.guanajuato.gob.mx\/blog\/2023\/04\/29\/arribaran-dos-armadoras-a-nl-de-la-industria-automotriz-anticipa-ivan-rivas\/#breadcrumb\"},\"inLanguage\":\"es\",\"potentialAction\":[{\"@type\":\"ReadAction\",\"target\":[\"https:\/\/puertointerior.guanajuato.gob.mx\/blog\/2023\/04\/29\/arribaran-dos-armadoras-a-nl-de-la-industria-automotriz-anticipa-ivan-rivas\/\"]}]},{\"@type\":\"ImageObject\",\"inLanguage\":\"es\",\"@id\":\"https:\/\/puertointerior.guanajuato.gob.mx\/blog\/2023\/04\/29\/arribaran-dos-armadoras-a-nl-de-la-industria-automotriz-anticipa-ivan-rivas\/#primaryimage\",\"url\":\"https:\/\/puertointerior.guanajuato.gob.mx\/blog\/wp-content\/uploads\/2023\/04\/ivan-rivas-dependencia-cargo-coordinara_0_21_1200_758.jpg\",\"contentUrl\":\"https:\/\/puertointerior.guanajuato.gob.mx\/blog\/wp-content\/uploads\/2023\/04\/ivan-rivas-dependencia-cargo-coordinara_0_21_1200_758.jpg\",\"width\":942,\"height\":532},{\"@type\":\"BreadcrumbList\",\"@id\":\"https:\/\/puertointerior.guanajuato.gob.mx\/blog\/2023\/04\/29\/arribaran-dos-armadoras-a-nl-de-la-industria-automotriz-anticipa-ivan-rivas\/#breadcrumb\",\"itemListElement\":[{\"@type\":\"ListItem\",\"position\":1,\"name\":\"Inicio\",\"item\":\"https:\/\/puertointerior.guanajuato.gob.mx\/blog\/\"},{\"@type\":\"ListItem\",\"position\":2,\"name\":\"Arribar\u00e1n dos armadoras a NL de la industria automotriz, anticipa Iv\u00e1n Rivas\"}]},{\"@type\":\"WebSite\",\"@id\":\"https:\/\/puertointerior.guanajuato.gob.mx\/blog\/#website\",\"url\":\"https:\/\/puertointerior.guanajuato.gob.mx\/blog\/\",\"name\":\"Blog | GPI NEWS\",\"description\":\"Guanajuato Puerto Interior\",\"potentialAction\":[{\"@type\":\"SearchAction\",\"target\":{\"@type\":\"EntryPoint\",\"urlTemplate\":\"https:\/\/puertointerior.guanajuato.gob.mx\/blog\/?s={search_term_string}\"},\"query-input\":{\"@type\":\"PropertyValueSpecification\",\"valueRequired\":true,\"valueName\":\"search_term_string\"}}],\"inLanguage\":\"es\"},{\"@type\":\"Person\",\"@id\":\"https:\/\/puertointerior.guanajuato.gob.mx\/blog\/#\/schema\/person\/f4851bb8a48c32d7fba5285caf4ef1c4\",\"name\":\"GPI NEWS\",\"image\":{\"@type\":\"ImageObject\",\"inLanguage\":\"es\",\"@id\":\"https:\/\/puertointerior.guanajuato.gob.mx\/blog\/#\/schema\/person\/image\/\",\"url\":\"https:\/\/secure.gravatar.com\/avatar\/612aca53a708cefc5ebe15ab0bc63c51a8ba58563e45c17848fa400e627e2717?s=96&d=mm&r=g\",\"contentUrl\":\"https:\/\/secure.gravatar.com\/avatar\/612aca53a708cefc5ebe15ab0bc63c51a8ba58563e45c17848fa400e627e2717?s=96&d=mm&r=g\",\"caption\":\"GPI NEWS\"},\"url\":\"https:\/\/puertointerior.guanajuato.gob.mx\/blog\/author\/rafa-jacinto\/\"}]}<\/script>\n<!-- \/ Yoast SEO plugin. -->","yoast_head_json":{"title":"Arribar\u00e1n dos armadoras a NL de la industria automotriz, anticipa Iv\u00e1n Rivas - Blog | GPI NEWS","robots":{"index":"index","follow":"follow","max-snippet":"max-snippet:-1","max-image-preview":"max-image-preview:large","max-video-preview":"max-video-preview:-1"},"canonical":"https:\/\/puertointerior.guanajuato.gob.mx\/blog\/2023\/04\/29\/arribaran-dos-armadoras-a-nl-de-la-industria-automotriz-anticipa-ivan-rivas\/","og_locale":"es_MX","og_type":"article","og_title":"Arribar\u00e1n dos armadoras a NL de la industria automotriz, anticipa Iv\u00e1n Rivas - Blog | GPI NEWS","og_description":"El secretario de Econom\u00eda de NL, Iv\u00e1n Rivas, se\u00f1al\u00f3 que el arribo de las nuevas firmas automotoras se confirm\u00f3 durante la gira de trabajo a la Hannover Messe. Tras acudir a la feria Hannover Messe 2023 en Alemania, autoridades estatales confirmaron que dos empresas internacionales del ramo automotriz podr\u00edan llegar a Nuevo Le\u00f3n en pr\u00f3ximos [&hellip;]","og_url":"https:\/\/puertointerior.guanajuato.gob.mx\/blog\/2023\/04\/29\/arribaran-dos-armadoras-a-nl-de-la-industria-automotriz-anticipa-ivan-rivas\/","og_site_name":"Blog | GPI NEWS","article_published_time":"2023-04-29T15:19:08+00:00","og_image":[{"width":942,"height":532,"url":"https:\/\/puertointerior.guanajuato.gob.mx\/blog\/wp-content\/uploads\/2023\/04\/ivan-rivas-dependencia-cargo-coordinara_0_21_1200_758.jpg","type":"image\/jpeg"}],"author":"GPI NEWS","twitter_card":"summary_large_image","twitter_misc":{"Escrito por":"GPI NEWS","Tiempo de lectura":"3 minutos"},"schema":{"@context":"https:\/\/schema.org","@graph":[{"@type":"WebPage","@id":"https:\/\/puertointerior.guanajuato.gob.mx\/blog\/2023\/04\/29\/arribaran-dos-armadoras-a-nl-de-la-industria-automotriz-anticipa-ivan-rivas\/","url":"https:\/\/puertointerior.guanajuato.gob.mx\/blog\/2023\/04\/29\/arribaran-dos-armadoras-a-nl-de-la-industria-automotriz-anticipa-ivan-rivas\/","name":"Arribar\u00e1n dos armadoras a NL de la industria automotriz, anticipa Iv\u00e1n Rivas - Blog | GPI NEWS","isPartOf":{"@id":"https:\/\/puertointerior.guanajuato.gob.mx\/blog\/#website"},"primaryImageOfPage":{"@id":"https:\/\/puertointerior.guanajuato.gob.mx\/blog\/2023\/04\/29\/arribaran-dos-armadoras-a-nl-de-la-industria-automotriz-anticipa-ivan-rivas\/#primaryimage"},"image":{"@id":"https:\/\/puertointerior.guanajuato.gob.mx\/blog\/2023\/04\/29\/arribaran-dos-armadoras-a-nl-de-la-industria-automotriz-anticipa-ivan-rivas\/#primaryimage"},"thumbnailUrl":"https:\/\/puertointerior.guanajuato.gob.mx\/blog\/wp-content\/uploads\/2023\/04\/ivan-rivas-dependencia-cargo-coordinara_0_21_1200_758.jpg","datePublished":"2023-04-29T15:19:08+00:00","author":{"@id":"https:\/\/puertointerior.guanajuato.gob.mx\/blog\/#\/schema\/person\/f4851bb8a48c32d7fba5285caf4ef1c4"},"breadcrumb":{"@id":"https:\/\/puertointerior.guanajuato.gob.mx\/blog\/2023\/04\/29\/arribaran-dos-armadoras-a-nl-de-la-industria-automotriz-anticipa-ivan-rivas\/#breadcrumb"},"inLanguage":"es","potentialAction":[{"@type":"ReadAction","target":["https:\/\/puertointerior.guanajuato.gob.mx\/blog\/2023\/04\/29\/arribaran-dos-armadoras-a-nl-de-la-industria-automotriz-anticipa-ivan-rivas\/"]}]},{"@type":"ImageObject","inLanguage":"es","@id":"https:\/\/puertointerior.guanajuato.gob.mx\/blog\/2023\/04\/29\/arribaran-dos-armadoras-a-nl-de-la-industria-automotriz-anticipa-ivan-rivas\/#primaryimage","url":"https:\/\/puertointerior.guanajuato.gob.mx\/blog\/wp-content\/uploads\/2023\/04\/ivan-rivas-dependencia-cargo-coordinara_0_21_1200_758.jpg","contentUrl":"https:\/\/puertointerior.guanajuato.gob.mx\/blog\/wp-content\/uploads\/2023\/04\/ivan-rivas-dependencia-cargo-coordinara_0_21_1200_758.jpg","width":942,"height":532},{"@type":"BreadcrumbList","@id":"https:\/\/puertointerior.guanajuato.gob.mx\/blog\/2023\/04\/29\/arribaran-dos-armadoras-a-nl-de-la-industria-automotriz-anticipa-ivan-rivas\/#breadcrumb","itemListElement":[{"@type":"ListItem","position":1,"name":"Inicio","item":"https:\/\/puertointerior.guanajuato.gob.mx\/blog\/"},{"@type":"ListItem","position":2,"name":"Arribar\u00e1n dos armadoras a NL de la industria automotriz, anticipa Iv\u00e1n Rivas"}]},{"@type":"WebSite","@id":"https:\/\/puertointerior.guanajuato.gob.mx\/blog\/#website","url":"https:\/\/puertointerior.guanajuato.gob.mx\/blog\/","name":"Blog | GPI NEWS","description":"Guanajuato Puerto Interior","potentialAction":[{"@type":"SearchAction","target":{"@type":"EntryPoint","urlTemplate":"https:\/\/puertointerior.guanajuato.gob.mx\/blog\/?s={search_term_string}"},"query-input":{"@type":"PropertyValueSpecification","valueRequired":true,"valueName":"search_term_string"}}],"inLanguage":"es"},{"@type":"Person","@id":"https:\/\/puertointerior.guanajuato.gob.mx\/blog\/#\/schema\/person\/f4851bb8a48c32d7fba5285caf4ef1c4","name":"GPI NEWS","image":{"@type":"ImageObject","inLanguage":"es","@id":"https:\/\/puertointerior.guanajuato.gob.mx\/blog\/#\/schema\/person\/image\/","url":"https:\/\/secure.gravatar.com\/avatar\/612aca53a708cefc5ebe15ab0bc63c51a8ba58563e45c17848fa400e627e2717?s=96&d=mm&r=g","contentUrl":"https:\/\/secure.gravatar.com\/avatar\/612aca53a708cefc5ebe15ab0bc63c51a8ba58563e45c17848fa400e627e2717?s=96&d=mm&r=g","caption":"GPI NEWS"},"url":"https:\/\/puertointerior.guanajuato.gob.mx\/blog\/author\/rafa-jacinto\/"}]}},"jetpack_featured_media_url":"https:\/\/puertointerior.guanajuato.gob.mx\/blog\/wp-content\/uploads\/2023\/04\/ivan-rivas-dependencia-cargo-coordinara_0_21_1200_758.jpg","jetpack_sharing_enabled":true,"jetpack_shortlink":"https:\/\/wp.me\/pcnMPA-W5","_links":{"self":[{"href":"https:\/\/puertointerior.guanajuato.gob.mx\/blog\/wp-json\/wp\/v2\/posts\/3601","targetHints":{"allow":["GET"]}}],"collection":[{"href":"https:\/\/puertointerior.guanajuato.gob.mx\/blog\/wp-json\/wp\/v2\/posts"}],"about":[{"href":"https:\/\/puertointerior.guanajuato.gob.mx\/blog\/wp-json\/wp\/v2\/types\/post"}],"author":[{"embeddable":true,"href":"https:\/\/puertointerior.guanajuato.gob.mx\/blog\/wp-json\/wp\/v2\/users\/2"}],"replies":[{"embeddable":true,"href":"https:\/\/puertointerior.guanajuato.gob.mx\/blog\/wp-json\/wp\/v2\/comments?post=3601"}],"version-history":[{"count":1,"href":"https:\/\/puertointerior.guanajuato.gob.mx\/blog\/wp-json\/wp\/v2\/posts\/3601\/revisions"}],"predecessor-version":[{"id":3603,"href":"https:\/\/puertointerior.guanajuato.gob.mx\/blog\/wp-json\/wp\/v2\/posts\/3601\/revisions\/3603"}],"wp:featuredmedia":[{"embeddable":true,"href":"https:\/\/puertointerior.guanajuato.gob.mx\/blog\/wp-json\/wp\/v2\/media\/3602"}],"wp:attachment":[{"href":"https:\/\/puertointerior.guanajuato.gob.mx\/blog\/wp-json\/wp\/v2\/media?parent=3601"}],"wp:term":[{"taxonomy":"category","embeddable":true,"href":"https:\/\/puertointerior.guanajuato.gob.mx\/blog\/wp-json\/wp\/v2\/categories?post=3601"},{"taxonomy":"post_tag","embeddable":true,"href":"https:\/\/puertointerior.guanajuato.gob.mx\/blog\/wp-json\/wp\/v2\/tags?post=3601"}],"curies":[{"name":"wp","href":"https:\/\/api.w.org\/{rel}","templated":true}]}}