{"id":3753,"date":"2023-05-08T18:12:59","date_gmt":"2023-05-08T23:12:59","guid":{"rendered":"https:\/\/puertointerior.guanajuato.gob.mx\/blog\/?p=3753"},"modified":"2023-05-08T18:12:59","modified_gmt":"2023-05-08T23:12:59","slug":"corredor-interoceanico-del-istmo-de-tehuantepec-plataforma-logistica-en-mexico","status":"publish","type":"post","link":"https:\/\/puertointerior.guanajuato.gob.mx\/blog\/2023\/05\/08\/corredor-interoceanico-del-istmo-de-tehuantepec-plataforma-logistica-en-mexico\/","title":{"rendered":"Corredor Interoce\u00e1nico del Istmo de Tehuantepec, \u00bfplataforma log\u00edstica en M\u00e9xico?"},"content":{"rendered":"<p>El Corredor Interoce\u00e1nico de Istmo de Tehuantepec presenta retos que ponen en duda su vaibilidad.<\/p>\n<p>El Corredor Interoce\u00e1nico del Istmo de Tehuantepec (CIIT) representa una oportunidad de crecimiento econ\u00f3mico, sin embargo algunos\u00a0especialistas consideran que hay poca claridad en cuanto a la viabilidad para su ejecuci\u00f3n en el corto plazo y convertirse en una plataforma log\u00edstica, debido a la falta de infraestructura, mano de obra disponible y servicios complementarios para detonar la zona del sureste.<\/p>\n<ul>\n<li>Hasta el momento se est\u00e1n realizando importantes\u00a0<strong>trabajos de rehabilitaci\u00f3n y nuevas construcciones en los puertos de Coatzacoalcos y Salina Cruz<\/strong>\u00a0donde se tiene previsto que haya la mayor concentraci\u00f3n de la actividad en el\u00a0<strong>movimiento de mercanc\u00edas<\/strong>.<\/li>\n<\/ul>\n<p>Respecto al CIIT, Alberto Chretin, Director General de Terrafina menciona en entrevista que le parece un proyecto importante que\u00a0<strong>pondr\u00e1 a M\u00e9xico en el radar mundial en cuanto a los temas de log\u00edstica y representa una oportunidad para competir con el Canal de Panam\u00e1.<\/strong><\/p>\n<p>En contraste, Gerardo Ram\u00edrez, Director Nacional Industrial de JLL M\u00e9xico considera que la llegada de nuevas empresas a Coatzacoalcos y Salina Cruz es un buen deseo porque por el momento, lo que\u00a0<strong>buscan las empresas al llegar a nuestro pa\u00eds no existe<\/strong>\u00a0a menos que el gobierno se encargue de crearlo.<\/p>\n<p>Los especialistas coinciden en que para\u00a0<strong>detonar la zona del CIIT se requiere mucho m\u00e1s que la disposici\u00f3n de los 10 polos de desarrollo<\/strong>\u00a0planteados desde el gobierno federal, la puesta en marcha de operaciones de una empresa va m\u00e1s all\u00e1 de tener\u00a0<strong>disponibles los terrenos\u00a0y los incentivos fiscales<\/strong>.<\/p>\n<h2 id=\"h-que-tipo-de-industria-podria-llegar-a-ciit\">\u00bfQu\u00e9 tipo de industria podr\u00eda llegar a CIIT?<\/h2>\n<p>Desde hace algunos a\u00f1os, el pa\u00eds se ha beneficiado de la expansi\u00f3n del sector automotriz, sin embargo, la industria de alimentos y dispositivos m\u00e9dicos buscan nuevos espacios para instalarse, las empresas son principalmente de origen europeo o asi\u00e1tico.<\/p>\n<p>Gerardo Ram\u00edrez detalla que M\u00e9xico est\u00e1 bien posicionado en la\u00a0<strong>mano de obra<\/strong>, pero\u00a0<strong>no s\u00f3lo referente al costo sino al grado de capacitaci\u00f3n y la disposici\u00f3n realizar nuevas tareas<\/strong>.<\/p>\n<blockquote><p>Lo m\u00e1s importante es la mano de obra que sale de las universidades o escuelas t\u00e9cnicas y eso, no detecto que haya en Salina Cruz.<\/p>\n<p><cite>Gerardo Ram\u00edrez, Director Nacional Industrial de JLL M\u00e9xico<\/cite><\/p><\/blockquote>\n<p>Si bien, el plan sobre el papel parece ofrecer una oportunidad, la\u00a0<strong>decisi\u00f3n de iniciar operaciones<\/strong>\u00a0en un lugar espec\u00edfico depende de\u00a0<strong>factores m\u00e1s all\u00e1 que la disponibilidad de tierra para la nave industrial<\/strong>.<\/p>\n<p>Las empresas tambi\u00e9n\u00a0<strong>eval\u00faan la existencia de vivienda<\/strong>\u00a0cercana para sus colaboradores de todos los niveles,\u00a0<strong>escuelas<\/strong>\u00a0para sus hijos,\u00a0<strong>servicios de entretenimiento<\/strong>\u00a0(centros comerciales, cines, parques, etc\u00e9tera) y v\u00edas de comunicaci\u00f3n para facilitar la movilidad.<\/p>\n<p>Alberto Chretin enfatiza que m\u00e1s all\u00e1 de pensar por el momento en el tipo de industrias id\u00f3neas para el CIIT, se debe considerar que las empresas llegaran porque les conviene y vean que el\u00a0<strong>Corredor Interoce\u00e1nico funcione de manera \u00f3ptima<\/strong>; la siguiente fase ser\u00e1 para que los desarrolladores analicen los terrenos y tiempos de construcci\u00f3n.<\/p>\n<p>Durante la conferencia ma\u00f1anera del presidente de M\u00e9xico, Andr\u00e9s Manuel L\u00f3pez Obrador, destac\u00f3 que la\u00a0<strong>CFE analiz\u00f3 y determin\u00f3 que cuatro predios de los polos de desarrollo cuenta con la vocaci\u00f3n para uso e\u00f3lico y mixto<\/strong>.<\/p>\n<ul>\n<li>San Blas Atempa y Santa Mar\u00eda Mixtequilla\n<ul>\n<li>Agroindustria<\/li>\n<li>Cuero y textil<\/li>\n<li>Metales<\/li>\n<\/ul>\n<\/li>\n<li>Ciudad Ixtepec y Chivela\n<ul>\n<li>Agroindustria<\/li>\n<li>Transporte<\/li>\n<li>Cuero y textil<\/li>\n<li>Electromovilidad<\/li>\n<\/ul>\n<\/li>\n<\/ul>\n<p>Manuel Montoya, Presidente del CLAUT menciona que\u00a0<strong>s\u00ed hay oportunidades para el sureste<\/strong>, pero se trata de hacer procesos m\u00e1s sencillos, no se puede pensar en llevar una empresa como Tesla porque es complejo y no hay la infraestructura.<\/p>\n<p>Advierte que s\u00ed pueden hacer\u00a0<strong>procesos donde hay\u00a0mano de obra que ser\u00e1 competitivo\u00a0<\/strong>llevarlo all\u00e1 &#8220;lo comento porque hay una empresa de Cl\u00faster que en febrero de esto a\u00f1o acaba de inaugurar una planta de Guatemala.<\/p>\n<blockquote><p>S\u00ed hace falta una mayor labor de venta por parte de los gobiernos de aquella zona. Nos hemos querido acercar y no han sido tan abiertos.<\/p>\n<p><cite>Manuel Montoya, Presidente de CLAUT<\/cite><\/p><\/blockquote>\n<h2 id=\"h-infraestructura-en-el-puerto-de-coatzacoalcos-y-salina-cruz\">Infraestructura en el puerto de Coatzacoalcos y Salina Cruz<\/h2>\n<p>El experto de JLL resalta que para\u00a0<strong>establecer un hub industrial es necesario contar con una empresa ancla\u00a0<\/strong>que atraiga nuevos proveedores o incluso que la regi\u00f3n ya cuente con algunos, pero tambi\u00e9n es necesario tener la\u00a0<strong>capacidad educativa para generar a los profesionales<\/strong>\u00a0que se necesiten.<\/p>\n<p>Agreg\u00f3 que por el momento no hay muchos datos de mercado referentes a Coatzacoalcos y Salina Cruz, lo que tambi\u00e9n representa una oportunidad para generar la data necesaria permitiendo a los inversionistas y empresas tomar las decisiones adecuadas, revisando lo que ha funcionado, se ha invertido y la factibilidad de lograrlo.<\/p>\n<p>Si bien, los\u00a0<strong>inmuebles industriales son inversiones a largo plazo<\/strong>\u00a0los n\u00fameros deben existir, una vez decidida la ubicaci\u00f3n faltan procesos adicionales como permisos y un\u00a0<strong>inmueble desde cero hasta que la empresa comienza sus operaciones se puede llevar de 12 a 15 meses.<\/strong><\/p>\n<blockquote><p>Para integrar una red log\u00edstica se necesitan inversiones ferroviarias (que ya se realizan) y analizar cu\u00e1les son las necesidades en la red carretera, as\u00ed como el potencial de los puertos, Salina Cruz tiene potencial, pero Coatzacoalcos lo veo con limitaciones. De manera general, en el sureste se necesita resolver el tema de una nueva generaci\u00f3n de electricidad m\u00e1s competitiva y repotenciar algunas centrales el\u00e9ctricas.<\/p>\n<p><cite>Manuel Rodr\u00edguez Arregui, CEO de AINDA Infraestructura y Energ\u00eda<\/cite><\/p><\/blockquote>\n<p>Al respecto, el directivo de Terrafina considera que la\u00a0<strong>modernizaci\u00f3n de los puertos de Coatzacoalcos y Salina Cruz deber\u00eda ser de vanguardia<\/strong>\u00a0y se incorporen toda la carga y descarga de los barcos tipo Panam\u00e1, siendo una\u00a0<strong>oportunidad de hacerlo \u00e1gil, eficiente y econ\u00f3mico<\/strong>.<\/p>\n<p>En la conferencia ma\u00f1anera del 21 de marzo se dieron a conocer los avances que hay en la red ferroviaria, as\u00ed como de los\u00a0Puertos de Salina Cruz\u00a0y Coatzacoalcos.<\/p>\n<p>Se destac\u00f3 que el CIIT tiene por objeto\u00a0<strong>instrumentar una plataforma log\u00edstica integral que se interconectar\u00e1 por m\u00e1s de mil kil\u00f3metros de v\u00edas f\u00e9rreas que incluye los puertos de Salina Cruz, Coatzacoalcos, Chiapas y Dos Bocas<\/strong>\u00a0donde se establecer\u00e1n polos de desarrollo para el bienestar (parques industriales).<\/p>\n<p>La red ferroviaria regional de Corredor Interoce\u00e1nico del Istmo de Tehuantepec<\/p>\n<ul>\n<li>L\u00ednea Z con 308 kil\u00f3metros de Coatzacoalcos a Salina Cruz que interconecta el Golfo de M\u00e9xico con el Oc\u00e9ano Pac\u00edfico. Tiene un avance en la\u00a0<strong>rehabilitaci\u00f3n superior al 70% concluyendo en agosto de 2023.<\/strong><\/li>\n<li>L\u00ednea FA con 329 kil\u00f3metros de Coatzacoalcos a Palenque con\u00a0<strong>interconexi\u00f3n al Tren Maya<\/strong>.<\/li>\n<li>L\u00ednea K con 459 kil\u00f3metros de Ixtepec a Ciudad Hidalgo que interconecta con Centroam\u00e9rica.<\/li>\n<\/ul>\n<p><strong>Puerto de Coatzacoalcos<\/strong><\/p>\n<ul>\n<li>Ocupa el tercer lugar nacional en el movimiento de carga total con 32.4 millones de toneladas (movidas en 2022).<\/li>\n<li>Se instalar\u00e1 una\u00a0<strong>terminal especializada de contenedores<\/strong>\u00a0que brindar\u00e1 capacidad para mover hasta un mill\u00f3n 400 mil contenedores por a\u00f1o.<\/li>\n<li>Tiene capacidad para\u00a0<strong>recibir ferrobuques<\/strong>.<\/li>\n<li>Tiempo de tr\u00e1nsito de dos a tres d\u00edas.<\/li>\n<\/ul>\n<p><strong>Puerto de Salina Cruz<\/strong><\/p>\n<ul>\n<li>Ocupa el d\u00e9cimo lugar nacional en el movimiento de carga con 8.4 millones de toneladas (2022).<\/li>\n<li>Se est\u00e1 desarrollando un nuevo puerto con una terminal especializada de contenedores para mover hasta un mill\u00f3n 400 mil contenedores por a\u00f1o.<\/li>\n<li>Se har\u00e1 un\u00a0<strong>acceso ferroviario y carretero<\/strong>.<\/li>\n<li>Tendr\u00e1 una capacidad para cinco mil contenedores de carga est\u00e1tica.<\/li>\n<\/ul>\n<h2 id=\"h-cuales-son-los-poligonos-de-desarrollo-del-ciit\">\u00bfCu\u00e1les son los pol\u00edgonos de desarrollo del CIIT?<\/h2>\n<ul>\n<li>Predio Coatzacolacos I (257.70 Ha)<\/li>\n<li>Predio Coatzacolacos II (129.19 Ha)<\/li>\n<li>Predio Tequistepec (481.58 Ha)<\/li>\n<li>Predio San Juan Evangelista (363.22 Ha)<\/li>\n<li>Predio Salina Cruz (82.09 Ha)<\/li>\n<li>Mat\u00edas Romero, Donaj\u00ed (185 Ha)<\/li>\n<li>Ixtaltepec, Chivela (255 Ha)<\/li>\n<li>San Blas Atempa (331.53 Ha)<\/li>\n<li>Ciudad Ixtepec (412.74 Ha)<\/li>\n<li>Santa Mar\u00eda Mixtequilla (502.74 Ha)<\/li>\n<\/ul>\n<p>Publicado originalmente por:\u00a0<a href=\"https:\/\/thelogisticsworld.com\/logistica-y-distribucion\/corredor-interoceanico-del-istmo-de-tehuantepec-podria-ser-una-plataforma-logistica-en-mexico\/\">https:\/\/thelogisticsworld.com\/logistica-y-distribucion\/corredor-interoceanico-del-istmo-de-tehuantepec-podria-ser-una-plataforma-logistica-en-mexico\/<\/a><\/p>\n<p>&nbsp;<\/p>\n","protected":false},"excerpt":{"rendered":"<p>El Corredor Interoce\u00e1nico de Istmo de Tehuantepec presenta retos que ponen en duda su vaibilidad. El Corredor Interoce\u00e1nico del Istmo de Tehuantepec (CIIT) representa una oportunidad de crecimiento econ\u00f3mico, sin embargo algunos\u00a0especialistas consideran que hay poca claridad en cuanto a la viabilidad para su ejecuci\u00f3n en el corto plazo y convertirse en una plataforma log\u00edstica, [&hellip;]<\/p>\n","protected":false},"author":2,"featured_media":3223,"comment_status":"closed","ping_status":"open","sticky":false,"template":"","format":"standard","meta":{"jetpack_post_was_ever_published":false,"_jetpack_newsletter_access":"","_jetpack_dont_email_post_to_subs":false,"_jetpack_newsletter_tier_id":0,"_jetpack_memberships_contains_paywalled_content":false,"_jetpack_memberships_contains_paid_content":false,"footnotes":""},"categories":[20],"tags":[],"class_list":["post-3753","post","type-post","status-publish","format-standard","has-post-thumbnail","hentry","category-economic-development"],"yoast_head":"<!-- This site is optimized with the Yoast SEO plugin v25.7 - https:\/\/yoast.com\/wordpress\/plugins\/seo\/ -->\n<title>Corredor Interoce\u00e1nico del Istmo de Tehuantepec, \u00bfplataforma log\u00edstica en M\u00e9xico? - Blog | GPI NEWS<\/title>\n<meta name=\"robots\" content=\"index, follow, max-snippet:-1, max-image-preview:large, max-video-preview:-1\" \/>\n<link rel=\"canonical\" href=\"https:\/\/puertointerior.guanajuato.gob.mx\/blog\/2023\/05\/08\/corredor-interoceanico-del-istmo-de-tehuantepec-plataforma-logistica-en-mexico\/\" \/>\n<meta property=\"og:locale\" content=\"es_MX\" \/>\n<meta property=\"og:type\" content=\"article\" \/>\n<meta property=\"og:title\" content=\"Corredor Interoce\u00e1nico del Istmo de Tehuantepec, \u00bfplataforma log\u00edstica en M\u00e9xico? - Blog | GPI NEWS\" \/>\n<meta property=\"og:description\" content=\"El Corredor Interoce\u00e1nico de Istmo de Tehuantepec presenta retos que ponen en duda su vaibilidad. El Corredor Interoce\u00e1nico del Istmo de Tehuantepec (CIIT) representa una oportunidad de crecimiento econ\u00f3mico, sin embargo algunos\u00a0especialistas consideran que hay poca claridad en cuanto a la viabilidad para su ejecuci\u00f3n en el corto plazo y convertirse en una plataforma log\u00edstica, [&hellip;]\" \/>\n<meta property=\"og:url\" content=\"https:\/\/puertointerior.guanajuato.gob.mx\/blog\/2023\/05\/08\/corredor-interoceanico-del-istmo-de-tehuantepec-plataforma-logistica-en-mexico\/\" \/>\n<meta property=\"og:site_name\" content=\"Blog | GPI NEWS\" \/>\n<meta property=\"article:published_time\" content=\"2023-05-08T23:12:59+00:00\" \/>\n<meta property=\"og:image\" content=\"https:\/\/puertointerior.guanajuato.gob.mx\/blog\/wp-content\/uploads\/2023\/04\/exportacionesdeguanajuato-524783069-1.jpg\" \/>\n\t<meta property=\"og:image:width\" content=\"980\" \/>\n\t<meta property=\"og:image:height\" content=\"569\" \/>\n\t<meta property=\"og:image:type\" content=\"image\/jpeg\" \/>\n<meta name=\"author\" content=\"GPI NEWS\" \/>\n<meta name=\"twitter:card\" content=\"summary_large_image\" \/>\n<meta name=\"twitter:label1\" content=\"Escrito por\" \/>\n\t<meta name=\"twitter:data1\" content=\"GPI NEWS\" \/>\n\t<meta name=\"twitter:label2\" content=\"Tiempo de lectura\" \/>\n\t<meta name=\"twitter:data2\" content=\"7 minutos\" \/>\n<script type=\"application\/ld+json\" class=\"yoast-schema-graph\">{\"@context\":\"https:\/\/schema.org\",\"@graph\":[{\"@type\":\"WebPage\",\"@id\":\"https:\/\/puertointerior.guanajuato.gob.mx\/blog\/2023\/05\/08\/corredor-interoceanico-del-istmo-de-tehuantepec-plataforma-logistica-en-mexico\/\",\"url\":\"https:\/\/puertointerior.guanajuato.gob.mx\/blog\/2023\/05\/08\/corredor-interoceanico-del-istmo-de-tehuantepec-plataforma-logistica-en-mexico\/\",\"name\":\"Corredor Interoce\u00e1nico del Istmo de Tehuantepec, \u00bfplataforma log\u00edstica en M\u00e9xico? - Blog | GPI NEWS\",\"isPartOf\":{\"@id\":\"https:\/\/puertointerior.guanajuato.gob.mx\/blog\/#website\"},\"primaryImageOfPage\":{\"@id\":\"https:\/\/puertointerior.guanajuato.gob.mx\/blog\/2023\/05\/08\/corredor-interoceanico-del-istmo-de-tehuantepec-plataforma-logistica-en-mexico\/#primaryimage\"},\"image\":{\"@id\":\"https:\/\/puertointerior.guanajuato.gob.mx\/blog\/2023\/05\/08\/corredor-interoceanico-del-istmo-de-tehuantepec-plataforma-logistica-en-mexico\/#primaryimage\"},\"thumbnailUrl\":\"https:\/\/puertointerior.guanajuato.gob.mx\/blog\/wp-content\/uploads\/2023\/04\/exportacionesdeguanajuato-524783069-1.jpg\",\"datePublished\":\"2023-05-08T23:12:59+00:00\",\"author\":{\"@id\":\"https:\/\/puertointerior.guanajuato.gob.mx\/blog\/#\/schema\/person\/f4851bb8a48c32d7fba5285caf4ef1c4\"},\"breadcrumb\":{\"@id\":\"https:\/\/puertointerior.guanajuato.gob.mx\/blog\/2023\/05\/08\/corredor-interoceanico-del-istmo-de-tehuantepec-plataforma-logistica-en-mexico\/#breadcrumb\"},\"inLanguage\":\"es\",\"potentialAction\":[{\"@type\":\"ReadAction\",\"target\":[\"https:\/\/puertointerior.guanajuato.gob.mx\/blog\/2023\/05\/08\/corredor-interoceanico-del-istmo-de-tehuantepec-plataforma-logistica-en-mexico\/\"]}]},{\"@type\":\"ImageObject\",\"inLanguage\":\"es\",\"@id\":\"https:\/\/puertointerior.guanajuato.gob.mx\/blog\/2023\/05\/08\/corredor-interoceanico-del-istmo-de-tehuantepec-plataforma-logistica-en-mexico\/#primaryimage\",\"url\":\"https:\/\/puertointerior.guanajuato.gob.mx\/blog\/wp-content\/uploads\/2023\/04\/exportacionesdeguanajuato-524783069-1.jpg\",\"contentUrl\":\"https:\/\/puertointerior.guanajuato.gob.mx\/blog\/wp-content\/uploads\/2023\/04\/exportacionesdeguanajuato-524783069-1.jpg\",\"width\":980,\"height\":569},{\"@type\":\"BreadcrumbList\",\"@id\":\"https:\/\/puertointerior.guanajuato.gob.mx\/blog\/2023\/05\/08\/corredor-interoceanico-del-istmo-de-tehuantepec-plataforma-logistica-en-mexico\/#breadcrumb\",\"itemListElement\":[{\"@type\":\"ListItem\",\"position\":1,\"name\":\"Inicio\",\"item\":\"https:\/\/puertointerior.guanajuato.gob.mx\/blog\/\"},{\"@type\":\"ListItem\",\"position\":2,\"name\":\"Corredor Interoce\u00e1nico del Istmo de Tehuantepec, \u00bfplataforma log\u00edstica en M\u00e9xico?\"}]},{\"@type\":\"WebSite\",\"@id\":\"https:\/\/puertointerior.guanajuato.gob.mx\/blog\/#website\",\"url\":\"https:\/\/puertointerior.guanajuato.gob.mx\/blog\/\",\"name\":\"Blog | GPI NEWS\",\"description\":\"Guanajuato Puerto Interior\",\"potentialAction\":[{\"@type\":\"SearchAction\",\"target\":{\"@type\":\"EntryPoint\",\"urlTemplate\":\"https:\/\/puertointerior.guanajuato.gob.mx\/blog\/?s={search_term_string}\"},\"query-input\":{\"@type\":\"PropertyValueSpecification\",\"valueRequired\":true,\"valueName\":\"search_term_string\"}}],\"inLanguage\":\"es\"},{\"@type\":\"Person\",\"@id\":\"https:\/\/puertointerior.guanajuato.gob.mx\/blog\/#\/schema\/person\/f4851bb8a48c32d7fba5285caf4ef1c4\",\"name\":\"GPI NEWS\",\"image\":{\"@type\":\"ImageObject\",\"inLanguage\":\"es\",\"@id\":\"https:\/\/puertointerior.guanajuato.gob.mx\/blog\/#\/schema\/person\/image\/\",\"url\":\"https:\/\/secure.gravatar.com\/avatar\/612aca53a708cefc5ebe15ab0bc63c51a8ba58563e45c17848fa400e627e2717?s=96&d=mm&r=g\",\"contentUrl\":\"https:\/\/secure.gravatar.com\/avatar\/612aca53a708cefc5ebe15ab0bc63c51a8ba58563e45c17848fa400e627e2717?s=96&d=mm&r=g\",\"caption\":\"GPI NEWS\"},\"url\":\"https:\/\/puertointerior.guanajuato.gob.mx\/blog\/author\/rafa-jacinto\/\"}]}<\/script>\n<!-- \/ Yoast SEO plugin. -->","yoast_head_json":{"title":"Corredor Interoce\u00e1nico del Istmo de Tehuantepec, \u00bfplataforma log\u00edstica en M\u00e9xico? - Blog | GPI NEWS","robots":{"index":"index","follow":"follow","max-snippet":"max-snippet:-1","max-image-preview":"max-image-preview:large","max-video-preview":"max-video-preview:-1"},"canonical":"https:\/\/puertointerior.guanajuato.gob.mx\/blog\/2023\/05\/08\/corredor-interoceanico-del-istmo-de-tehuantepec-plataforma-logistica-en-mexico\/","og_locale":"es_MX","og_type":"article","og_title":"Corredor Interoce\u00e1nico del Istmo de Tehuantepec, \u00bfplataforma log\u00edstica en M\u00e9xico? - Blog | GPI NEWS","og_description":"El Corredor Interoce\u00e1nico de Istmo de Tehuantepec presenta retos que ponen en duda su vaibilidad. El Corredor Interoce\u00e1nico del Istmo de Tehuantepec (CIIT) representa una oportunidad de crecimiento econ\u00f3mico, sin embargo algunos\u00a0especialistas consideran que hay poca claridad en cuanto a la viabilidad para su ejecuci\u00f3n en el corto plazo y convertirse en una plataforma log\u00edstica, [&hellip;]","og_url":"https:\/\/puertointerior.guanajuato.gob.mx\/blog\/2023\/05\/08\/corredor-interoceanico-del-istmo-de-tehuantepec-plataforma-logistica-en-mexico\/","og_site_name":"Blog | GPI NEWS","article_published_time":"2023-05-08T23:12:59+00:00","og_image":[{"width":980,"height":569,"url":"https:\/\/puertointerior.guanajuato.gob.mx\/blog\/wp-content\/uploads\/2023\/04\/exportacionesdeguanajuato-524783069-1.jpg","type":"image\/jpeg"}],"author":"GPI NEWS","twitter_card":"summary_large_image","twitter_misc":{"Escrito por":"GPI NEWS","Tiempo de lectura":"7 minutos"},"schema":{"@context":"https:\/\/schema.org","@graph":[{"@type":"WebPage","@id":"https:\/\/puertointerior.guanajuato.gob.mx\/blog\/2023\/05\/08\/corredor-interoceanico-del-istmo-de-tehuantepec-plataforma-logistica-en-mexico\/","url":"https:\/\/puertointerior.guanajuato.gob.mx\/blog\/2023\/05\/08\/corredor-interoceanico-del-istmo-de-tehuantepec-plataforma-logistica-en-mexico\/","name":"Corredor Interoce\u00e1nico del Istmo de Tehuantepec, \u00bfplataforma log\u00edstica en M\u00e9xico? - Blog | GPI NEWS","isPartOf":{"@id":"https:\/\/puertointerior.guanajuato.gob.mx\/blog\/#website"},"primaryImageOfPage":{"@id":"https:\/\/puertointerior.guanajuato.gob.mx\/blog\/2023\/05\/08\/corredor-interoceanico-del-istmo-de-tehuantepec-plataforma-logistica-en-mexico\/#primaryimage"},"image":{"@id":"https:\/\/puertointerior.guanajuato.gob.mx\/blog\/2023\/05\/08\/corredor-interoceanico-del-istmo-de-tehuantepec-plataforma-logistica-en-mexico\/#primaryimage"},"thumbnailUrl":"https:\/\/puertointerior.guanajuato.gob.mx\/blog\/wp-content\/uploads\/2023\/04\/exportacionesdeguanajuato-524783069-1.jpg","datePublished":"2023-05-08T23:12:59+00:00","author":{"@id":"https:\/\/puertointerior.guanajuato.gob.mx\/blog\/#\/schema\/person\/f4851bb8a48c32d7fba5285caf4ef1c4"},"breadcrumb":{"@id":"https:\/\/puertointerior.guanajuato.gob.mx\/blog\/2023\/05\/08\/corredor-interoceanico-del-istmo-de-tehuantepec-plataforma-logistica-en-mexico\/#breadcrumb"},"inLanguage":"es","potentialAction":[{"@type":"ReadAction","target":["https:\/\/puertointerior.guanajuato.gob.mx\/blog\/2023\/05\/08\/corredor-interoceanico-del-istmo-de-tehuantepec-plataforma-logistica-en-mexico\/"]}]},{"@type":"ImageObject","inLanguage":"es","@id":"https:\/\/puertointerior.guanajuato.gob.mx\/blog\/2023\/05\/08\/corredor-interoceanico-del-istmo-de-tehuantepec-plataforma-logistica-en-mexico\/#primaryimage","url":"https:\/\/puertointerior.guanajuato.gob.mx\/blog\/wp-content\/uploads\/2023\/04\/exportacionesdeguanajuato-524783069-1.jpg","contentUrl":"https:\/\/puertointerior.guanajuato.gob.mx\/blog\/wp-content\/uploads\/2023\/04\/exportacionesdeguanajuato-524783069-1.jpg","width":980,"height":569},{"@type":"BreadcrumbList","@id":"https:\/\/puertointerior.guanajuato.gob.mx\/blog\/2023\/05\/08\/corredor-interoceanico-del-istmo-de-tehuantepec-plataforma-logistica-en-mexico\/#breadcrumb","itemListElement":[{"@type":"ListItem","position":1,"name":"Inicio","item":"https:\/\/puertointerior.guanajuato.gob.mx\/blog\/"},{"@type":"ListItem","position":2,"name":"Corredor Interoce\u00e1nico del Istmo de Tehuantepec, \u00bfplataforma log\u00edstica en M\u00e9xico?"}]},{"@type":"WebSite","@id":"https:\/\/puertointerior.guanajuato.gob.mx\/blog\/#website","url":"https:\/\/puertointerior.guanajuato.gob.mx\/blog\/","name":"Blog | GPI NEWS","description":"Guanajuato Puerto Interior","potentialAction":[{"@type":"SearchAction","target":{"@type":"EntryPoint","urlTemplate":"https:\/\/puertointerior.guanajuato.gob.mx\/blog\/?s={search_term_string}"},"query-input":{"@type":"PropertyValueSpecification","valueRequired":true,"valueName":"search_term_string"}}],"inLanguage":"es"},{"@type":"Person","@id":"https:\/\/puertointerior.guanajuato.gob.mx\/blog\/#\/schema\/person\/f4851bb8a48c32d7fba5285caf4ef1c4","name":"GPI NEWS","image":{"@type":"ImageObject","inLanguage":"es","@id":"https:\/\/puertointerior.guanajuato.gob.mx\/blog\/#\/schema\/person\/image\/","url":"https:\/\/secure.gravatar.com\/avatar\/612aca53a708cefc5ebe15ab0bc63c51a8ba58563e45c17848fa400e627e2717?s=96&d=mm&r=g","contentUrl":"https:\/\/secure.gravatar.com\/avatar\/612aca53a708cefc5ebe15ab0bc63c51a8ba58563e45c17848fa400e627e2717?s=96&d=mm&r=g","caption":"GPI NEWS"},"url":"https:\/\/puertointerior.guanajuato.gob.mx\/blog\/author\/rafa-jacinto\/"}]}},"jetpack_featured_media_url":"https:\/\/puertointerior.guanajuato.gob.mx\/blog\/wp-content\/uploads\/2023\/04\/exportacionesdeguanajuato-524783069-1.jpg","jetpack_sharing_enabled":true,"jetpack_shortlink":"https:\/\/wp.me\/pcnMPA-Yx","_links":{"self":[{"href":"https:\/\/puertointerior.guanajuato.gob.mx\/blog\/wp-json\/wp\/v2\/posts\/3753","targetHints":{"allow":["GET"]}}],"collection":[{"href":"https:\/\/puertointerior.guanajuato.gob.mx\/blog\/wp-json\/wp\/v2\/posts"}],"about":[{"href":"https:\/\/puertointerior.guanajuato.gob.mx\/blog\/wp-json\/wp\/v2\/types\/post"}],"author":[{"embeddable":true,"href":"https:\/\/puertointerior.guanajuato.gob.mx\/blog\/wp-json\/wp\/v2\/users\/2"}],"replies":[{"embeddable":true,"href":"https:\/\/puertointerior.guanajuato.gob.mx\/blog\/wp-json\/wp\/v2\/comments?post=3753"}],"version-history":[{"count":1,"href":"https:\/\/puertointerior.guanajuato.gob.mx\/blog\/wp-json\/wp\/v2\/posts\/3753\/revisions"}],"predecessor-version":[{"id":3754,"href":"https:\/\/puertointerior.guanajuato.gob.mx\/blog\/wp-json\/wp\/v2\/posts\/3753\/revisions\/3754"}],"wp:featuredmedia":[{"embeddable":true,"href":"https:\/\/puertointerior.guanajuato.gob.mx\/blog\/wp-json\/wp\/v2\/media\/3223"}],"wp:attachment":[{"href":"https:\/\/puertointerior.guanajuato.gob.mx\/blog\/wp-json\/wp\/v2\/media?parent=3753"}],"wp:term":[{"taxonomy":"category","embeddable":true,"href":"https:\/\/puertointerior.guanajuato.gob.mx\/blog\/wp-json\/wp\/v2\/categories?post=3753"},{"taxonomy":"post_tag","embeddable":true,"href":"https:\/\/puertointerior.guanajuato.gob.mx\/blog\/wp-json\/wp\/v2\/tags?post=3753"}],"curies":[{"name":"wp","href":"https:\/\/api.w.org\/{rel}","templated":true}]}}