{"id":5048,"date":"2023-07-15T00:22:23","date_gmt":"2023-07-15T05:22:23","guid":{"rendered":"https:\/\/puertointerior.guanajuato.gob.mx\/blog\/?p=5048"},"modified":"2023-07-15T00:22:23","modified_gmt":"2023-07-15T05:22:23","slug":"la-produccion-de-vehiculos-esta-a-punto-de-regresar-a-los-niveles-de-2019","status":"publish","type":"post","link":"https:\/\/puertointerior.guanajuato.gob.mx\/blog\/2023\/07\/15\/la-produccion-de-vehiculos-esta-a-punto-de-regresar-a-los-niveles-de-2019\/","title":{"rendered":"La producci\u00f3n de veh\u00edculos est\u00e1 a punto de regresar a los niveles de 2019"},"content":{"rendered":"<p>De las 13 armadoras que reportan sus vol\u00famenes de producci\u00f3n al Inegi, solamente dos tuvieron disminuciones en el acumulado de producci\u00f3n semestral. BMW y Mazda registraron crecimientos mayores a 50%.<\/p>\n<div class=\"BlocksPage-byline\">\n<div class=\"BlocksPage-byline\">zuara De Luna<\/div>\n<div class=\"BlocksPage-authorSocial\">@tzuaradeluna<\/div>\n<\/div>\n<div class=\"BlockWrap\">\n<article class=\"first-block\">Los fabricantes de autom\u00f3viles en M\u00e9xico cerraron el primer semestre del a\u00f1o con una perspectiva positiva. La producci\u00f3n de unidades nuevas estuvo a solo un 5.4% de alcanzar los niveles de 2019, previos a la llegada de la contingencia sanitaria al pa\u00eds. Este dato crea un ambiente alentador para el cierre del a\u00f1o.El hecho de que la capacidad utilizada de las planta ya supere los niveles anteriores a la pandemia parece ser el principal impulsor de las perspectivas positivas. En lo que va del a\u00f1o, las plantas operan a un 87% de su capacidad instalada, superando el 84.1% registrado antes de la contingencia sanitaria.<\/p>\n<blockquote><p>&#8220;Hemos estado ligeramente por encima durante todo este a\u00f1o, e incluso un poco m\u00e1s en abril. Esto tambi\u00e9n indica que nuestra actividad se est\u00e1 consolidando&#8221;, dijo Odracir Barquera, director de la Asociaci\u00f3n Mexicana de la Industria Automotriz (AMIA).<\/p><\/blockquote>\n<p>Esto contribuye a que las previsiones del sector indiquen que la producci\u00f3n de este a\u00f1o podr\u00eda haber superado la &#8220;tormenta perfecta&#8221; que la industria enfrent\u00f3 durante m\u00e1s de dos a\u00f1os, especialmente debido a la escasez de semiconductores, que fue uno de los principales dolores de cabeza del sector tras la reapertura de las plantas, a mediados de 2020.<\/p>\n<p><b>BMW y Mazda\u00a0<\/b>registraron los avances m\u00e1s significativos en volumen de producci\u00f3n. El complejo de la firma alemana, ubicado en San Luis Potos\u00ed, ensambl\u00f3 54,641 unidades en el primer semestre, lo que representa un alza de 87.7% en comparaci\u00f3n con el mismo per\u00edodo del a\u00f1o anterior, seg\u00fan datos del Instituto Nacional de Estad\u00edstica y Geograf\u00eda (Inegi).<\/p>\n<p>En segundo lugar se encuentra la japonesa Mazda, con un total de 103,798 unidades ensambladas, lo que representa un incremento del 66.1%.<\/p>\n<p>De las 13 armadoras que reportan sus vol\u00famenes de producci\u00f3n al Inegi, solamente dos tuvieron disminuciones en el acumulado de producci\u00f3n semestral:\u00a0<b>Mercedes-Benz<\/b>\u00a0report\u00f3 un retroceso de 34.8% y s\u00f3lo ensambl\u00f3 33,380 unidades en el periodo; mientras que\u00a0<b>General Motors<\/b>\u00a0registr\u00f3 una ligera disminuci\u00f3n de 2.1%.<\/p>\n<p>El director de la Asociaci\u00f3n Mexicana de la Industria Automotriz dijo en una conferencia de prensa realizada esta semana que los resultados de junio -331,707 unidades ensambladas-, significaron &#8220;una notoria mejor\u00eda&#8221; frente al panorama de los \u00faltimos tres a\u00f1os, acortando la brecha con las cifras previas a la crisis sanitaria.<\/p>\n<blockquote><p>\u201cEs importante resaltar que, en t\u00e9rminos de producci\u00f3n en este mes de junio estamos ya a solamente 11,000 unidades por debajo de la producci\u00f3n reportada en junio de 2019\u201d, asever\u00f3.<\/p><\/blockquote>\n<p>Desde la perspectiva de Guillermo Rosales, presidente de la Asociaci\u00f3n Mexicana de Distribuidores de Automotores (AMDA), esto contribuir\u00e1 a que los precios de los veh\u00edculos dejen de aumentar al mismo ritmo que en los \u00faltimos dos a\u00f1os.<\/p>\n<blockquote><p>\u201cLa perspectiva de que en los meses subsecuentes veremos con menores tasas de incremento, pues la normalizaci\u00f3n en los niveles de producci\u00f3n ha hecho posible este comportamiento\u201d, agreg\u00f3.<\/p><\/blockquote>\n<h2 class=\"cms-Subtitulos-Subtitulo1\">Las exportaciones se recuperan a ritmo m\u00e1s lento<\/h2>\n<p>Las exportaciones de autom\u00f3viles no han experimentado la misma mejor\u00eda que la producci\u00f3n. Durante el primer semestre, se enviaron al exterior un total de 1,560,206 unidades, lo que representa una disminuci\u00f3n del 11.7%, en comparaci\u00f3n con el mismo per\u00edodo de 2019. El resultado tampoco es alentador al examinar \u00fanicamente el mes de junio, que se encuentra un 12.6% por debajo.<\/p>\n<blockquote><p>\u201cEn junio quedamos 40,000 unidades debajo de 2019, pero en el agregado del semestre estamos 200,000 unidades abajo&#8230; Esperamos llegar a final de este a\u00f1o a un dato por lo menos previo a la pandemia, si no es que mayor\u201d, dijo Barquera.<\/p><\/blockquote>\n<h2 class=\"cms-Subtitulos-Subtitulo1\">Mejora el pron\u00f3stico para la producci\u00f3n de autopartes<\/h2>\n<p>Las perspectivas positivas tambi\u00e9n han alcanzado al sector de autopartes, que por tercera vez en el a\u00f1o ha mejorado sus proyecciones anuales.<\/p>\n<p>Durante su primer evento como director de la Industria Nacional de Autopartes (INA), Armando Cort\u00e9s destac\u00f3 que el organismo aument\u00f3 su previsi\u00f3n del valor de la producci\u00f3n para este a\u00f1o, pasando de 110,000 a 115,000 millones de d\u00f3lares.<\/p>\n<p>Cort\u00e9s explic\u00f3 que la industria de autopartes es principalmente una industria de exportaci\u00f3n, con Estados Unidos como su principal mercado. El aumento en el nuevo pron\u00f3stico de producci\u00f3n de autopartes se debe al dinamismo de la industria en Estados Unidos.<\/p>\n<blockquote><p>&#8220;Existe un dinamismo impulsado por el gasto realizado por los hogares estadounidenses para la adquisici\u00f3n de veh\u00edculos nuevos tras la pandemia, lo cual est\u00e1 generando un mayor desempe\u00f1o en el sector automotriz de Estados Unidos en este momento. Esto tiene un impacto muy positivo en el progreso de la industria de autopartes que opera en M\u00e9xico. Atribuimos este crecimiento principalmente a esta situaci\u00f3n, as\u00ed como al buen desempe\u00f1o que tambi\u00e9n se est\u00e1 observando en las ventas nacionales&#8221;, dijo Cort\u00e9s.<\/p><\/blockquote>\n<p>Publicado originalmente por:\u00a0<a href=\"https:\/\/expansion.mx\/empresas\/2023\/07\/12\/produccion-vehiculos-mexico-cerca-niveles-previos-pandemia\">https:\/\/expansion.mx\/empresas\/2023\/07\/12\/produccion-vehiculos-mexico-cerca-niveles-previos-pandemia<\/a><\/p>\n<\/article>\n<\/div>\n","protected":false},"excerpt":{"rendered":"<p>De las 13 armadoras que reportan sus vol\u00famenes de producci\u00f3n al Inegi, solamente dos tuvieron disminuciones en el acumulado de producci\u00f3n semestral. BMW y Mazda registraron crecimientos mayores a 50%. zuara De Luna @tzuaradeluna Los fabricantes de autom\u00f3viles en M\u00e9xico cerraron el primer semestre del a\u00f1o con una perspectiva positiva. La producci\u00f3n de unidades nuevas [&hellip;]<\/p>\n","protected":false},"author":2,"featured_media":5105,"comment_status":"closed","ping_status":"open","sticky":false,"template":"","format":"standard","meta":{"jetpack_post_was_ever_published":false,"_jetpack_newsletter_access":"","_jetpack_dont_email_post_to_subs":false,"_jetpack_newsletter_tier_id":0,"_jetpack_memberships_contains_paywalled_content":false,"_jetpack_memberships_contains_paid_content":false,"footnotes":""},"categories":[20],"tags":[],"class_list":["post-5048","post","type-post","status-publish","format-standard","has-post-thumbnail","hentry","category-economic-development"],"yoast_head":"<!-- This site is optimized with the Yoast SEO plugin v25.7 - https:\/\/yoast.com\/wordpress\/plugins\/seo\/ -->\n<title>La producci\u00f3n de veh\u00edculos est\u00e1 a punto de regresar a los niveles de 2019 - Blog | GPI NEWS<\/title>\n<meta name=\"robots\" content=\"index, follow, max-snippet:-1, max-image-preview:large, max-video-preview:-1\" \/>\n<link rel=\"canonical\" href=\"https:\/\/puertointerior.guanajuato.gob.mx\/blog\/2023\/07\/15\/la-produccion-de-vehiculos-esta-a-punto-de-regresar-a-los-niveles-de-2019\/\" \/>\n<meta property=\"og:locale\" content=\"es_MX\" \/>\n<meta property=\"og:type\" content=\"article\" \/>\n<meta property=\"og:title\" content=\"La producci\u00f3n de veh\u00edculos est\u00e1 a punto de regresar a los niveles de 2019 - Blog | GPI NEWS\" \/>\n<meta property=\"og:description\" content=\"De las 13 armadoras que reportan sus vol\u00famenes de producci\u00f3n al Inegi, solamente dos tuvieron disminuciones en el acumulado de producci\u00f3n semestral. BMW y Mazda registraron crecimientos mayores a 50%. zuara De Luna @tzuaradeluna Los fabricantes de autom\u00f3viles en M\u00e9xico cerraron el primer semestre del a\u00f1o con una perspectiva positiva. La producci\u00f3n de unidades nuevas [&hellip;]\" \/>\n<meta property=\"og:url\" content=\"https:\/\/puertointerior.guanajuato.gob.mx\/blog\/2023\/07\/15\/la-produccion-de-vehiculos-esta-a-punto-de-regresar-a-los-niveles-de-2019\/\" \/>\n<meta property=\"og:site_name\" content=\"Blog | GPI NEWS\" \/>\n<meta property=\"article:published_time\" content=\"2023-07-15T05:22:23+00:00\" \/>\n<meta property=\"og:image\" content=\"https:\/\/puertointerior.guanajuato.gob.mx\/blog\/wp-content\/uploads\/2023\/07\/descarga-13.jpg\" \/>\n\t<meta property=\"og:image:width\" content=\"1800\" \/>\n\t<meta property=\"og:image:height\" content=\"1200\" \/>\n\t<meta property=\"og:image:type\" content=\"image\/jpeg\" \/>\n<meta name=\"author\" content=\"GPI NEWS\" \/>\n<meta name=\"twitter:card\" content=\"summary_large_image\" \/>\n<meta name=\"twitter:label1\" content=\"Escrito por\" \/>\n\t<meta name=\"twitter:data1\" content=\"GPI NEWS\" \/>\n\t<meta name=\"twitter:label2\" content=\"Tiempo de lectura\" \/>\n\t<meta name=\"twitter:data2\" content=\"4 minutos\" \/>\n<script type=\"application\/ld+json\" class=\"yoast-schema-graph\">{\"@context\":\"https:\/\/schema.org\",\"@graph\":[{\"@type\":\"WebPage\",\"@id\":\"https:\/\/puertointerior.guanajuato.gob.mx\/blog\/2023\/07\/15\/la-produccion-de-vehiculos-esta-a-punto-de-regresar-a-los-niveles-de-2019\/\",\"url\":\"https:\/\/puertointerior.guanajuato.gob.mx\/blog\/2023\/07\/15\/la-produccion-de-vehiculos-esta-a-punto-de-regresar-a-los-niveles-de-2019\/\",\"name\":\"La producci\u00f3n de veh\u00edculos est\u00e1 a punto de regresar a los niveles de 2019 - Blog | GPI NEWS\",\"isPartOf\":{\"@id\":\"https:\/\/puertointerior.guanajuato.gob.mx\/blog\/#website\"},\"primaryImageOfPage\":{\"@id\":\"https:\/\/puertointerior.guanajuato.gob.mx\/blog\/2023\/07\/15\/la-produccion-de-vehiculos-esta-a-punto-de-regresar-a-los-niveles-de-2019\/#primaryimage\"},\"image\":{\"@id\":\"https:\/\/puertointerior.guanajuato.gob.mx\/blog\/2023\/07\/15\/la-produccion-de-vehiculos-esta-a-punto-de-regresar-a-los-niveles-de-2019\/#primaryimage\"},\"thumbnailUrl\":\"https:\/\/puertointerior.guanajuato.gob.mx\/blog\/wp-content\/uploads\/2023\/07\/descarga-13.jpg\",\"datePublished\":\"2023-07-15T05:22:23+00:00\",\"author\":{\"@id\":\"https:\/\/puertointerior.guanajuato.gob.mx\/blog\/#\/schema\/person\/f4851bb8a48c32d7fba5285caf4ef1c4\"},\"breadcrumb\":{\"@id\":\"https:\/\/puertointerior.guanajuato.gob.mx\/blog\/2023\/07\/15\/la-produccion-de-vehiculos-esta-a-punto-de-regresar-a-los-niveles-de-2019\/#breadcrumb\"},\"inLanguage\":\"es\",\"potentialAction\":[{\"@type\":\"ReadAction\",\"target\":[\"https:\/\/puertointerior.guanajuato.gob.mx\/blog\/2023\/07\/15\/la-produccion-de-vehiculos-esta-a-punto-de-regresar-a-los-niveles-de-2019\/\"]}]},{\"@type\":\"ImageObject\",\"inLanguage\":\"es\",\"@id\":\"https:\/\/puertointerior.guanajuato.gob.mx\/blog\/2023\/07\/15\/la-produccion-de-vehiculos-esta-a-punto-de-regresar-a-los-niveles-de-2019\/#primaryimage\",\"url\":\"https:\/\/puertointerior.guanajuato.gob.mx\/blog\/wp-content\/uploads\/2023\/07\/descarga-13.jpg\",\"contentUrl\":\"https:\/\/puertointerior.guanajuato.gob.mx\/blog\/wp-content\/uploads\/2023\/07\/descarga-13.jpg\",\"width\":1800,\"height\":1200},{\"@type\":\"BreadcrumbList\",\"@id\":\"https:\/\/puertointerior.guanajuato.gob.mx\/blog\/2023\/07\/15\/la-produccion-de-vehiculos-esta-a-punto-de-regresar-a-los-niveles-de-2019\/#breadcrumb\",\"itemListElement\":[{\"@type\":\"ListItem\",\"position\":1,\"name\":\"Inicio\",\"item\":\"https:\/\/puertointerior.guanajuato.gob.mx\/blog\/\"},{\"@type\":\"ListItem\",\"position\":2,\"name\":\"La producci\u00f3n de veh\u00edculos est\u00e1 a punto de regresar a los niveles de 2019\"}]},{\"@type\":\"WebSite\",\"@id\":\"https:\/\/puertointerior.guanajuato.gob.mx\/blog\/#website\",\"url\":\"https:\/\/puertointerior.guanajuato.gob.mx\/blog\/\",\"name\":\"Blog | GPI NEWS\",\"description\":\"Guanajuato Puerto Interior\",\"potentialAction\":[{\"@type\":\"SearchAction\",\"target\":{\"@type\":\"EntryPoint\",\"urlTemplate\":\"https:\/\/puertointerior.guanajuato.gob.mx\/blog\/?s={search_term_string}\"},\"query-input\":{\"@type\":\"PropertyValueSpecification\",\"valueRequired\":true,\"valueName\":\"search_term_string\"}}],\"inLanguage\":\"es\"},{\"@type\":\"Person\",\"@id\":\"https:\/\/puertointerior.guanajuato.gob.mx\/blog\/#\/schema\/person\/f4851bb8a48c32d7fba5285caf4ef1c4\",\"name\":\"GPI NEWS\",\"image\":{\"@type\":\"ImageObject\",\"inLanguage\":\"es\",\"@id\":\"https:\/\/puertointerior.guanajuato.gob.mx\/blog\/#\/schema\/person\/image\/\",\"url\":\"https:\/\/secure.gravatar.com\/avatar\/612aca53a708cefc5ebe15ab0bc63c51a8ba58563e45c17848fa400e627e2717?s=96&d=mm&r=g\",\"contentUrl\":\"https:\/\/secure.gravatar.com\/avatar\/612aca53a708cefc5ebe15ab0bc63c51a8ba58563e45c17848fa400e627e2717?s=96&d=mm&r=g\",\"caption\":\"GPI NEWS\"},\"url\":\"https:\/\/puertointerior.guanajuato.gob.mx\/blog\/author\/rafa-jacinto\/\"}]}<\/script>\n<!-- \/ Yoast SEO plugin. -->","yoast_head_json":{"title":"La producci\u00f3n de veh\u00edculos est\u00e1 a punto de regresar a los niveles de 2019 - Blog | GPI NEWS","robots":{"index":"index","follow":"follow","max-snippet":"max-snippet:-1","max-image-preview":"max-image-preview:large","max-video-preview":"max-video-preview:-1"},"canonical":"https:\/\/puertointerior.guanajuato.gob.mx\/blog\/2023\/07\/15\/la-produccion-de-vehiculos-esta-a-punto-de-regresar-a-los-niveles-de-2019\/","og_locale":"es_MX","og_type":"article","og_title":"La producci\u00f3n de veh\u00edculos est\u00e1 a punto de regresar a los niveles de 2019 - Blog | GPI NEWS","og_description":"De las 13 armadoras que reportan sus vol\u00famenes de producci\u00f3n al Inegi, solamente dos tuvieron disminuciones en el acumulado de producci\u00f3n semestral. BMW y Mazda registraron crecimientos mayores a 50%. zuara De Luna @tzuaradeluna Los fabricantes de autom\u00f3viles en M\u00e9xico cerraron el primer semestre del a\u00f1o con una perspectiva positiva. La producci\u00f3n de unidades nuevas [&hellip;]","og_url":"https:\/\/puertointerior.guanajuato.gob.mx\/blog\/2023\/07\/15\/la-produccion-de-vehiculos-esta-a-punto-de-regresar-a-los-niveles-de-2019\/","og_site_name":"Blog | GPI NEWS","article_published_time":"2023-07-15T05:22:23+00:00","og_image":[{"width":1800,"height":1200,"url":"https:\/\/puertointerior.guanajuato.gob.mx\/blog\/wp-content\/uploads\/2023\/07\/descarga-13.jpg","type":"image\/jpeg"}],"author":"GPI NEWS","twitter_card":"summary_large_image","twitter_misc":{"Escrito por":"GPI NEWS","Tiempo de lectura":"4 minutos"},"schema":{"@context":"https:\/\/schema.org","@graph":[{"@type":"WebPage","@id":"https:\/\/puertointerior.guanajuato.gob.mx\/blog\/2023\/07\/15\/la-produccion-de-vehiculos-esta-a-punto-de-regresar-a-los-niveles-de-2019\/","url":"https:\/\/puertointerior.guanajuato.gob.mx\/blog\/2023\/07\/15\/la-produccion-de-vehiculos-esta-a-punto-de-regresar-a-los-niveles-de-2019\/","name":"La producci\u00f3n de veh\u00edculos est\u00e1 a punto de regresar a los niveles de 2019 - Blog | GPI NEWS","isPartOf":{"@id":"https:\/\/puertointerior.guanajuato.gob.mx\/blog\/#website"},"primaryImageOfPage":{"@id":"https:\/\/puertointerior.guanajuato.gob.mx\/blog\/2023\/07\/15\/la-produccion-de-vehiculos-esta-a-punto-de-regresar-a-los-niveles-de-2019\/#primaryimage"},"image":{"@id":"https:\/\/puertointerior.guanajuato.gob.mx\/blog\/2023\/07\/15\/la-produccion-de-vehiculos-esta-a-punto-de-regresar-a-los-niveles-de-2019\/#primaryimage"},"thumbnailUrl":"https:\/\/puertointerior.guanajuato.gob.mx\/blog\/wp-content\/uploads\/2023\/07\/descarga-13.jpg","datePublished":"2023-07-15T05:22:23+00:00","author":{"@id":"https:\/\/puertointerior.guanajuato.gob.mx\/blog\/#\/schema\/person\/f4851bb8a48c32d7fba5285caf4ef1c4"},"breadcrumb":{"@id":"https:\/\/puertointerior.guanajuato.gob.mx\/blog\/2023\/07\/15\/la-produccion-de-vehiculos-esta-a-punto-de-regresar-a-los-niveles-de-2019\/#breadcrumb"},"inLanguage":"es","potentialAction":[{"@type":"ReadAction","target":["https:\/\/puertointerior.guanajuato.gob.mx\/blog\/2023\/07\/15\/la-produccion-de-vehiculos-esta-a-punto-de-regresar-a-los-niveles-de-2019\/"]}]},{"@type":"ImageObject","inLanguage":"es","@id":"https:\/\/puertointerior.guanajuato.gob.mx\/blog\/2023\/07\/15\/la-produccion-de-vehiculos-esta-a-punto-de-regresar-a-los-niveles-de-2019\/#primaryimage","url":"https:\/\/puertointerior.guanajuato.gob.mx\/blog\/wp-content\/uploads\/2023\/07\/descarga-13.jpg","contentUrl":"https:\/\/puertointerior.guanajuato.gob.mx\/blog\/wp-content\/uploads\/2023\/07\/descarga-13.jpg","width":1800,"height":1200},{"@type":"BreadcrumbList","@id":"https:\/\/puertointerior.guanajuato.gob.mx\/blog\/2023\/07\/15\/la-produccion-de-vehiculos-esta-a-punto-de-regresar-a-los-niveles-de-2019\/#breadcrumb","itemListElement":[{"@type":"ListItem","position":1,"name":"Inicio","item":"https:\/\/puertointerior.guanajuato.gob.mx\/blog\/"},{"@type":"ListItem","position":2,"name":"La producci\u00f3n de veh\u00edculos est\u00e1 a punto de regresar a los niveles de 2019"}]},{"@type":"WebSite","@id":"https:\/\/puertointerior.guanajuato.gob.mx\/blog\/#website","url":"https:\/\/puertointerior.guanajuato.gob.mx\/blog\/","name":"Blog | GPI NEWS","description":"Guanajuato Puerto Interior","potentialAction":[{"@type":"SearchAction","target":{"@type":"EntryPoint","urlTemplate":"https:\/\/puertointerior.guanajuato.gob.mx\/blog\/?s={search_term_string}"},"query-input":{"@type":"PropertyValueSpecification","valueRequired":true,"valueName":"search_term_string"}}],"inLanguage":"es"},{"@type":"Person","@id":"https:\/\/puertointerior.guanajuato.gob.mx\/blog\/#\/schema\/person\/f4851bb8a48c32d7fba5285caf4ef1c4","name":"GPI NEWS","image":{"@type":"ImageObject","inLanguage":"es","@id":"https:\/\/puertointerior.guanajuato.gob.mx\/blog\/#\/schema\/person\/image\/","url":"https:\/\/secure.gravatar.com\/avatar\/612aca53a708cefc5ebe15ab0bc63c51a8ba58563e45c17848fa400e627e2717?s=96&d=mm&r=g","contentUrl":"https:\/\/secure.gravatar.com\/avatar\/612aca53a708cefc5ebe15ab0bc63c51a8ba58563e45c17848fa400e627e2717?s=96&d=mm&r=g","caption":"GPI NEWS"},"url":"https:\/\/puertointerior.guanajuato.gob.mx\/blog\/author\/rafa-jacinto\/"}]}},"jetpack_featured_media_url":"https:\/\/puertointerior.guanajuato.gob.mx\/blog\/wp-content\/uploads\/2023\/07\/descarga-13.jpg","jetpack_sharing_enabled":true,"jetpack_shortlink":"https:\/\/wp.me\/pcnMPA-1jq","_links":{"self":[{"href":"https:\/\/puertointerior.guanajuato.gob.mx\/blog\/wp-json\/wp\/v2\/posts\/5048","targetHints":{"allow":["GET"]}}],"collection":[{"href":"https:\/\/puertointerior.guanajuato.gob.mx\/blog\/wp-json\/wp\/v2\/posts"}],"about":[{"href":"https:\/\/puertointerior.guanajuato.gob.mx\/blog\/wp-json\/wp\/v2\/types\/post"}],"author":[{"embeddable":true,"href":"https:\/\/puertointerior.guanajuato.gob.mx\/blog\/wp-json\/wp\/v2\/users\/2"}],"replies":[{"embeddable":true,"href":"https:\/\/puertointerior.guanajuato.gob.mx\/blog\/wp-json\/wp\/v2\/comments?post=5048"}],"version-history":[{"count":2,"href":"https:\/\/puertointerior.guanajuato.gob.mx\/blog\/wp-json\/wp\/v2\/posts\/5048\/revisions"}],"predecessor-version":[{"id":5050,"href":"https:\/\/puertointerior.guanajuato.gob.mx\/blog\/wp-json\/wp\/v2\/posts\/5048\/revisions\/5050"}],"wp:featuredmedia":[{"embeddable":true,"href":"https:\/\/puertointerior.guanajuato.gob.mx\/blog\/wp-json\/wp\/v2\/media\/5105"}],"wp:attachment":[{"href":"https:\/\/puertointerior.guanajuato.gob.mx\/blog\/wp-json\/wp\/v2\/media?parent=5048"}],"wp:term":[{"taxonomy":"category","embeddable":true,"href":"https:\/\/puertointerior.guanajuato.gob.mx\/blog\/wp-json\/wp\/v2\/categories?post=5048"},{"taxonomy":"post_tag","embeddable":true,"href":"https:\/\/puertointerior.guanajuato.gob.mx\/blog\/wp-json\/wp\/v2\/tags?post=5048"}],"curies":[{"name":"wp","href":"https:\/\/api.w.org\/{rel}","templated":true}]}}