{"id":750,"date":"2020-09-09T14:50:29","date_gmt":"2020-09-09T20:50:29","guid":{"rendered":"https:\/\/puertointerior.guanajuato.gob.mx\/blog\/?p=750"},"modified":"2020-09-09T15:29:23","modified_gmt":"2020-09-09T21:29:23","slug":"gm-y-honda-forman-alianza-en-norteamerica-para-desarrollo-conjunto-de-vehiculos","status":"publish","type":"post","link":"https:\/\/puertointerior.guanajuato.gob.mx\/blog\/2020\/09\/09\/gm-y-honda-forman-alianza-en-norteamerica-para-desarrollo-conjunto-de-vehiculos\/","title":{"rendered":"GM y Honda forman alianza en Norteam\u00e9rica para desarrollo conjunto de veh\u00edculos."},"content":{"rendered":"<p style=\"font-weight: 400;\">La presi\u00f3n por compartir tecnolog\u00edas y bajar costos impuls\u00f3 a Honda y General Motors a profundizar en su relaci\u00f3n. Ahora, los OEM desarrollar\u00e1n autos en conjunto para la regi\u00f3n de Norteam\u00e9rica.<i><\/i><\/p>\n<p style=\"font-weight: 400;\">Reci\u00e9n anunciada el 3 de septiembre, la alianza entre General Motors y Honda en Norteam\u00e9rica les permitir\u00e1 a los fabricantes compartir plataformas de veh\u00edculos, tanto para autos electrificados como de combusti\u00f3n interna.<\/p>\n<p style=\"font-weight: 400;\">Seg\u00fan informaci\u00f3n de Reuters, la alianza podr\u00eda ayudar a los fabricantes a ahorrar miles de millones de d\u00f3lares en desarrollo de veh\u00edculos en la regi\u00f3n tan pronto como en 2021, aunque faltan acuerdos definitivos sobre dicha alianza.<\/p>\n<p style=\"font-weight: 400;\">La colaboraci\u00f3n entre ambas ya estaba presente en proyectos como Cruise, el negocio de veh\u00edculos aut\u00f3nomos de GM financiado en parte por Honda. Esta tendencia de colaboraci\u00f3n hacia una industria del auto el\u00e9ctrico y aut\u00f3nomo va en aumento en los \u00faltimos a\u00f1os.<\/p>\n<p style=\"font-weight: 400;\">Los desarrollos que se den a partir de esta alianza ser\u00e1n ben\u00e9ficos para Honda ya que la regi\u00f3n es su mercado m\u00e1s importante a nivel global, y el segundo para GM despu\u00e9s de China.<\/p>\n<p>&nbsp;<\/p>\n<p>Publicado originalmente en <a href=\"https:\/\/www.clusterindustrial.com.mx\/noticia\/2538\/gm-y-honda-forman-alianza-en-norteamerica-para-desarrollo-conjunto-de-vehiculos\">Cluster Industrial.<\/a><\/p>\n","protected":false},"excerpt":{"rendered":"<p>La presi\u00f3n por compartir tecnolog\u00edas y bajar costos impuls\u00f3 a Honda y General Motors a profundizar en su relaci\u00f3n. Ahora, los OEM desarrollar\u00e1n autos en conjunto para la regi\u00f3n de Norteam\u00e9rica.<\/p>\n","protected":false},"author":4,"featured_media":751,"comment_status":"open","ping_status":"open","sticky":false,"template":"","format":"standard","meta":{"jetpack_post_was_ever_published":false,"_jetpack_newsletter_access":"","_jetpack_dont_email_post_to_subs":false,"_jetpack_newsletter_tier_id":0,"_jetpack_memberships_contains_paywalled_content":false,"_jetpack_memberships_contains_paid_content":false,"footnotes":""},"categories":[4],"tags":[],"class_list":["post-750","post","type-post","status-publish","format-standard","has-post-thumbnail","hentry","category-logistics"],"yoast_head":"<!-- This site is optimized with the Yoast SEO plugin v25.7 - https:\/\/yoast.com\/wordpress\/plugins\/seo\/ -->\n<title>GM y Honda forman alianza en Norteam\u00e9rica para desarrollo conjunto de veh\u00edculos. - Blog | GPI NEWS<\/title>\n<meta name=\"robots\" content=\"index, follow, max-snippet:-1, max-image-preview:large, max-video-preview:-1\" \/>\n<link rel=\"canonical\" href=\"https:\/\/puertointerior.guanajuato.gob.mx\/blog\/2020\/09\/09\/gm-y-honda-forman-alianza-en-norteamerica-para-desarrollo-conjunto-de-vehiculos\/\" \/>\n<meta property=\"og:locale\" content=\"es_MX\" \/>\n<meta property=\"og:type\" content=\"article\" \/>\n<meta property=\"og:title\" content=\"GM y Honda forman alianza en Norteam\u00e9rica para desarrollo conjunto de veh\u00edculos. - Blog | GPI NEWS\" \/>\n<meta property=\"og:description\" content=\"La presi\u00f3n por compartir tecnolog\u00edas y bajar costos impuls\u00f3 a Honda y General Motors a profundizar en su relaci\u00f3n. Ahora, los OEM desarrollar\u00e1n autos en conjunto para la regi\u00f3n de Norteam\u00e9rica.\" \/>\n<meta property=\"og:url\" content=\"https:\/\/puertointerior.guanajuato.gob.mx\/blog\/2020\/09\/09\/gm-y-honda-forman-alianza-en-norteamerica-para-desarrollo-conjunto-de-vehiculos\/\" \/>\n<meta property=\"og:site_name\" content=\"Blog | GPI NEWS\" \/>\n<meta property=\"article:published_time\" content=\"2020-09-09T20:50:29+00:00\" \/>\n<meta property=\"article:modified_time\" content=\"2020-09-09T21:29:23+00:00\" \/>\n<meta property=\"og:image\" content=\"https:\/\/puertointerior.guanajuato.gob.mx\/blog\/wp-content\/uploads\/2020\/09\/Cc_IMG_GMyHondaformanalianzaenNorteamricaparadesarrolloconjuntodevehculos_1486.jpg\" \/>\n\t<meta property=\"og:image:width\" content=\"958\" \/>\n\t<meta property=\"og:image:height\" content=\"538\" \/>\n\t<meta property=\"og:image:type\" content=\"image\/jpeg\" \/>\n<meta name=\"twitter:card\" content=\"summary_large_image\" \/>\n<meta name=\"twitter:label1\" content=\"Escrito por\" \/>\n\t<meta name=\"twitter:data1\" content=\"\" \/>\n\t<meta name=\"twitter:label2\" content=\"Tiempo de lectura\" \/>\n\t<meta name=\"twitter:data2\" content=\"1 minuto\" \/>\n<script type=\"application\/ld+json\" class=\"yoast-schema-graph\">{\"@context\":\"https:\/\/schema.org\",\"@graph\":[{\"@type\":\"WebPage\",\"@id\":\"https:\/\/puertointerior.guanajuato.gob.mx\/blog\/2020\/09\/09\/gm-y-honda-forman-alianza-en-norteamerica-para-desarrollo-conjunto-de-vehiculos\/\",\"url\":\"https:\/\/puertointerior.guanajuato.gob.mx\/blog\/2020\/09\/09\/gm-y-honda-forman-alianza-en-norteamerica-para-desarrollo-conjunto-de-vehiculos\/\",\"name\":\"GM y Honda forman alianza en Norteam\u00e9rica para desarrollo conjunto de veh\u00edculos. - Blog | GPI NEWS\",\"isPartOf\":{\"@id\":\"https:\/\/puertointerior.guanajuato.gob.mx\/blog\/#website\"},\"primaryImageOfPage\":{\"@id\":\"https:\/\/puertointerior.guanajuato.gob.mx\/blog\/2020\/09\/09\/gm-y-honda-forman-alianza-en-norteamerica-para-desarrollo-conjunto-de-vehiculos\/#primaryimage\"},\"image\":{\"@id\":\"https:\/\/puertointerior.guanajuato.gob.mx\/blog\/2020\/09\/09\/gm-y-honda-forman-alianza-en-norteamerica-para-desarrollo-conjunto-de-vehiculos\/#primaryimage\"},\"thumbnailUrl\":\"https:\/\/puertointerior.guanajuato.gob.mx\/blog\/wp-content\/uploads\/2020\/09\/Cc_IMG_GMyHondaformanalianzaenNorteamricaparadesarrolloconjuntodevehculos_1486.jpg\",\"datePublished\":\"2020-09-09T20:50:29+00:00\",\"dateModified\":\"2020-09-09T21:29:23+00:00\",\"author\":{\"@id\":\"\"},\"breadcrumb\":{\"@id\":\"https:\/\/puertointerior.guanajuato.gob.mx\/blog\/2020\/09\/09\/gm-y-honda-forman-alianza-en-norteamerica-para-desarrollo-conjunto-de-vehiculos\/#breadcrumb\"},\"inLanguage\":\"es\",\"potentialAction\":[{\"@type\":\"ReadAction\",\"target\":[\"https:\/\/puertointerior.guanajuato.gob.mx\/blog\/2020\/09\/09\/gm-y-honda-forman-alianza-en-norteamerica-para-desarrollo-conjunto-de-vehiculos\/\"]}]},{\"@type\":\"ImageObject\",\"inLanguage\":\"es\",\"@id\":\"https:\/\/puertointerior.guanajuato.gob.mx\/blog\/2020\/09\/09\/gm-y-honda-forman-alianza-en-norteamerica-para-desarrollo-conjunto-de-vehiculos\/#primaryimage\",\"url\":\"https:\/\/puertointerior.guanajuato.gob.mx\/blog\/wp-content\/uploads\/2020\/09\/Cc_IMG_GMyHondaformanalianzaenNorteamricaparadesarrolloconjuntodevehculos_1486.jpg\",\"contentUrl\":\"https:\/\/puertointerior.guanajuato.gob.mx\/blog\/wp-content\/uploads\/2020\/09\/Cc_IMG_GMyHondaformanalianzaenNorteamricaparadesarrolloconjuntodevehculos_1486.jpg\",\"width\":958,\"height\":538},{\"@type\":\"BreadcrumbList\",\"@id\":\"https:\/\/puertointerior.guanajuato.gob.mx\/blog\/2020\/09\/09\/gm-y-honda-forman-alianza-en-norteamerica-para-desarrollo-conjunto-de-vehiculos\/#breadcrumb\",\"itemListElement\":[{\"@type\":\"ListItem\",\"position\":1,\"name\":\"Inicio\",\"item\":\"https:\/\/puertointerior.guanajuato.gob.mx\/blog\/\"},{\"@type\":\"ListItem\",\"position\":2,\"name\":\"GM y Honda forman alianza en Norteam\u00e9rica para desarrollo conjunto de veh\u00edculos.\"}]},{\"@type\":\"WebSite\",\"@id\":\"https:\/\/puertointerior.guanajuato.gob.mx\/blog\/#website\",\"url\":\"https:\/\/puertointerior.guanajuato.gob.mx\/blog\/\",\"name\":\"Blog | GPI NEWS\",\"description\":\"Guanajuato Puerto Interior\",\"potentialAction\":[{\"@type\":\"SearchAction\",\"target\":{\"@type\":\"EntryPoint\",\"urlTemplate\":\"https:\/\/puertointerior.guanajuato.gob.mx\/blog\/?s={search_term_string}\"},\"query-input\":{\"@type\":\"PropertyValueSpecification\",\"valueRequired\":true,\"valueName\":\"search_term_string\"}}],\"inLanguage\":\"es\"},{\"@type\":\"Person\",\"@id\":\"\",\"url\":\"https:\/\/puertointerior.guanajuato.gob.mx\/blog\/author\/\"}]}<\/script>\n<!-- \/ Yoast SEO plugin. -->","yoast_head_json":{"title":"GM y Honda forman alianza en Norteam\u00e9rica para desarrollo conjunto de veh\u00edculos. - Blog | GPI NEWS","robots":{"index":"index","follow":"follow","max-snippet":"max-snippet:-1","max-image-preview":"max-image-preview:large","max-video-preview":"max-video-preview:-1"},"canonical":"https:\/\/puertointerior.guanajuato.gob.mx\/blog\/2020\/09\/09\/gm-y-honda-forman-alianza-en-norteamerica-para-desarrollo-conjunto-de-vehiculos\/","og_locale":"es_MX","og_type":"article","og_title":"GM y Honda forman alianza en Norteam\u00e9rica para desarrollo conjunto de veh\u00edculos. - Blog | GPI NEWS","og_description":"La presi\u00f3n por compartir tecnolog\u00edas y bajar costos impuls\u00f3 a Honda y General Motors a profundizar en su relaci\u00f3n. Ahora, los OEM desarrollar\u00e1n autos en conjunto para la regi\u00f3n de Norteam\u00e9rica.","og_url":"https:\/\/puertointerior.guanajuato.gob.mx\/blog\/2020\/09\/09\/gm-y-honda-forman-alianza-en-norteamerica-para-desarrollo-conjunto-de-vehiculos\/","og_site_name":"Blog | GPI NEWS","article_published_time":"2020-09-09T20:50:29+00:00","article_modified_time":"2020-09-09T21:29:23+00:00","og_image":[{"width":958,"height":538,"url":"https:\/\/puertointerior.guanajuato.gob.mx\/blog\/wp-content\/uploads\/2020\/09\/Cc_IMG_GMyHondaformanalianzaenNorteamricaparadesarrolloconjuntodevehculos_1486.jpg","type":"image\/jpeg"}],"twitter_card":"summary_large_image","twitter_misc":{"Escrito por":"","Tiempo de lectura":"1 minuto"},"schema":{"@context":"https:\/\/schema.org","@graph":[{"@type":"WebPage","@id":"https:\/\/puertointerior.guanajuato.gob.mx\/blog\/2020\/09\/09\/gm-y-honda-forman-alianza-en-norteamerica-para-desarrollo-conjunto-de-vehiculos\/","url":"https:\/\/puertointerior.guanajuato.gob.mx\/blog\/2020\/09\/09\/gm-y-honda-forman-alianza-en-norteamerica-para-desarrollo-conjunto-de-vehiculos\/","name":"GM y Honda forman alianza en Norteam\u00e9rica para desarrollo conjunto de veh\u00edculos. - Blog | GPI NEWS","isPartOf":{"@id":"https:\/\/puertointerior.guanajuato.gob.mx\/blog\/#website"},"primaryImageOfPage":{"@id":"https:\/\/puertointerior.guanajuato.gob.mx\/blog\/2020\/09\/09\/gm-y-honda-forman-alianza-en-norteamerica-para-desarrollo-conjunto-de-vehiculos\/#primaryimage"},"image":{"@id":"https:\/\/puertointerior.guanajuato.gob.mx\/blog\/2020\/09\/09\/gm-y-honda-forman-alianza-en-norteamerica-para-desarrollo-conjunto-de-vehiculos\/#primaryimage"},"thumbnailUrl":"https:\/\/puertointerior.guanajuato.gob.mx\/blog\/wp-content\/uploads\/2020\/09\/Cc_IMG_GMyHondaformanalianzaenNorteamricaparadesarrolloconjuntodevehculos_1486.jpg","datePublished":"2020-09-09T20:50:29+00:00","dateModified":"2020-09-09T21:29:23+00:00","author":{"@id":""},"breadcrumb":{"@id":"https:\/\/puertointerior.guanajuato.gob.mx\/blog\/2020\/09\/09\/gm-y-honda-forman-alianza-en-norteamerica-para-desarrollo-conjunto-de-vehiculos\/#breadcrumb"},"inLanguage":"es","potentialAction":[{"@type":"ReadAction","target":["https:\/\/puertointerior.guanajuato.gob.mx\/blog\/2020\/09\/09\/gm-y-honda-forman-alianza-en-norteamerica-para-desarrollo-conjunto-de-vehiculos\/"]}]},{"@type":"ImageObject","inLanguage":"es","@id":"https:\/\/puertointerior.guanajuato.gob.mx\/blog\/2020\/09\/09\/gm-y-honda-forman-alianza-en-norteamerica-para-desarrollo-conjunto-de-vehiculos\/#primaryimage","url":"https:\/\/puertointerior.guanajuato.gob.mx\/blog\/wp-content\/uploads\/2020\/09\/Cc_IMG_GMyHondaformanalianzaenNorteamricaparadesarrolloconjuntodevehculos_1486.jpg","contentUrl":"https:\/\/puertointerior.guanajuato.gob.mx\/blog\/wp-content\/uploads\/2020\/09\/Cc_IMG_GMyHondaformanalianzaenNorteamricaparadesarrolloconjuntodevehculos_1486.jpg","width":958,"height":538},{"@type":"BreadcrumbList","@id":"https:\/\/puertointerior.guanajuato.gob.mx\/blog\/2020\/09\/09\/gm-y-honda-forman-alianza-en-norteamerica-para-desarrollo-conjunto-de-vehiculos\/#breadcrumb","itemListElement":[{"@type":"ListItem","position":1,"name":"Inicio","item":"https:\/\/puertointerior.guanajuato.gob.mx\/blog\/"},{"@type":"ListItem","position":2,"name":"GM y Honda forman alianza en Norteam\u00e9rica para desarrollo conjunto de veh\u00edculos."}]},{"@type":"WebSite","@id":"https:\/\/puertointerior.guanajuato.gob.mx\/blog\/#website","url":"https:\/\/puertointerior.guanajuato.gob.mx\/blog\/","name":"Blog | GPI NEWS","description":"Guanajuato Puerto Interior","potentialAction":[{"@type":"SearchAction","target":{"@type":"EntryPoint","urlTemplate":"https:\/\/puertointerior.guanajuato.gob.mx\/blog\/?s={search_term_string}"},"query-input":{"@type":"PropertyValueSpecification","valueRequired":true,"valueName":"search_term_string"}}],"inLanguage":"es"},{"@type":"Person","@id":"","url":"https:\/\/puertointerior.guanajuato.gob.mx\/blog\/author\/"}]}},"jetpack_featured_media_url":"https:\/\/puertointerior.guanajuato.gob.mx\/blog\/wp-content\/uploads\/2020\/09\/Cc_IMG_GMyHondaformanalianzaenNorteamricaparadesarrolloconjuntodevehculos_1486.jpg","jetpack_sharing_enabled":true,"jetpack_shortlink":"https:\/\/wp.me\/pcnMPA-c6","_links":{"self":[{"href":"https:\/\/puertointerior.guanajuato.gob.mx\/blog\/wp-json\/wp\/v2\/posts\/750","targetHints":{"allow":["GET"]}}],"collection":[{"href":"https:\/\/puertointerior.guanajuato.gob.mx\/blog\/wp-json\/wp\/v2\/posts"}],"about":[{"href":"https:\/\/puertointerior.guanajuato.gob.mx\/blog\/wp-json\/wp\/v2\/types\/post"}],"author":[{"embeddable":true,"href":"https:\/\/puertointerior.guanajuato.gob.mx\/blog\/wp-json\/wp\/v2\/users\/4"}],"replies":[{"embeddable":true,"href":"https:\/\/puertointerior.guanajuato.gob.mx\/blog\/wp-json\/wp\/v2\/comments?post=750"}],"version-history":[{"count":1,"href":"https:\/\/puertointerior.guanajuato.gob.mx\/blog\/wp-json\/wp\/v2\/posts\/750\/revisions"}],"predecessor-version":[{"id":752,"href":"https:\/\/puertointerior.guanajuato.gob.mx\/blog\/wp-json\/wp\/v2\/posts\/750\/revisions\/752"}],"wp:featuredmedia":[{"embeddable":true,"href":"https:\/\/puertointerior.guanajuato.gob.mx\/blog\/wp-json\/wp\/v2\/media\/751"}],"wp:attachment":[{"href":"https:\/\/puertointerior.guanajuato.gob.mx\/blog\/wp-json\/wp\/v2\/media?parent=750"}],"wp:term":[{"taxonomy":"category","embeddable":true,"href":"https:\/\/puertointerior.guanajuato.gob.mx\/blog\/wp-json\/wp\/v2\/categories?post=750"},{"taxonomy":"post_tag","embeddable":true,"href":"https:\/\/puertointerior.guanajuato.gob.mx\/blog\/wp-json\/wp\/v2\/tags?post=750"}],"curies":[{"name":"wp","href":"https:\/\/api.w.org\/{rel}","templated":true}]}}