{"id":756,"date":"2020-09-09T14:59:59","date_gmt":"2020-09-09T20:59:59","guid":{"rendered":"https:\/\/puertointerior.guanajuato.gob.mx\/blog\/?p=756"},"modified":"2020-09-09T15:28:56","modified_gmt":"2020-09-09T21:28:56","slug":"modifican-los-impuestos-de-importacion-y-de-exportacion-de-vehiculos-electricos","status":"publish","type":"post","link":"https:\/\/puertointerior.guanajuato.gob.mx\/blog\/2020\/09\/09\/modifican-los-impuestos-de-importacion-y-de-exportacion-de-vehiculos-electricos\/","title":{"rendered":"Modifican los impuestos de importaci\u00f3n y de exportaci\u00f3n de veh\u00edculos el\u00e9ctricos."},"content":{"rendered":"<p style=\"font-weight: 400;\">En el Diario Oficial de la Federaci\u00f3n, se public\u00f3 un decreto que modifica los impuestos de importaci\u00f3n y de exportaci\u00f3n de veh\u00edculos el\u00e9ctricos para facilitar la adquisici\u00f3n de estos y favorecer un medio ambiente m\u00e1s sustentable en el pa\u00eds.<i><\/i><\/p>\n<p style=\"font-weight: 400;\">A trav\u00e9s del Diario Oficial de la Federaci\u00f3n, se comunic\u00f3 que, sabiendo que uno de los retos de M\u00e9xico y de las grandes ciudades del mundo es reducir la emisi\u00f3n de gases de efecto invernadero, los cuales son producidos por combustibles f\u00f3siles utilizados por el sector automotriz. M\u00e9xico ha adoptado el compromiso de reducir las emisiones de gases de efecto invernadero para el 2030, lo que se lograr\u00e1 por medio de la participaci\u00f3n de los diferentes sectores, incluyendo el sector transporte.<\/p>\n<p style=\"font-weight: 400;\">En la publicaci\u00f3n del Diario Oficial de la Federaci\u00f3n se lee que la producci\u00f3n nacional de veh\u00edculos el\u00e9ctricos es incipiente, y si bien algunas empresas fabricantes de veh\u00edculos ligeros instaladas en M\u00e9xico ya han anunciado inversiones en l\u00edneas de producci\u00f3n de veh\u00edculos el\u00e9ctricos, esta podr\u00eda incentivarse con el aumento en la demanda de los mismos. Con el fin de permitir la libre concurrencia y acceso a tecnolog\u00edas limpias en materia de transporte, es importante facilitar el acceso de los consumidores a estos para encaminar a la industria nacional a este tipo de veh\u00edculos. Una mayor demanda de veh\u00edculos el\u00e9ctricos favorecer\u00eda el cumplimiento de los compromisos de M\u00e9xico a nivel internacional en materia de reducci\u00f3n de emisiones de gases de efecto invernadero.<\/p>\n<p style=\"font-weight: 400;\">Por ello, se considera necesario crear dos fracciones arancelarias para identificar a los veh\u00edculos el\u00e9ctricos nuevos para el transporte de 10 o m\u00e1s personas y los veh\u00edculos el\u00e9ctricos ligeros usados, respectivamente, as\u00ed como modificar la descripci\u00f3n de tres fracciones arancelarias y exentar temporalmente el arancel de importaci\u00f3n de tres fracciones arancelarias relativas a los veh\u00edculos el\u00e9ctricos nuevos para el transporte de 10 o m\u00e1s personas, los veh\u00edculos el\u00e9ctricos ligeros nuevos y los veh\u00edculos el\u00e9ctricos nuevos para el transporte de mercanc\u00edas.<\/p>\n<p>Publicado originalmente en\u00a0<a href=\"https:\/\/www.clusterindustrial.com.mx\/noticia\/2537\/modifican-los-impuestos-de-importacion-y-de-exportacion-de-vehiculos-electricos\">Cluster Industrial.<\/a><\/p>\n<p>&nbsp;<\/p>\n<p>&nbsp;<\/p>\n","protected":false},"excerpt":{"rendered":"<p>En el Diario Oficial de la Federaci\u00f3n, se public\u00f3 un decreto que modifica los impuestos de importaci\u00f3n y de exportaci\u00f3n de veh\u00edculos el\u00e9ctricos para facilitar la adquisici\u00f3n de estos y favorecer un medio ambiente m\u00e1s sustentable en el pa\u00eds.<\/p>\n","protected":false},"author":4,"featured_media":757,"comment_status":"open","ping_status":"open","sticky":false,"template":"","format":"standard","meta":{"jetpack_post_was_ever_published":false,"_jetpack_newsletter_access":"","_jetpack_dont_email_post_to_subs":false,"_jetpack_newsletter_tier_id":0,"_jetpack_memberships_contains_paywalled_content":false,"_jetpack_memberships_contains_paid_content":false,"footnotes":""},"categories":[4],"tags":[],"class_list":["post-756","post","type-post","status-publish","format-standard","has-post-thumbnail","hentry","category-logistics"],"yoast_head":"<!-- This site is optimized with the Yoast SEO plugin v25.7 - https:\/\/yoast.com\/wordpress\/plugins\/seo\/ -->\n<title>Modifican los impuestos de importaci\u00f3n y de exportaci\u00f3n de veh\u00edculos el\u00e9ctricos. - Blog | GPI NEWS<\/title>\n<meta name=\"robots\" content=\"index, follow, max-snippet:-1, max-image-preview:large, max-video-preview:-1\" \/>\n<link rel=\"canonical\" href=\"https:\/\/puertointerior.guanajuato.gob.mx\/blog\/2020\/09\/09\/modifican-los-impuestos-de-importacion-y-de-exportacion-de-vehiculos-electricos\/\" \/>\n<meta property=\"og:locale\" content=\"es_MX\" \/>\n<meta property=\"og:type\" content=\"article\" \/>\n<meta property=\"og:title\" content=\"Modifican los impuestos de importaci\u00f3n y de exportaci\u00f3n de veh\u00edculos el\u00e9ctricos. - Blog | GPI NEWS\" \/>\n<meta property=\"og:description\" content=\"En el Diario Oficial de la Federaci\u00f3n, se public\u00f3 un decreto que modifica los impuestos de importaci\u00f3n y de exportaci\u00f3n de veh\u00edculos el\u00e9ctricos para facilitar la adquisici\u00f3n de estos y favorecer un medio ambiente m\u00e1s sustentable en el pa\u00eds.\" \/>\n<meta property=\"og:url\" content=\"https:\/\/puertointerior.guanajuato.gob.mx\/blog\/2020\/09\/09\/modifican-los-impuestos-de-importacion-y-de-exportacion-de-vehiculos-electricos\/\" \/>\n<meta property=\"og:site_name\" content=\"Blog | GPI NEWS\" \/>\n<meta property=\"article:published_time\" content=\"2020-09-09T20:59:59+00:00\" \/>\n<meta property=\"article:modified_time\" content=\"2020-09-09T21:28:56+00:00\" \/>\n<meta property=\"og:image\" content=\"https:\/\/puertointerior.guanajuato.gob.mx\/blog\/wp-content\/uploads\/2020\/09\/Cc_IMG_Modificanlosimpuestosdeimportacinydeexportacindevehculoselctricos_2742.jpg\" \/>\n\t<meta property=\"og:image:width\" content=\"958\" \/>\n\t<meta property=\"og:image:height\" content=\"538\" \/>\n\t<meta property=\"og:image:type\" content=\"image\/jpeg\" \/>\n<meta name=\"twitter:card\" content=\"summary_large_image\" \/>\n<meta name=\"twitter:label1\" content=\"Escrito por\" \/>\n\t<meta name=\"twitter:data1\" content=\"\" \/>\n\t<meta name=\"twitter:label2\" content=\"Tiempo de lectura\" \/>\n\t<meta name=\"twitter:data2\" content=\"2 minutos\" \/>\n<script type=\"application\/ld+json\" class=\"yoast-schema-graph\">{\"@context\":\"https:\/\/schema.org\",\"@graph\":[{\"@type\":\"WebPage\",\"@id\":\"https:\/\/puertointerior.guanajuato.gob.mx\/blog\/2020\/09\/09\/modifican-los-impuestos-de-importacion-y-de-exportacion-de-vehiculos-electricos\/\",\"url\":\"https:\/\/puertointerior.guanajuato.gob.mx\/blog\/2020\/09\/09\/modifican-los-impuestos-de-importacion-y-de-exportacion-de-vehiculos-electricos\/\",\"name\":\"Modifican los impuestos de importaci\u00f3n y de exportaci\u00f3n de veh\u00edculos el\u00e9ctricos. - Blog | GPI NEWS\",\"isPartOf\":{\"@id\":\"https:\/\/puertointerior.guanajuato.gob.mx\/blog\/#website\"},\"primaryImageOfPage\":{\"@id\":\"https:\/\/puertointerior.guanajuato.gob.mx\/blog\/2020\/09\/09\/modifican-los-impuestos-de-importacion-y-de-exportacion-de-vehiculos-electricos\/#primaryimage\"},\"image\":{\"@id\":\"https:\/\/puertointerior.guanajuato.gob.mx\/blog\/2020\/09\/09\/modifican-los-impuestos-de-importacion-y-de-exportacion-de-vehiculos-electricos\/#primaryimage\"},\"thumbnailUrl\":\"https:\/\/puertointerior.guanajuato.gob.mx\/blog\/wp-content\/uploads\/2020\/09\/Cc_IMG_Modificanlosimpuestosdeimportacinydeexportacindevehculoselctricos_2742.jpg\",\"datePublished\":\"2020-09-09T20:59:59+00:00\",\"dateModified\":\"2020-09-09T21:28:56+00:00\",\"author\":{\"@id\":\"\"},\"breadcrumb\":{\"@id\":\"https:\/\/puertointerior.guanajuato.gob.mx\/blog\/2020\/09\/09\/modifican-los-impuestos-de-importacion-y-de-exportacion-de-vehiculos-electricos\/#breadcrumb\"},\"inLanguage\":\"es\",\"potentialAction\":[{\"@type\":\"ReadAction\",\"target\":[\"https:\/\/puertointerior.guanajuato.gob.mx\/blog\/2020\/09\/09\/modifican-los-impuestos-de-importacion-y-de-exportacion-de-vehiculos-electricos\/\"]}]},{\"@type\":\"ImageObject\",\"inLanguage\":\"es\",\"@id\":\"https:\/\/puertointerior.guanajuato.gob.mx\/blog\/2020\/09\/09\/modifican-los-impuestos-de-importacion-y-de-exportacion-de-vehiculos-electricos\/#primaryimage\",\"url\":\"https:\/\/puertointerior.guanajuato.gob.mx\/blog\/wp-content\/uploads\/2020\/09\/Cc_IMG_Modificanlosimpuestosdeimportacinydeexportacindevehculoselctricos_2742.jpg\",\"contentUrl\":\"https:\/\/puertointerior.guanajuato.gob.mx\/blog\/wp-content\/uploads\/2020\/09\/Cc_IMG_Modificanlosimpuestosdeimportacinydeexportacindevehculoselctricos_2742.jpg\",\"width\":958,\"height\":538},{\"@type\":\"BreadcrumbList\",\"@id\":\"https:\/\/puertointerior.guanajuato.gob.mx\/blog\/2020\/09\/09\/modifican-los-impuestos-de-importacion-y-de-exportacion-de-vehiculos-electricos\/#breadcrumb\",\"itemListElement\":[{\"@type\":\"ListItem\",\"position\":1,\"name\":\"Inicio\",\"item\":\"https:\/\/puertointerior.guanajuato.gob.mx\/blog\/\"},{\"@type\":\"ListItem\",\"position\":2,\"name\":\"Modifican los impuestos de importaci\u00f3n y de exportaci\u00f3n de veh\u00edculos el\u00e9ctricos.\"}]},{\"@type\":\"WebSite\",\"@id\":\"https:\/\/puertointerior.guanajuato.gob.mx\/blog\/#website\",\"url\":\"https:\/\/puertointerior.guanajuato.gob.mx\/blog\/\",\"name\":\"Blog | GPI NEWS\",\"description\":\"Guanajuato Puerto Interior\",\"potentialAction\":[{\"@type\":\"SearchAction\",\"target\":{\"@type\":\"EntryPoint\",\"urlTemplate\":\"https:\/\/puertointerior.guanajuato.gob.mx\/blog\/?s={search_term_string}\"},\"query-input\":{\"@type\":\"PropertyValueSpecification\",\"valueRequired\":true,\"valueName\":\"search_term_string\"}}],\"inLanguage\":\"es\"},{\"@type\":\"Person\",\"@id\":\"\",\"url\":\"https:\/\/puertointerior.guanajuato.gob.mx\/blog\/author\/\"}]}<\/script>\n<!-- \/ Yoast SEO plugin. -->","yoast_head_json":{"title":"Modifican los impuestos de importaci\u00f3n y de exportaci\u00f3n de veh\u00edculos el\u00e9ctricos. - Blog | GPI NEWS","robots":{"index":"index","follow":"follow","max-snippet":"max-snippet:-1","max-image-preview":"max-image-preview:large","max-video-preview":"max-video-preview:-1"},"canonical":"https:\/\/puertointerior.guanajuato.gob.mx\/blog\/2020\/09\/09\/modifican-los-impuestos-de-importacion-y-de-exportacion-de-vehiculos-electricos\/","og_locale":"es_MX","og_type":"article","og_title":"Modifican los impuestos de importaci\u00f3n y de exportaci\u00f3n de veh\u00edculos el\u00e9ctricos. - Blog | GPI NEWS","og_description":"En el Diario Oficial de la Federaci\u00f3n, se public\u00f3 un decreto que modifica los impuestos de importaci\u00f3n y de exportaci\u00f3n de veh\u00edculos el\u00e9ctricos para facilitar la adquisici\u00f3n de estos y favorecer un medio ambiente m\u00e1s sustentable en el pa\u00eds.","og_url":"https:\/\/puertointerior.guanajuato.gob.mx\/blog\/2020\/09\/09\/modifican-los-impuestos-de-importacion-y-de-exportacion-de-vehiculos-electricos\/","og_site_name":"Blog | GPI NEWS","article_published_time":"2020-09-09T20:59:59+00:00","article_modified_time":"2020-09-09T21:28:56+00:00","og_image":[{"width":958,"height":538,"url":"https:\/\/puertointerior.guanajuato.gob.mx\/blog\/wp-content\/uploads\/2020\/09\/Cc_IMG_Modificanlosimpuestosdeimportacinydeexportacindevehculoselctricos_2742.jpg","type":"image\/jpeg"}],"twitter_card":"summary_large_image","twitter_misc":{"Escrito por":"","Tiempo de lectura":"2 minutos"},"schema":{"@context":"https:\/\/schema.org","@graph":[{"@type":"WebPage","@id":"https:\/\/puertointerior.guanajuato.gob.mx\/blog\/2020\/09\/09\/modifican-los-impuestos-de-importacion-y-de-exportacion-de-vehiculos-electricos\/","url":"https:\/\/puertointerior.guanajuato.gob.mx\/blog\/2020\/09\/09\/modifican-los-impuestos-de-importacion-y-de-exportacion-de-vehiculos-electricos\/","name":"Modifican los impuestos de importaci\u00f3n y de exportaci\u00f3n de veh\u00edculos el\u00e9ctricos. - Blog | GPI NEWS","isPartOf":{"@id":"https:\/\/puertointerior.guanajuato.gob.mx\/blog\/#website"},"primaryImageOfPage":{"@id":"https:\/\/puertointerior.guanajuato.gob.mx\/blog\/2020\/09\/09\/modifican-los-impuestos-de-importacion-y-de-exportacion-de-vehiculos-electricos\/#primaryimage"},"image":{"@id":"https:\/\/puertointerior.guanajuato.gob.mx\/blog\/2020\/09\/09\/modifican-los-impuestos-de-importacion-y-de-exportacion-de-vehiculos-electricos\/#primaryimage"},"thumbnailUrl":"https:\/\/puertointerior.guanajuato.gob.mx\/blog\/wp-content\/uploads\/2020\/09\/Cc_IMG_Modificanlosimpuestosdeimportacinydeexportacindevehculoselctricos_2742.jpg","datePublished":"2020-09-09T20:59:59+00:00","dateModified":"2020-09-09T21:28:56+00:00","author":{"@id":""},"breadcrumb":{"@id":"https:\/\/puertointerior.guanajuato.gob.mx\/blog\/2020\/09\/09\/modifican-los-impuestos-de-importacion-y-de-exportacion-de-vehiculos-electricos\/#breadcrumb"},"inLanguage":"es","potentialAction":[{"@type":"ReadAction","target":["https:\/\/puertointerior.guanajuato.gob.mx\/blog\/2020\/09\/09\/modifican-los-impuestos-de-importacion-y-de-exportacion-de-vehiculos-electricos\/"]}]},{"@type":"ImageObject","inLanguage":"es","@id":"https:\/\/puertointerior.guanajuato.gob.mx\/blog\/2020\/09\/09\/modifican-los-impuestos-de-importacion-y-de-exportacion-de-vehiculos-electricos\/#primaryimage","url":"https:\/\/puertointerior.guanajuato.gob.mx\/blog\/wp-content\/uploads\/2020\/09\/Cc_IMG_Modificanlosimpuestosdeimportacinydeexportacindevehculoselctricos_2742.jpg","contentUrl":"https:\/\/puertointerior.guanajuato.gob.mx\/blog\/wp-content\/uploads\/2020\/09\/Cc_IMG_Modificanlosimpuestosdeimportacinydeexportacindevehculoselctricos_2742.jpg","width":958,"height":538},{"@type":"BreadcrumbList","@id":"https:\/\/puertointerior.guanajuato.gob.mx\/blog\/2020\/09\/09\/modifican-los-impuestos-de-importacion-y-de-exportacion-de-vehiculos-electricos\/#breadcrumb","itemListElement":[{"@type":"ListItem","position":1,"name":"Inicio","item":"https:\/\/puertointerior.guanajuato.gob.mx\/blog\/"},{"@type":"ListItem","position":2,"name":"Modifican los impuestos de importaci\u00f3n y de exportaci\u00f3n de veh\u00edculos el\u00e9ctricos."}]},{"@type":"WebSite","@id":"https:\/\/puertointerior.guanajuato.gob.mx\/blog\/#website","url":"https:\/\/puertointerior.guanajuato.gob.mx\/blog\/","name":"Blog | GPI NEWS","description":"Guanajuato Puerto Interior","potentialAction":[{"@type":"SearchAction","target":{"@type":"EntryPoint","urlTemplate":"https:\/\/puertointerior.guanajuato.gob.mx\/blog\/?s={search_term_string}"},"query-input":{"@type":"PropertyValueSpecification","valueRequired":true,"valueName":"search_term_string"}}],"inLanguage":"es"},{"@type":"Person","@id":"","url":"https:\/\/puertointerior.guanajuato.gob.mx\/blog\/author\/"}]}},"jetpack_featured_media_url":"https:\/\/puertointerior.guanajuato.gob.mx\/blog\/wp-content\/uploads\/2020\/09\/Cc_IMG_Modificanlosimpuestosdeimportacinydeexportacindevehculoselctricos_2742.jpg","jetpack_sharing_enabled":true,"jetpack_shortlink":"https:\/\/wp.me\/pcnMPA-cc","_links":{"self":[{"href":"https:\/\/puertointerior.guanajuato.gob.mx\/blog\/wp-json\/wp\/v2\/posts\/756","targetHints":{"allow":["GET"]}}],"collection":[{"href":"https:\/\/puertointerior.guanajuato.gob.mx\/blog\/wp-json\/wp\/v2\/posts"}],"about":[{"href":"https:\/\/puertointerior.guanajuato.gob.mx\/blog\/wp-json\/wp\/v2\/types\/post"}],"author":[{"embeddable":true,"href":"https:\/\/puertointerior.guanajuato.gob.mx\/blog\/wp-json\/wp\/v2\/users\/4"}],"replies":[{"embeddable":true,"href":"https:\/\/puertointerior.guanajuato.gob.mx\/blog\/wp-json\/wp\/v2\/comments?post=756"}],"version-history":[{"count":1,"href":"https:\/\/puertointerior.guanajuato.gob.mx\/blog\/wp-json\/wp\/v2\/posts\/756\/revisions"}],"predecessor-version":[{"id":760,"href":"https:\/\/puertointerior.guanajuato.gob.mx\/blog\/wp-json\/wp\/v2\/posts\/756\/revisions\/760"}],"wp:featuredmedia":[{"embeddable":true,"href":"https:\/\/puertointerior.guanajuato.gob.mx\/blog\/wp-json\/wp\/v2\/media\/757"}],"wp:attachment":[{"href":"https:\/\/puertointerior.guanajuato.gob.mx\/blog\/wp-json\/wp\/v2\/media?parent=756"}],"wp:term":[{"taxonomy":"category","embeddable":true,"href":"https:\/\/puertointerior.guanajuato.gob.mx\/blog\/wp-json\/wp\/v2\/categories?post=756"},{"taxonomy":"post_tag","embeddable":true,"href":"https:\/\/puertointerior.guanajuato.gob.mx\/blog\/wp-json\/wp\/v2\/tags?post=756"}],"curies":[{"name":"wp","href":"https:\/\/api.w.org\/{rel}","templated":true}]}}