{"id":764,"date":"2020-09-09T15:27:53","date_gmt":"2020-09-09T21:27:53","guid":{"rendered":"https:\/\/puertointerior.guanajuato.gob.mx\/blog\/?p=764"},"modified":"2020-10-15T10:48:31","modified_gmt":"2020-10-15T15:48:31","slug":"idea-gto-sera-detonador-de-la-creatividad-y-talento-guanajuatense-gobernador","status":"publish","type":"post","link":"https:\/\/puertointerior.guanajuato.gob.mx\/blog\/2020\/09\/09\/idea-gto-sera-detonador-de-la-creatividad-y-talento-guanajuatense-gobernador\/","title":{"rendered":"\u201cIDEA GTO\u201d, ser\u00e1 detonador de la creatividad y talento guanajuatense: Gobernador."},"content":{"rendered":"<p>[et_pb_section admin_label=&#8221;section&#8221;]<br \/>\n[et_pb_row admin_label=&#8221;row&#8221;]<br \/>\n[et_pb_column type=&#8221;4_4&#8243;]<br \/>\n[et_pb_text admin_label=&#8221;Text&#8221;]<br \/>\nSilao, Gto. 8 de septiembre 2020.-\u00a0El Gobernador del Estado, Diego Sinhue Rodr\u00edguez Vallejo, present\u00f3 el nuevo Instituto de Innovaci\u00f3n, Ciencia y Emprendimiento para la Competitividad del Estado \u201cIDEA GTO\u201d.<\/p>\n<p>Con la activaci\u00f3n de este instituto, respaldaremos y acompa\u00f1aremos las ideas de los guanajuatenses, para generar la innovaci\u00f3n que contribuya al crecimiento de Guanajuato y a la creaci\u00f3n de empleos, dijo el Mandatario.<\/p>\n<p>Resalt\u00f3 que \u201cIDEA GTO\u201d ser\u00e1 un detonador de oportunidades y fuentes laborales; as\u00ed como de la creatividad y el talento guanajuatense.<\/p>\n<p>Con IDEA GTO, agreg\u00f3, nuestro estado se mantendr\u00e1 en la vanguardia de la econom\u00eda, del conocimiento 4.0 y el desarrollo tecnol\u00f3gico.<\/p>\n<p>\u201cHoy estamos aqu\u00ed para cumplir un compromiso con los emprendedores de Guanajuato. Como lo anunci\u00e9 el pasado 25 de mayo, en la presentaci\u00f3n del Plan de Acci\u00f3n Guanajuato, vamos a construir un ecosistema de innovaci\u00f3n y emprendimiento que ayude a la reactivaci\u00f3n de nuestro estado\u201d, se\u00f1al\u00f3.<\/p>\n<p>El Gobernador dijo que este Instituto no parte de cero. Por el contrario, aprovechar\u00e1 y articular\u00e1, lo que ya se ha construido entre sociedad y gobierno en Guanajuato.<\/p>\n<p>Ser\u00e1 un ecosistema acorde a los nuevos tiempos y retos. Integrado por organismos empresariales, de la sociedad civil y gubernamentales; por parques tecnol\u00f3gicos y de innovaci\u00f3n; por cl\u00fasteres industriales, instituciones de educaci\u00f3n e investigaci\u00f3n, explic\u00f3.<\/p>\n<p>Los guanajuatenses somos una sociedad de innovadores y emprendedores. Por eso, pasamos de ser un estado b\u00e1sicamente agricultor, a un estado l\u00edder en la industria automotriz, la aeron\u00e1utica y la tecnolog\u00eda de punta, en tan s\u00f3lo 30 a\u00f1os, destac\u00f3 el Gobernador.<\/p>\n<p>Por eso, agreg\u00f3, desde el inicio de este Gobierno se decidi\u00f3 impulsar el principal capital de los guanajuatenses, que es el capital intelectual. La innovaci\u00f3n es la \u00fanica ruta para ser competitivos y exitosos en el nuevo contexto mundial.<\/p>\n<p>\u201cNuestra apuesta ha sido por la innovaci\u00f3n y el futuro, pero hoy ciertamente el futuro se ha acelerado, y el Covid-19 nos lo ha demostrado. Las naciones han tenido que implementar medidas innovadoras, no s\u00f3lo para intentar contener el virus, sino tambi\u00e9n para mantener las fuentes de empleo, la educaci\u00f3n a distancia y las actividades esenciales de la econom\u00eda\u201d, coment\u00f3.<\/p>\n<p>Rodr\u00edguez Vallejo dijo que innovar es romper paradigmas y barreras, para dar soluci\u00f3n a los problemas. \u201cSignifica poner el mejor conocimiento del mundo al alcance de nuestros ni\u00f1os y j\u00f3venes. Que nuestro campo produzca m\u00e1s y mejor. Y crear empleos y generar oportunidades de desarrollo\u201d.<\/p>\n<p>Dijo que el Gobierno del Estado impulsar\u00e1 a los ni\u00f1os, a los j\u00f3venes, y emprendedores; a los trabajadores, que desean ser mejores y alcanzar el \u00e9xito.<\/p>\n<p>\u201cYo veo un horizonte de \u00e9xito, en el que los guanajuatenses competimos y triunfamos en el mundo. Y para alcanzar ese horizonte, IDEA GTO desempe\u00f1ar\u00e1 un papel fundamental\u201d, expres\u00f3.<\/p>\n<p>El Gobernador dijo que IDEA GTO significa impulso a la invenci\u00f3n y la imaginaci\u00f3n, as\u00ed como inspiraci\u00f3n, innovaci\u00f3n y creatividad.<\/p>\n<p>Rodr\u00edguez Vallejo coment\u00f3 que Juan Antonio Reus Monta\u00f1o ser\u00e1 el titular del nuevo Instituto, porque cuenta con la experiencia y la confianza plena de este gobierno para desempe\u00f1ar esta importante tarea.<\/p>\n<p>Juan Antonio Reus es licenciado en mercadotecnia y maestro en gesti\u00f3n estrat\u00e9gica de negocios. Ha sido un importante impulsor en el desarrollo del ecosistema de emprendimiento e innovaci\u00f3n de Guanajuato.<\/p>\n<p>Fue Director del Parque de Innovaci\u00f3n Agrobioteg y Presidente de la Red Estatal de Parques Tecnol\u00f3gicos y de Innovaci\u00f3n de Guanajuato NOVAERA. \u201cEnhorabuena y mucho \u00e9xito en esta nueva encomienda\u201d.<\/p>\n<p>El Gobernador agradeci\u00f3 el testimonio que brindaron, durante este evento, destacados representantes de los emprendedores y de los empresarios guanajuatenses.<\/p>\n<p>Desde el Gobierno del Estado vamos a seguir apostando al Guanajuato de la mentefactura; al Guanajuato de la industria 4.0 y de las energ\u00edas renovables.<\/p>\n<p>\u201cVamos a respaldar a nuestros ni\u00f1os, j\u00f3venes y emprendedores. Soy un convencido de que el capital intelectual es el capital del tercer milenio. Tengamos en mente que la innovaci\u00f3n es parte de nuestro ADN y que somos motivadores de cambio, por naturaleza y por convicci\u00f3n\u201d, puntualiz\u00f3 el Mandatario.<\/p>\n<p>El nuevo Director General de IDEA GTO, Antonio Reus Monta\u00f1o, dijo que las ideas mueven al mundo, por eso hay que impulsar a los emprendedores. En Guanajuato tomamos responsabilidad de liderar en la innovaci\u00f3n a nivel nacional e internacional.<\/p>\n<p>Agradeci\u00f3 la confianza que le ha otorgado el Gobernador del Estado por desempe\u00f1ar este cargo. \u201cVamos a trabajar fuerte para que la innovaci\u00f3n y el emprendimiento sean pilares de la econom\u00eda de Guanajuato\u201d, a\u00f1adi\u00f3.<\/p>\n<p>En este evento se cont\u00f3 con un video mensaje del Presidente de CANACINTRA Nacional, Enoch Castellanos, quien reconoci\u00f3 al Gobierno del Estado por crear este nuevo Instituto, el cual estar\u00e1 apoyado por un ecosistema integrado por organismos empresariales, autoridades gubernamentales; por parques tecnol\u00f3gicos y cl\u00fasteres industriales, instituciones educativas e investigaci\u00f3n; esto ser\u00e1 importante para el desarrollo de la innovaci\u00f3n en Guanajuato y de M\u00e9xico.<\/p>\n<p>Adem\u00e1s se cont\u00f3 con la participaci\u00f3n del emprendedor Benjam\u00edn Orozco Lozano, quien expres\u00f3 su orgullo de vivir en una entidad donde se apoya a los emprendedores; \u201cestamos en un estado donde todos somos emprendedores. Vale la pena arriesgarse, no tengamos miedo\u201d.<\/p>\n<p>La empresaria Estefan\u00eda Joaqu\u00edn Medina, manifest\u00f3 su benepl\u00e1cito de que el Gobernador del Estado le apueste en grande a los j\u00f3venes; \u201cnosotros tambi\u00e9n le estamos apostando a la innovaci\u00f3n como motor de transformaci\u00f3n de nuestra realidad\u201d.<\/p>\n<p>En este evento tambi\u00e9n se cont\u00f3 con la participaci\u00f3n del Alcalde de Silao, Jos\u00e9 Antonio Trejo Valdepe\u00f1a.<\/p>\n<p>&nbsp;<\/p>\n<p>Publicado originalmente en<a href=\"https:\/\/boletines.guanajuato.gob.mx\/2020\/09\/08\/idea-gto-sera-detonador-de-la-creatividad-y-talento-guanajuatense-gobernador\/\"> Gobierno del Estado de Guanajuato.<\/a><br \/>\n[\/et_pb_text]<br \/>\n[\/et_pb_column]<br \/>\n[\/et_pb_row]<br \/>\n[\/et_pb_section]<\/p>\n","protected":false},"excerpt":{"rendered":"<p>Presenta Mandatario el nuevo Instituto de Innovaci\u00f3n, Ciencia y Emprendimiento para la Competitividad del Estado -IDEA GTO-<\/p>\n<p>Designa el Gobernador a Juan Antonio Reus como Director General de IDEA GTO.<\/p>\n","protected":false},"author":1,"featured_media":765,"comment_status":"open","ping_status":"open","sticky":false,"template":"","format":"standard","meta":{"jetpack_post_was_ever_published":false,"_jetpack_newsletter_access":"","_jetpack_dont_email_post_to_subs":false,"_jetpack_newsletter_tier_id":0,"_jetpack_memberships_contains_paywalled_content":false,"_jetpack_memberships_contains_paid_content":false,"footnotes":""},"categories":[6],"tags":[],"class_list":["post-764","post","type-post","status-publish","format-standard","has-post-thumbnail","hentry","category-innovation"],"yoast_head":"<!-- This site is optimized with the Yoast SEO plugin v25.7 - https:\/\/yoast.com\/wordpress\/plugins\/seo\/ -->\n<title>\u201cIDEA GTO\u201d, ser\u00e1 detonador de la creatividad y talento guanajuatense: Gobernador. - Blog | GPI NEWS<\/title>\n<meta name=\"robots\" content=\"index, follow, max-snippet:-1, max-image-preview:large, max-video-preview:-1\" \/>\n<link rel=\"canonical\" href=\"https:\/\/puertointerior.guanajuato.gob.mx\/blog\/2020\/09\/09\/idea-gto-sera-detonador-de-la-creatividad-y-talento-guanajuatense-gobernador\/\" \/>\n<meta property=\"og:locale\" content=\"es_MX\" \/>\n<meta property=\"og:type\" content=\"article\" \/>\n<meta property=\"og:title\" content=\"\u201cIDEA GTO\u201d, ser\u00e1 detonador de la creatividad y talento guanajuatense: Gobernador. - Blog | GPI NEWS\" \/>\n<meta property=\"og:description\" content=\"Presenta Mandatario el nuevo Instituto de Innovaci\u00f3n, Ciencia y Emprendimiento para la Competitividad del Estado -IDEA GTO-  Designa el Gobernador a Juan Antonio Reus como Director General de IDEA GTO.\" \/>\n<meta property=\"og:url\" content=\"https:\/\/puertointerior.guanajuato.gob.mx\/blog\/2020\/09\/09\/idea-gto-sera-detonador-de-la-creatividad-y-talento-guanajuatense-gobernador\/\" \/>\n<meta property=\"og:site_name\" content=\"Blog | GPI NEWS\" \/>\n<meta property=\"article:published_time\" content=\"2020-09-09T21:27:53+00:00\" \/>\n<meta property=\"article:modified_time\" content=\"2020-10-15T15:48:31+00:00\" \/>\n<meta property=\"og:image\" content=\"https:\/\/puertointerior.guanajuato.gob.mx\/blog\/wp-content\/uploads\/2020\/09\/HRX_6247-scaled.jpg\" \/>\n\t<meta property=\"og:image:width\" content=\"1024\" \/>\n\t<meta property=\"og:image:height\" content=\"683\" \/>\n\t<meta property=\"og:image:type\" content=\"image\/jpeg\" \/>\n<meta name=\"author\" content=\"Comunicaci\u00f3n GPI\" \/>\n<meta name=\"twitter:card\" content=\"summary_large_image\" \/>\n<meta name=\"twitter:label1\" content=\"Escrito por\" \/>\n\t<meta name=\"twitter:data1\" content=\"Comunicaci\u00f3n GPI\" \/>\n\t<meta name=\"twitter:label2\" content=\"Tiempo de lectura\" \/>\n\t<meta name=\"twitter:data2\" content=\"5 minutos\" \/>\n<script type=\"application\/ld+json\" class=\"yoast-schema-graph\">{\"@context\":\"https:\/\/schema.org\",\"@graph\":[{\"@type\":\"WebPage\",\"@id\":\"https:\/\/puertointerior.guanajuato.gob.mx\/blog\/2020\/09\/09\/idea-gto-sera-detonador-de-la-creatividad-y-talento-guanajuatense-gobernador\/\",\"url\":\"https:\/\/puertointerior.guanajuato.gob.mx\/blog\/2020\/09\/09\/idea-gto-sera-detonador-de-la-creatividad-y-talento-guanajuatense-gobernador\/\",\"name\":\"\u201cIDEA GTO\u201d, ser\u00e1 detonador de la creatividad y talento guanajuatense: Gobernador. - Blog | GPI NEWS\",\"isPartOf\":{\"@id\":\"https:\/\/puertointerior.guanajuato.gob.mx\/blog\/#website\"},\"primaryImageOfPage\":{\"@id\":\"https:\/\/puertointerior.guanajuato.gob.mx\/blog\/2020\/09\/09\/idea-gto-sera-detonador-de-la-creatividad-y-talento-guanajuatense-gobernador\/#primaryimage\"},\"image\":{\"@id\":\"https:\/\/puertointerior.guanajuato.gob.mx\/blog\/2020\/09\/09\/idea-gto-sera-detonador-de-la-creatividad-y-talento-guanajuatense-gobernador\/#primaryimage\"},\"thumbnailUrl\":\"https:\/\/puertointerior.guanajuato.gob.mx\/blog\/wp-content\/uploads\/2020\/09\/HRX_6247-scaled.jpg\",\"datePublished\":\"2020-09-09T21:27:53+00:00\",\"dateModified\":\"2020-10-15T15:48:31+00:00\",\"author\":{\"@id\":\"https:\/\/puertointerior.guanajuato.gob.mx\/blog\/#\/schema\/person\/ab330e4190e07b7906f6b1be6fb1b3c3\"},\"breadcrumb\":{\"@id\":\"https:\/\/puertointerior.guanajuato.gob.mx\/blog\/2020\/09\/09\/idea-gto-sera-detonador-de-la-creatividad-y-talento-guanajuatense-gobernador\/#breadcrumb\"},\"inLanguage\":\"es\",\"potentialAction\":[{\"@type\":\"ReadAction\",\"target\":[\"https:\/\/puertointerior.guanajuato.gob.mx\/blog\/2020\/09\/09\/idea-gto-sera-detonador-de-la-creatividad-y-talento-guanajuatense-gobernador\/\"]}]},{\"@type\":\"ImageObject\",\"inLanguage\":\"es\",\"@id\":\"https:\/\/puertointerior.guanajuato.gob.mx\/blog\/2020\/09\/09\/idea-gto-sera-detonador-de-la-creatividad-y-talento-guanajuatense-gobernador\/#primaryimage\",\"url\":\"https:\/\/puertointerior.guanajuato.gob.mx\/blog\/wp-content\/uploads\/2020\/09\/HRX_6247-scaled.jpg\",\"contentUrl\":\"https:\/\/puertointerior.guanajuato.gob.mx\/blog\/wp-content\/uploads\/2020\/09\/HRX_6247-scaled.jpg\",\"width\":1024,\"height\":683},{\"@type\":\"BreadcrumbList\",\"@id\":\"https:\/\/puertointerior.guanajuato.gob.mx\/blog\/2020\/09\/09\/idea-gto-sera-detonador-de-la-creatividad-y-talento-guanajuatense-gobernador\/#breadcrumb\",\"itemListElement\":[{\"@type\":\"ListItem\",\"position\":1,\"name\":\"Inicio\",\"item\":\"https:\/\/puertointerior.guanajuato.gob.mx\/blog\/\"},{\"@type\":\"ListItem\",\"position\":2,\"name\":\"\u201cIDEA GTO\u201d, ser\u00e1 detonador de la creatividad y talento guanajuatense: Gobernador.\"}]},{\"@type\":\"WebSite\",\"@id\":\"https:\/\/puertointerior.guanajuato.gob.mx\/blog\/#website\",\"url\":\"https:\/\/puertointerior.guanajuato.gob.mx\/blog\/\",\"name\":\"Blog | GPI NEWS\",\"description\":\"Guanajuato Puerto Interior\",\"potentialAction\":[{\"@type\":\"SearchAction\",\"target\":{\"@type\":\"EntryPoint\",\"urlTemplate\":\"https:\/\/puertointerior.guanajuato.gob.mx\/blog\/?s={search_term_string}\"},\"query-input\":{\"@type\":\"PropertyValueSpecification\",\"valueRequired\":true,\"valueName\":\"search_term_string\"}}],\"inLanguage\":\"es\"},{\"@type\":\"Person\",\"@id\":\"https:\/\/puertointerior.guanajuato.gob.mx\/blog\/#\/schema\/person\/ab330e4190e07b7906f6b1be6fb1b3c3\",\"name\":\"Comunicaci\u00f3n GPI\",\"image\":{\"@type\":\"ImageObject\",\"inLanguage\":\"es\",\"@id\":\"https:\/\/puertointerior.guanajuato.gob.mx\/blog\/#\/schema\/person\/image\/\",\"url\":\"https:\/\/secure.gravatar.com\/avatar\/142db9ac452d0a78206628c536dc16b736ec9aed364cae5195c096a9e8d73267?s=96&d=mm&r=g\",\"contentUrl\":\"https:\/\/secure.gravatar.com\/avatar\/142db9ac452d0a78206628c536dc16b736ec9aed364cae5195c096a9e8d73267?s=96&d=mm&r=g\",\"caption\":\"Comunicaci\u00f3n GPI\"},\"url\":\"https:\/\/puertointerior.guanajuato.gob.mx\/blog\/author\/carlos-raso\/\"}]}<\/script>\n<!-- \/ Yoast SEO plugin. -->","yoast_head_json":{"title":"\u201cIDEA GTO\u201d, ser\u00e1 detonador de la creatividad y talento guanajuatense: Gobernador. - Blog | GPI NEWS","robots":{"index":"index","follow":"follow","max-snippet":"max-snippet:-1","max-image-preview":"max-image-preview:large","max-video-preview":"max-video-preview:-1"},"canonical":"https:\/\/puertointerior.guanajuato.gob.mx\/blog\/2020\/09\/09\/idea-gto-sera-detonador-de-la-creatividad-y-talento-guanajuatense-gobernador\/","og_locale":"es_MX","og_type":"article","og_title":"\u201cIDEA GTO\u201d, ser\u00e1 detonador de la creatividad y talento guanajuatense: Gobernador. - Blog | GPI NEWS","og_description":"Presenta Mandatario el nuevo Instituto de Innovaci\u00f3n, Ciencia y Emprendimiento para la Competitividad del Estado -IDEA GTO-  Designa el Gobernador a Juan Antonio Reus como Director General de IDEA GTO.","og_url":"https:\/\/puertointerior.guanajuato.gob.mx\/blog\/2020\/09\/09\/idea-gto-sera-detonador-de-la-creatividad-y-talento-guanajuatense-gobernador\/","og_site_name":"Blog | GPI NEWS","article_published_time":"2020-09-09T21:27:53+00:00","article_modified_time":"2020-10-15T15:48:31+00:00","og_image":[{"width":1024,"height":683,"url":"https:\/\/puertointerior.guanajuato.gob.mx\/blog\/wp-content\/uploads\/2020\/09\/HRX_6247-scaled.jpg","type":"image\/jpeg"}],"author":"Comunicaci\u00f3n GPI","twitter_card":"summary_large_image","twitter_misc":{"Escrito por":"Comunicaci\u00f3n GPI","Tiempo de lectura":"5 minutos"},"schema":{"@context":"https:\/\/schema.org","@graph":[{"@type":"WebPage","@id":"https:\/\/puertointerior.guanajuato.gob.mx\/blog\/2020\/09\/09\/idea-gto-sera-detonador-de-la-creatividad-y-talento-guanajuatense-gobernador\/","url":"https:\/\/puertointerior.guanajuato.gob.mx\/blog\/2020\/09\/09\/idea-gto-sera-detonador-de-la-creatividad-y-talento-guanajuatense-gobernador\/","name":"\u201cIDEA GTO\u201d, ser\u00e1 detonador de la creatividad y talento guanajuatense: Gobernador. - Blog | GPI NEWS","isPartOf":{"@id":"https:\/\/puertointerior.guanajuato.gob.mx\/blog\/#website"},"primaryImageOfPage":{"@id":"https:\/\/puertointerior.guanajuato.gob.mx\/blog\/2020\/09\/09\/idea-gto-sera-detonador-de-la-creatividad-y-talento-guanajuatense-gobernador\/#primaryimage"},"image":{"@id":"https:\/\/puertointerior.guanajuato.gob.mx\/blog\/2020\/09\/09\/idea-gto-sera-detonador-de-la-creatividad-y-talento-guanajuatense-gobernador\/#primaryimage"},"thumbnailUrl":"https:\/\/puertointerior.guanajuato.gob.mx\/blog\/wp-content\/uploads\/2020\/09\/HRX_6247-scaled.jpg","datePublished":"2020-09-09T21:27:53+00:00","dateModified":"2020-10-15T15:48:31+00:00","author":{"@id":"https:\/\/puertointerior.guanajuato.gob.mx\/blog\/#\/schema\/person\/ab330e4190e07b7906f6b1be6fb1b3c3"},"breadcrumb":{"@id":"https:\/\/puertointerior.guanajuato.gob.mx\/blog\/2020\/09\/09\/idea-gto-sera-detonador-de-la-creatividad-y-talento-guanajuatense-gobernador\/#breadcrumb"},"inLanguage":"es","potentialAction":[{"@type":"ReadAction","target":["https:\/\/puertointerior.guanajuato.gob.mx\/blog\/2020\/09\/09\/idea-gto-sera-detonador-de-la-creatividad-y-talento-guanajuatense-gobernador\/"]}]},{"@type":"ImageObject","inLanguage":"es","@id":"https:\/\/puertointerior.guanajuato.gob.mx\/blog\/2020\/09\/09\/idea-gto-sera-detonador-de-la-creatividad-y-talento-guanajuatense-gobernador\/#primaryimage","url":"https:\/\/puertointerior.guanajuato.gob.mx\/blog\/wp-content\/uploads\/2020\/09\/HRX_6247-scaled.jpg","contentUrl":"https:\/\/puertointerior.guanajuato.gob.mx\/blog\/wp-content\/uploads\/2020\/09\/HRX_6247-scaled.jpg","width":1024,"height":683},{"@type":"BreadcrumbList","@id":"https:\/\/puertointerior.guanajuato.gob.mx\/blog\/2020\/09\/09\/idea-gto-sera-detonador-de-la-creatividad-y-talento-guanajuatense-gobernador\/#breadcrumb","itemListElement":[{"@type":"ListItem","position":1,"name":"Inicio","item":"https:\/\/puertointerior.guanajuato.gob.mx\/blog\/"},{"@type":"ListItem","position":2,"name":"\u201cIDEA GTO\u201d, ser\u00e1 detonador de la creatividad y talento guanajuatense: Gobernador."}]},{"@type":"WebSite","@id":"https:\/\/puertointerior.guanajuato.gob.mx\/blog\/#website","url":"https:\/\/puertointerior.guanajuato.gob.mx\/blog\/","name":"Blog | GPI NEWS","description":"Guanajuato Puerto Interior","potentialAction":[{"@type":"SearchAction","target":{"@type":"EntryPoint","urlTemplate":"https:\/\/puertointerior.guanajuato.gob.mx\/blog\/?s={search_term_string}"},"query-input":{"@type":"PropertyValueSpecification","valueRequired":true,"valueName":"search_term_string"}}],"inLanguage":"es"},{"@type":"Person","@id":"https:\/\/puertointerior.guanajuato.gob.mx\/blog\/#\/schema\/person\/ab330e4190e07b7906f6b1be6fb1b3c3","name":"Comunicaci\u00f3n GPI","image":{"@type":"ImageObject","inLanguage":"es","@id":"https:\/\/puertointerior.guanajuato.gob.mx\/blog\/#\/schema\/person\/image\/","url":"https:\/\/secure.gravatar.com\/avatar\/142db9ac452d0a78206628c536dc16b736ec9aed364cae5195c096a9e8d73267?s=96&d=mm&r=g","contentUrl":"https:\/\/secure.gravatar.com\/avatar\/142db9ac452d0a78206628c536dc16b736ec9aed364cae5195c096a9e8d73267?s=96&d=mm&r=g","caption":"Comunicaci\u00f3n GPI"},"url":"https:\/\/puertointerior.guanajuato.gob.mx\/blog\/author\/carlos-raso\/"}]}},"jetpack_featured_media_url":"https:\/\/puertointerior.guanajuato.gob.mx\/blog\/wp-content\/uploads\/2020\/09\/HRX_6247-scaled.jpg","jetpack_sharing_enabled":true,"jetpack_shortlink":"https:\/\/wp.me\/pcnMPA-ck","_links":{"self":[{"href":"https:\/\/puertointerior.guanajuato.gob.mx\/blog\/wp-json\/wp\/v2\/posts\/764","targetHints":{"allow":["GET"]}}],"collection":[{"href":"https:\/\/puertointerior.guanajuato.gob.mx\/blog\/wp-json\/wp\/v2\/posts"}],"about":[{"href":"https:\/\/puertointerior.guanajuato.gob.mx\/blog\/wp-json\/wp\/v2\/types\/post"}],"author":[{"embeddable":true,"href":"https:\/\/puertointerior.guanajuato.gob.mx\/blog\/wp-json\/wp\/v2\/users\/1"}],"replies":[{"embeddable":true,"href":"https:\/\/puertointerior.guanajuato.gob.mx\/blog\/wp-json\/wp\/v2\/comments?post=764"}],"version-history":[{"count":4,"href":"https:\/\/puertointerior.guanajuato.gob.mx\/blog\/wp-json\/wp\/v2\/posts\/764\/revisions"}],"predecessor-version":[{"id":802,"href":"https:\/\/puertointerior.guanajuato.gob.mx\/blog\/wp-json\/wp\/v2\/posts\/764\/revisions\/802"}],"wp:featuredmedia":[{"embeddable":true,"href":"https:\/\/puertointerior.guanajuato.gob.mx\/blog\/wp-json\/wp\/v2\/media\/765"}],"wp:attachment":[{"href":"https:\/\/puertointerior.guanajuato.gob.mx\/blog\/wp-json\/wp\/v2\/media?parent=764"}],"wp:term":[{"taxonomy":"category","embeddable":true,"href":"https:\/\/puertointerior.guanajuato.gob.mx\/blog\/wp-json\/wp\/v2\/categories?post=764"},{"taxonomy":"post_tag","embeddable":true,"href":"https:\/\/puertointerior.guanajuato.gob.mx\/blog\/wp-json\/wp\/v2\/tags?post=764"}],"curies":[{"name":"wp","href":"https:\/\/api.w.org\/{rel}","templated":true}]}}