{"id":9033,"date":"2024-02-16T14:05:51","date_gmt":"2024-02-16T19:05:51","guid":{"rendered":"https:\/\/puertointerior.guanajuato.gob.mx\/blog\/?p=9033"},"modified":"2024-02-16T14:05:51","modified_gmt":"2024-02-16T19:05:51","slug":"inversionistas-europeos-firman-proyecto-para-el-puerto-interior-2-o-puerto-seco","status":"publish","type":"post","link":"https:\/\/puertointerior.guanajuato.gob.mx\/blog\/2024\/02\/16\/inversionistas-europeos-firman-proyecto-para-el-puerto-interior-2-o-puerto-seco\/","title":{"rendered":"Inversionistas europeos firman proyecto para el Puerto Interior 2 o Puerto Seco"},"content":{"rendered":"<h3 class=\"subtitle\">Ram\u00f3n Alfaro G\u00f3mez, dijo que la inversi\u00f3n ser\u00eda 60% privada y 40% del estado.<\/h3>\n<p><b>CELAYA, Gto.-<\/b>\u00a0El gobierno del estado ya firm\u00f3 el\u00a0<b>memor\u00e1ndum de entendimiento<\/b>\u00a0con el\u00a0<b>inversionista\u00a0europeo<\/b>\u00a0para el\u00a0<b>Puerto Interior 2 o Puerto Seco<\/b>\u00a0que se construir\u00e1 en la zona sur de\u00a0<b>Celaya,<\/b>\u00a0lo que permite construir la figura jur\u00eddica de la sociedad, as\u00ed se\u00f1al\u00f3 el secretario de Desarrollo Econ\u00f3mico,\u00a0<b>Ram\u00f3n Alfaro G\u00f3mez,<\/b>\u00a0quien ampli\u00f3 que la inversi\u00f3n ser\u00eda\u00a0<b>60% privada y 40% del estado.<\/b><\/p>\n<blockquote><p>El funcionario estatal explic\u00f3 que el proyecto lo encabezar\u00e1 el\u00a0<b>Puerto Interior,<\/b>\u00a0as\u00ed se acord\u00f3 con el gobernador\u00a0<b>Diego Sinhue Rodr\u00edguez Vallejo,<\/b>\u00a0la propia Comisi\u00f3n Intersecretarial y el Consejo del propio\u00a0<b>Puerto Interior,<\/b>\u00a0que participar\u00e1 como inversionista y coordinador. \u201cYa se firm\u00f3 el memor\u00e1ndum de entendimiento entre gobierno del estado y el inversionista europeo, que nos permite construir la figura jur\u00eddica de la sociedad, cuando se tengan mayores avances se dar\u00e1n a conocer los pormenores por parte del gobernador, del inversionista\u201d.<\/p><\/blockquote>\n<p><b>En mayo<\/b>\u00a0se tiene previsto que se coloque la\u00a0<b>primera piedra<\/b>\u00a0del arranque del proyecto, en su primera etapa en las 51 hect\u00e1reas del estado y donde\u00a0<b>se invertir\u00e1n 2 mil millones de pesos,<\/b>\u00a0p\u00fablico-privado, explic\u00f3\u00a0<b>Ram\u00f3n Alfaro.<\/b><\/p>\n<p>Una vez que inicie la obra se tiene proyectado que en\u00a0<b>dos a\u00f1os quede concluida<\/b>\u00a0la primera etapa, porque ya hay empresas interesadas en instalarse en el\u00a0<b>Puerto Interior 2,<\/b>\u00a0as\u00ed lo mencion\u00f3 el secretario de Desarrollo Econ\u00f3mico,\u00a0<b>Ram\u00f3n Alfaro G\u00f3mez,<\/b>\u00a0quien no quiso dar el n\u00famero de \u00e9stas pero s\u00ed dijo que son principalmente de la regi\u00f3n, \u201cde los sectores de granos, automotriz y electrodom\u00e9sticos, son empresas de la regi\u00f3n que se van a beneficiar por toda la operaci\u00f3n log\u00edstica que les va a resolver y mejorar sus operaciones a cada una de estas empresas. Ustedes saben qu\u00e9\u00a0<b>empresas del sector automotriz<\/b>\u00a0tenemos aqu\u00ed, del sector electrodom\u00e9stico, las dos empresas del sector electrodom\u00e9stico que est\u00e1n aqu\u00ed en\u00a0<b>Celaya,\u00a0<\/b>tenemos empresas de acero y de granos\u201d.<\/p>\n<p><img decoding=\"async\" src=\"https:\/\/www.elsoldelbajio.com.mx\/local\/sio1yv-el-puerto-interior\/alternates\/FREE_720\/El-Puerto-Interior\" \/><\/p>\n<p>El Puerto Interior 2 estar\u00e1 ubicado a un costado de la carretera en los l\u00edmites con la comunidad de Rinc\u00f3n de Tamayo, muy cerca a la empresa Honda y al Ferrof\u00e9rico. | Foto: Alfonso Berber \/ El Sol del Baj\u00edo<\/p>\n<p>Es de recordar que el\u00a0<b>Puerto Interior 2<\/b>\u00a0estar\u00e1 ubicado a un costado de la carretera en los l\u00edmites con la comunidad de\u00a0<b>Rinc\u00f3n de Tamayo,<\/b>\u00a0muy cerca a la empresa\u00a0<b>Honda y al Ferrof\u00e9rico.<\/b><\/p>\n<p>Este proyecto tiene la posibilidad que crezca, a futuro, cuatro veces m\u00e1s que lo que ser\u00e1 la primera etapa que constar\u00e1 de\u00a0<b>51 hect\u00e1reas;<\/b>\u00a0\u201cnosotros tenemos que estar listos en dos a\u00f1os para empezar la operaci\u00f3n del parque, en cuanto est\u00e9 concluido el\u00a0<b>libramiento ferroviario<\/b>\u00a0el cual va estar concluido el pr\u00f3ximo a\u00f1o\u201d.<\/p>\n<h2><b>DESDE 2021 EL GOBERNADOR LO ANUNCI\u00d3<\/b><\/h2>\n<p>En octubre de\u00a0<b>2021<\/b>\u00a0el gobernador del estado\u00a0<b>Diego Sinhue Rodr\u00edguez Vallejo,<\/b>\u00a0inform\u00f3 que ya se hab\u00eda cumplido con un estudio que dur\u00f3 nueve meses, que determin\u00f3 que la viabilidad econ\u00f3mica, para la construcci\u00f3n del\u00a0<b>Puerto Interior 2 en Celaya,<\/b>\u00a0y que ya se ten\u00edan pl\u00e1ticas con varios inversionistas interesados en participar.<\/p>\n<p>En su momento, el mandatario asegur\u00f3 que el\u00a0<b>Puerto Intermodal 2<\/b>\u00a0cumplir\u00e1 con el impacto ambiental, aunque en ese tiempo no se hablaba de cantidades de recursos a invertir.<\/p>\n<p>Publicado originalmente por:\u00a0<a href=\"https:\/\/www.elsoldelbajio.com.mx\/local\/inversionistas-europeos-firman-proyecto-para-el-puerto-interior-2-o-puerto-seco-11449997.html\">https:\/\/www.elsoldelbajio.com.mx\/local\/inversionistas-europeos-firman-proyecto-para-el-puerto-interior-2-o-puerto-seco-11449997.html<\/a><\/p>\n","protected":false},"excerpt":{"rendered":"<p>Ram\u00f3n Alfaro G\u00f3mez, dijo que la inversi\u00f3n ser\u00eda 60% privada y 40% del estado. CELAYA, Gto.-\u00a0El gobierno del estado ya firm\u00f3 el\u00a0memor\u00e1ndum de entendimiento\u00a0con el\u00a0inversionista\u00a0europeo\u00a0para el\u00a0Puerto Interior 2 o Puerto Seco\u00a0que se construir\u00e1 en la zona sur de\u00a0Celaya,\u00a0lo que permite construir la figura jur\u00eddica de la sociedad, as\u00ed se\u00f1al\u00f3 el secretario de Desarrollo Econ\u00f3mico,\u00a0Ram\u00f3n Alfaro [&hellip;]<\/p>\n","protected":false},"author":2,"featured_media":9034,"comment_status":"closed","ping_status":"open","sticky":false,"template":"","format":"standard","meta":{"jetpack_post_was_ever_published":false,"_jetpack_newsletter_access":"","_jetpack_dont_email_post_to_subs":false,"_jetpack_newsletter_tier_id":0,"_jetpack_memberships_contains_paywalled_content":false,"_jetpack_memberships_contains_paid_content":false,"footnotes":""},"categories":[4],"tags":[],"class_list":["post-9033","post","type-post","status-publish","format-standard","has-post-thumbnail","hentry","category-logistics"],"yoast_head":"<!-- This site is optimized with the Yoast SEO plugin v25.7 - https:\/\/yoast.com\/wordpress\/plugins\/seo\/ -->\n<title>Inversionistas europeos firman proyecto para el Puerto Interior 2 o Puerto Seco - Blog | GPI NEWS<\/title>\n<meta name=\"robots\" content=\"index, follow, max-snippet:-1, max-image-preview:large, max-video-preview:-1\" \/>\n<link rel=\"canonical\" href=\"https:\/\/puertointerior.guanajuato.gob.mx\/blog\/2024\/02\/16\/inversionistas-europeos-firman-proyecto-para-el-puerto-interior-2-o-puerto-seco\/\" \/>\n<meta property=\"og:locale\" content=\"es_MX\" \/>\n<meta property=\"og:type\" content=\"article\" \/>\n<meta property=\"og:title\" content=\"Inversionistas europeos firman proyecto para el Puerto Interior 2 o Puerto Seco - Blog | GPI NEWS\" \/>\n<meta property=\"og:description\" content=\"Ram\u00f3n Alfaro G\u00f3mez, dijo que la inversi\u00f3n ser\u00eda 60% privada y 40% del estado. CELAYA, Gto.-\u00a0El gobierno del estado ya firm\u00f3 el\u00a0memor\u00e1ndum de entendimiento\u00a0con el\u00a0inversionista\u00a0europeo\u00a0para el\u00a0Puerto Interior 2 o Puerto Seco\u00a0que se construir\u00e1 en la zona sur de\u00a0Celaya,\u00a0lo que permite construir la figura jur\u00eddica de la sociedad, as\u00ed se\u00f1al\u00f3 el secretario de Desarrollo Econ\u00f3mico,\u00a0Ram\u00f3n Alfaro [&hellip;]\" \/>\n<meta property=\"og:url\" content=\"https:\/\/puertointerior.guanajuato.gob.mx\/blog\/2024\/02\/16\/inversionistas-europeos-firman-proyecto-para-el-puerto-interior-2-o-puerto-seco\/\" \/>\n<meta property=\"og:site_name\" content=\"Blog | GPI NEWS\" \/>\n<meta property=\"article:published_time\" content=\"2024-02-16T19:05:51+00:00\" \/>\n<meta property=\"og:image\" content=\"https:\/\/puertointerior.guanajuato.gob.mx\/blog\/wp-content\/uploads\/2024\/02\/Ya-firmo-el.jpeg\" \/>\n\t<meta property=\"og:image:width\" content=\"768\" \/>\n\t<meta property=\"og:image:height\" content=\"479\" \/>\n\t<meta property=\"og:image:type\" content=\"image\/jpeg\" \/>\n<meta name=\"author\" content=\"GPI NEWS\" \/>\n<meta name=\"twitter:card\" content=\"summary_large_image\" \/>\n<meta name=\"twitter:label1\" content=\"Escrito por\" \/>\n\t<meta name=\"twitter:data1\" content=\"GPI NEWS\" \/>\n\t<meta name=\"twitter:label2\" content=\"Tiempo de lectura\" \/>\n\t<meta name=\"twitter:data2\" content=\"3 minutos\" \/>\n<script type=\"application\/ld+json\" class=\"yoast-schema-graph\">{\"@context\":\"https:\/\/schema.org\",\"@graph\":[{\"@type\":\"WebPage\",\"@id\":\"https:\/\/puertointerior.guanajuato.gob.mx\/blog\/2024\/02\/16\/inversionistas-europeos-firman-proyecto-para-el-puerto-interior-2-o-puerto-seco\/\",\"url\":\"https:\/\/puertointerior.guanajuato.gob.mx\/blog\/2024\/02\/16\/inversionistas-europeos-firman-proyecto-para-el-puerto-interior-2-o-puerto-seco\/\",\"name\":\"Inversionistas europeos firman proyecto para el Puerto Interior 2 o Puerto Seco - Blog | GPI NEWS\",\"isPartOf\":{\"@id\":\"https:\/\/puertointerior.guanajuato.gob.mx\/blog\/#website\"},\"primaryImageOfPage\":{\"@id\":\"https:\/\/puertointerior.guanajuato.gob.mx\/blog\/2024\/02\/16\/inversionistas-europeos-firman-proyecto-para-el-puerto-interior-2-o-puerto-seco\/#primaryimage\"},\"image\":{\"@id\":\"https:\/\/puertointerior.guanajuato.gob.mx\/blog\/2024\/02\/16\/inversionistas-europeos-firman-proyecto-para-el-puerto-interior-2-o-puerto-seco\/#primaryimage\"},\"thumbnailUrl\":\"https:\/\/puertointerior.guanajuato.gob.mx\/blog\/wp-content\/uploads\/2024\/02\/Ya-firmo-el.jpeg\",\"datePublished\":\"2024-02-16T19:05:51+00:00\",\"author\":{\"@id\":\"https:\/\/puertointerior.guanajuato.gob.mx\/blog\/#\/schema\/person\/f4851bb8a48c32d7fba5285caf4ef1c4\"},\"breadcrumb\":{\"@id\":\"https:\/\/puertointerior.guanajuato.gob.mx\/blog\/2024\/02\/16\/inversionistas-europeos-firman-proyecto-para-el-puerto-interior-2-o-puerto-seco\/#breadcrumb\"},\"inLanguage\":\"es\",\"potentialAction\":[{\"@type\":\"ReadAction\",\"target\":[\"https:\/\/puertointerior.guanajuato.gob.mx\/blog\/2024\/02\/16\/inversionistas-europeos-firman-proyecto-para-el-puerto-interior-2-o-puerto-seco\/\"]}]},{\"@type\":\"ImageObject\",\"inLanguage\":\"es\",\"@id\":\"https:\/\/puertointerior.guanajuato.gob.mx\/blog\/2024\/02\/16\/inversionistas-europeos-firman-proyecto-para-el-puerto-interior-2-o-puerto-seco\/#primaryimage\",\"url\":\"https:\/\/puertointerior.guanajuato.gob.mx\/blog\/wp-content\/uploads\/2024\/02\/Ya-firmo-el.jpeg\",\"contentUrl\":\"https:\/\/puertointerior.guanajuato.gob.mx\/blog\/wp-content\/uploads\/2024\/02\/Ya-firmo-el.jpeg\",\"width\":768,\"height\":479},{\"@type\":\"BreadcrumbList\",\"@id\":\"https:\/\/puertointerior.guanajuato.gob.mx\/blog\/2024\/02\/16\/inversionistas-europeos-firman-proyecto-para-el-puerto-interior-2-o-puerto-seco\/#breadcrumb\",\"itemListElement\":[{\"@type\":\"ListItem\",\"position\":1,\"name\":\"Inicio\",\"item\":\"https:\/\/puertointerior.guanajuato.gob.mx\/blog\/\"},{\"@type\":\"ListItem\",\"position\":2,\"name\":\"Inversionistas europeos firman proyecto para el Puerto Interior 2 o Puerto Seco\"}]},{\"@type\":\"WebSite\",\"@id\":\"https:\/\/puertointerior.guanajuato.gob.mx\/blog\/#website\",\"url\":\"https:\/\/puertointerior.guanajuato.gob.mx\/blog\/\",\"name\":\"Blog | GPI NEWS\",\"description\":\"Guanajuato Puerto Interior\",\"potentialAction\":[{\"@type\":\"SearchAction\",\"target\":{\"@type\":\"EntryPoint\",\"urlTemplate\":\"https:\/\/puertointerior.guanajuato.gob.mx\/blog\/?s={search_term_string}\"},\"query-input\":{\"@type\":\"PropertyValueSpecification\",\"valueRequired\":true,\"valueName\":\"search_term_string\"}}],\"inLanguage\":\"es\"},{\"@type\":\"Person\",\"@id\":\"https:\/\/puertointerior.guanajuato.gob.mx\/blog\/#\/schema\/person\/f4851bb8a48c32d7fba5285caf4ef1c4\",\"name\":\"GPI NEWS\",\"image\":{\"@type\":\"ImageObject\",\"inLanguage\":\"es\",\"@id\":\"https:\/\/puertointerior.guanajuato.gob.mx\/blog\/#\/schema\/person\/image\/\",\"url\":\"https:\/\/secure.gravatar.com\/avatar\/612aca53a708cefc5ebe15ab0bc63c51a8ba58563e45c17848fa400e627e2717?s=96&d=mm&r=g\",\"contentUrl\":\"https:\/\/secure.gravatar.com\/avatar\/612aca53a708cefc5ebe15ab0bc63c51a8ba58563e45c17848fa400e627e2717?s=96&d=mm&r=g\",\"caption\":\"GPI NEWS\"},\"url\":\"https:\/\/puertointerior.guanajuato.gob.mx\/blog\/author\/rafa-jacinto\/\"}]}<\/script>\n<!-- \/ Yoast SEO plugin. -->","yoast_head_json":{"title":"Inversionistas europeos firman proyecto para el Puerto Interior 2 o Puerto Seco - Blog | GPI NEWS","robots":{"index":"index","follow":"follow","max-snippet":"max-snippet:-1","max-image-preview":"max-image-preview:large","max-video-preview":"max-video-preview:-1"},"canonical":"https:\/\/puertointerior.guanajuato.gob.mx\/blog\/2024\/02\/16\/inversionistas-europeos-firman-proyecto-para-el-puerto-interior-2-o-puerto-seco\/","og_locale":"es_MX","og_type":"article","og_title":"Inversionistas europeos firman proyecto para el Puerto Interior 2 o Puerto Seco - Blog | GPI NEWS","og_description":"Ram\u00f3n Alfaro G\u00f3mez, dijo que la inversi\u00f3n ser\u00eda 60% privada y 40% del estado. CELAYA, Gto.-\u00a0El gobierno del estado ya firm\u00f3 el\u00a0memor\u00e1ndum de entendimiento\u00a0con el\u00a0inversionista\u00a0europeo\u00a0para el\u00a0Puerto Interior 2 o Puerto Seco\u00a0que se construir\u00e1 en la zona sur de\u00a0Celaya,\u00a0lo que permite construir la figura jur\u00eddica de la sociedad, as\u00ed se\u00f1al\u00f3 el secretario de Desarrollo Econ\u00f3mico,\u00a0Ram\u00f3n Alfaro [&hellip;]","og_url":"https:\/\/puertointerior.guanajuato.gob.mx\/blog\/2024\/02\/16\/inversionistas-europeos-firman-proyecto-para-el-puerto-interior-2-o-puerto-seco\/","og_site_name":"Blog | GPI NEWS","article_published_time":"2024-02-16T19:05:51+00:00","og_image":[{"width":768,"height":479,"url":"https:\/\/puertointerior.guanajuato.gob.mx\/blog\/wp-content\/uploads\/2024\/02\/Ya-firmo-el.jpeg","type":"image\/jpeg"}],"author":"GPI NEWS","twitter_card":"summary_large_image","twitter_misc":{"Escrito por":"GPI NEWS","Tiempo de lectura":"3 minutos"},"schema":{"@context":"https:\/\/schema.org","@graph":[{"@type":"WebPage","@id":"https:\/\/puertointerior.guanajuato.gob.mx\/blog\/2024\/02\/16\/inversionistas-europeos-firman-proyecto-para-el-puerto-interior-2-o-puerto-seco\/","url":"https:\/\/puertointerior.guanajuato.gob.mx\/blog\/2024\/02\/16\/inversionistas-europeos-firman-proyecto-para-el-puerto-interior-2-o-puerto-seco\/","name":"Inversionistas europeos firman proyecto para el Puerto Interior 2 o Puerto Seco - Blog | GPI NEWS","isPartOf":{"@id":"https:\/\/puertointerior.guanajuato.gob.mx\/blog\/#website"},"primaryImageOfPage":{"@id":"https:\/\/puertointerior.guanajuato.gob.mx\/blog\/2024\/02\/16\/inversionistas-europeos-firman-proyecto-para-el-puerto-interior-2-o-puerto-seco\/#primaryimage"},"image":{"@id":"https:\/\/puertointerior.guanajuato.gob.mx\/blog\/2024\/02\/16\/inversionistas-europeos-firman-proyecto-para-el-puerto-interior-2-o-puerto-seco\/#primaryimage"},"thumbnailUrl":"https:\/\/puertointerior.guanajuato.gob.mx\/blog\/wp-content\/uploads\/2024\/02\/Ya-firmo-el.jpeg","datePublished":"2024-02-16T19:05:51+00:00","author":{"@id":"https:\/\/puertointerior.guanajuato.gob.mx\/blog\/#\/schema\/person\/f4851bb8a48c32d7fba5285caf4ef1c4"},"breadcrumb":{"@id":"https:\/\/puertointerior.guanajuato.gob.mx\/blog\/2024\/02\/16\/inversionistas-europeos-firman-proyecto-para-el-puerto-interior-2-o-puerto-seco\/#breadcrumb"},"inLanguage":"es","potentialAction":[{"@type":"ReadAction","target":["https:\/\/puertointerior.guanajuato.gob.mx\/blog\/2024\/02\/16\/inversionistas-europeos-firman-proyecto-para-el-puerto-interior-2-o-puerto-seco\/"]}]},{"@type":"ImageObject","inLanguage":"es","@id":"https:\/\/puertointerior.guanajuato.gob.mx\/blog\/2024\/02\/16\/inversionistas-europeos-firman-proyecto-para-el-puerto-interior-2-o-puerto-seco\/#primaryimage","url":"https:\/\/puertointerior.guanajuato.gob.mx\/blog\/wp-content\/uploads\/2024\/02\/Ya-firmo-el.jpeg","contentUrl":"https:\/\/puertointerior.guanajuato.gob.mx\/blog\/wp-content\/uploads\/2024\/02\/Ya-firmo-el.jpeg","width":768,"height":479},{"@type":"BreadcrumbList","@id":"https:\/\/puertointerior.guanajuato.gob.mx\/blog\/2024\/02\/16\/inversionistas-europeos-firman-proyecto-para-el-puerto-interior-2-o-puerto-seco\/#breadcrumb","itemListElement":[{"@type":"ListItem","position":1,"name":"Inicio","item":"https:\/\/puertointerior.guanajuato.gob.mx\/blog\/"},{"@type":"ListItem","position":2,"name":"Inversionistas europeos firman proyecto para el Puerto Interior 2 o Puerto Seco"}]},{"@type":"WebSite","@id":"https:\/\/puertointerior.guanajuato.gob.mx\/blog\/#website","url":"https:\/\/puertointerior.guanajuato.gob.mx\/blog\/","name":"Blog | GPI NEWS","description":"Guanajuato Puerto Interior","potentialAction":[{"@type":"SearchAction","target":{"@type":"EntryPoint","urlTemplate":"https:\/\/puertointerior.guanajuato.gob.mx\/blog\/?s={search_term_string}"},"query-input":{"@type":"PropertyValueSpecification","valueRequired":true,"valueName":"search_term_string"}}],"inLanguage":"es"},{"@type":"Person","@id":"https:\/\/puertointerior.guanajuato.gob.mx\/blog\/#\/schema\/person\/f4851bb8a48c32d7fba5285caf4ef1c4","name":"GPI NEWS","image":{"@type":"ImageObject","inLanguage":"es","@id":"https:\/\/puertointerior.guanajuato.gob.mx\/blog\/#\/schema\/person\/image\/","url":"https:\/\/secure.gravatar.com\/avatar\/612aca53a708cefc5ebe15ab0bc63c51a8ba58563e45c17848fa400e627e2717?s=96&d=mm&r=g","contentUrl":"https:\/\/secure.gravatar.com\/avatar\/612aca53a708cefc5ebe15ab0bc63c51a8ba58563e45c17848fa400e627e2717?s=96&d=mm&r=g","caption":"GPI NEWS"},"url":"https:\/\/puertointerior.guanajuato.gob.mx\/blog\/author\/rafa-jacinto\/"}]}},"jetpack_featured_media_url":"https:\/\/puertointerior.guanajuato.gob.mx\/blog\/wp-content\/uploads\/2024\/02\/Ya-firmo-el.jpeg","jetpack_sharing_enabled":true,"jetpack_shortlink":"https:\/\/wp.me\/pcnMPA-2lH","_links":{"self":[{"href":"https:\/\/puertointerior.guanajuato.gob.mx\/blog\/wp-json\/wp\/v2\/posts\/9033","targetHints":{"allow":["GET"]}}],"collection":[{"href":"https:\/\/puertointerior.guanajuato.gob.mx\/blog\/wp-json\/wp\/v2\/posts"}],"about":[{"href":"https:\/\/puertointerior.guanajuato.gob.mx\/blog\/wp-json\/wp\/v2\/types\/post"}],"author":[{"embeddable":true,"href":"https:\/\/puertointerior.guanajuato.gob.mx\/blog\/wp-json\/wp\/v2\/users\/2"}],"replies":[{"embeddable":true,"href":"https:\/\/puertointerior.guanajuato.gob.mx\/blog\/wp-json\/wp\/v2\/comments?post=9033"}],"version-history":[{"count":1,"href":"https:\/\/puertointerior.guanajuato.gob.mx\/blog\/wp-json\/wp\/v2\/posts\/9033\/revisions"}],"predecessor-version":[{"id":9035,"href":"https:\/\/puertointerior.guanajuato.gob.mx\/blog\/wp-json\/wp\/v2\/posts\/9033\/revisions\/9035"}],"wp:featuredmedia":[{"embeddable":true,"href":"https:\/\/puertointerior.guanajuato.gob.mx\/blog\/wp-json\/wp\/v2\/media\/9034"}],"wp:attachment":[{"href":"https:\/\/puertointerior.guanajuato.gob.mx\/blog\/wp-json\/wp\/v2\/media?parent=9033"}],"wp:term":[{"taxonomy":"category","embeddable":true,"href":"https:\/\/puertointerior.guanajuato.gob.mx\/blog\/wp-json\/wp\/v2\/categories?post=9033"},{"taxonomy":"post_tag","embeddable":true,"href":"https:\/\/puertointerior.guanajuato.gob.mx\/blog\/wp-json\/wp\/v2\/tags?post=9033"}],"curies":[{"name":"wp","href":"https:\/\/api.w.org\/{rel}","templated":true}]}}